{"id":20490,"date":"2019-02-12T12:13:53","date_gmt":"2019-02-12T16:13:53","guid":{"rendered":"http:\/\/blogdalucianaoliveira.com.br\/blog\/?p=20490"},"modified":"2019-02-12T15:53:35","modified_gmt":"2019-02-12T19:53:35","slug":"que-diferenca-faz-quem-e-o-chico-mendes-neste-momento","status":"publish","type":"post","link":"http:\/\/blogdalucianaoliveira.com.br\/blog\/2019\/02\/12\/que-diferenca-faz-quem-e-o-chico-mendes-neste-momento\/","title":{"rendered":"\u201cQue diferen\u00e7a faz quem \u00e9 o Chico Mendes neste momento?\u201d."},"content":{"rendered":"<div class=\"_1dwg _1w_m _q7o\">\n<div id=\"js_1v\" class=\"_5pbx userContent _3576\" data-ft=\"{&quot;tn&quot;:&quot;K&quot;}\">\n<div id=\"id_5c62f04fd40794031718490\" class=\"text_exposed_root text_exposed\">\n<div class=\"_1dwg _1w_m _q7o\">\n<div class=\"_3x-2\" data-ft=\"{&quot;tn&quot;:&quot;H&quot;}\">\n<div data-ft=\"{&quot;tn&quot;:&quot;H&quot;}\">\n<div class=\"mtm\">\n<div class=\"_5cq3 _1ktf\" data-ft=\"{&quot;tn&quot;:&quot;E&quot;}\">\n<div id=\"u_0_46\" class=\"_46-h _4-ep\"><img data-recalc-dims=\"1\" loading=\"lazy\" decoding=\"async\" data-attachment-id=\"20492\" data-permalink=\"http:\/\/blogdalucianaoliveira.com.br\/blog\/2019\/02\/12\/que-diferenca-faz-quem-e-o-chico-mendes-neste-momento\/2d6a8ce2-84bd-4c5c-9f40-a718f76980c3\/\" data-orig-file=\"https:\/\/i0.wp.com\/blogdalucianaoliveira.com.br\/blog\/wp-content\/uploads\/2019\/02\/2D6A8CE2-84BD-4C5C-9F40-A718F76980C3.jpeg?fit=750%2C518\" data-orig-size=\"750,518\" data-comments-opened=\"0\" data-image-meta=\"{&quot;aperture&quot;:&quot;0&quot;,&quot;credit&quot;:&quot;&quot;,&quot;camera&quot;:&quot;&quot;,&quot;caption&quot;:&quot;&quot;,&quot;created_timestamp&quot;:&quot;0&quot;,&quot;copyright&quot;:&quot;&quot;,&quot;focal_length&quot;:&quot;0&quot;,&quot;iso&quot;:&quot;0&quot;,&quot;shutter_speed&quot;:&quot;0&quot;,&quot;title&quot;:&quot;&quot;,&quot;orientation&quot;:&quot;0&quot;}\" data-image-title=\"2D6A8CE2-84BD-4C5C-9F40-A718F76980C3\" data-image-description=\"\" data-image-caption=\"\" data-medium-file=\"https:\/\/i0.wp.com\/blogdalucianaoliveira.com.br\/blog\/wp-content\/uploads\/2019\/02\/2D6A8CE2-84BD-4C5C-9F40-A718F76980C3.jpeg?fit=300%2C207\" data-large-file=\"https:\/\/i0.wp.com\/blogdalucianaoliveira.com.br\/blog\/wp-content\/uploads\/2019\/02\/2D6A8CE2-84BD-4C5C-9F40-A718F76980C3.jpeg?fit=600%2C414\" class=\"alignnone size-full wp-image-20492\" src=\"https:\/\/i0.wp.com\/blogdalucianaoliveira.com.br\/blog\/wp-content\/uploads\/2019\/02\/2D6A8CE2-84BD-4C5C-9F40-A718F76980C3.jpeg?resize=600%2C414\" alt=\"2D6A8CE2-84BD-4C5C-9F40-A718F76980C3\" width=\"600\" height=\"414\" srcset=\"https:\/\/i0.wp.com\/blogdalucianaoliveira.com.br\/blog\/wp-content\/uploads\/2019\/02\/2D6A8CE2-84BD-4C5C-9F40-A718F76980C3.jpeg?w=750 750w, https:\/\/i0.wp.com\/blogdalucianaoliveira.com.br\/blog\/wp-content\/uploads\/2019\/02\/2D6A8CE2-84BD-4C5C-9F40-A718F76980C3.jpeg?resize=300%2C207 300w, https:\/\/i0.wp.com\/blogdalucianaoliveira.com.br\/blog\/wp-content\/uploads\/2019\/02\/2D6A8CE2-84BD-4C5C-9F40-A718F76980C3.jpeg?resize=434%2C300 434w\" sizes=\"auto, (max-width: 600px) 100vw, 600px\" \/><\/div>\n<\/div>\n<\/div>\n<\/div>\n<\/div>\n<div><\/div>\n<\/div>\n<p>N\u00e3o \u00e9 fake.<\/p>\n<p>Foi o que disse o ministro do Meio Ambiente, Ricardo Salles, em entrevista ao programa &#8220;Roda Viva&#8221;, da TV Cultura.<\/p>\n<div class=\"text_exposed_show\">\n<p>Segundo noticiou O Globo, o ministro \u201cdisse que j\u00e1 ouviu refer\u00eancias positivas e negativas sobre o l\u00edder seringueiro Chico Mendes, falecido em 1988 e reconhecido internacionalmente como defensor da floresta amaz\u00f4nica.<\/p>\n<p>No final do programa, o ministro foi instado a falar sobre o l\u00edder seringueiro e, pressionado pelos entrevistadores, declarou que \u00e9 pragm\u00e1tico.\u201d<\/p>\n<p>T\u00e1 na internet pra todo mundo confirmar o que parece imposs\u00edvel de ser dito por um ministro do Meio Ambiente.<\/p>\n<p>Esse \u00e9 o ministro imbecil, CONDENADO por improbidade administrativa, escolhido pelo presidente Bolsonaro.<\/p>\n<p>Ali\u00e1s, esse presidente \u00e9 bom s\u00f3 de escolher os piores para o governo.<\/p>\n<\/div>\n<\/div>\n<\/div>\n<div class=\"_3x-2\" data-ft=\"{&quot;tn&quot;:&quot;H&quot;}\"><\/div>\n<\/div>\n","protected":false},"excerpt":{"rendered":"<p>N\u00e3o \u00e9 fake. Foi o que disse o ministro do Meio Ambiente, Ricardo Salles, em entrevista ao programa &#8220;Roda Viva&#8221;, da TV Cultura. Segundo noticiou O Globo, o ministro \u201cdisse que j\u00e1 ouviu refer\u00eancias positivas e negativas sobre o l\u00edder seringueiro Chico Mendes, falecido em 1988 e reconhecido internacionalmente como defensor da floresta amaz\u00f4nica. No&#8230;<a class=\"more-link\" href=\"http:\/\/blogdalucianaoliveira.com.br\/blog\/2019\/02\/12\/que-diferenca-faz-quem-e-o-chico-mendes-neste-momento\/\">Continue a leitura <span class=\"meta-nav\">&raquo;<\/span><\/a><\/p>\n","protected":false},"author":1,"featured_media":0,"comment_status":"closed","ping_status":"open","sticky":false,"template":"","format":"standard","meta":{"_exactmetrics_skip_tracking":false,"_exactmetrics_sitenote_active":false,"_exactmetrics_sitenote_note":"","_exactmetrics_sitenote_category":0,"jetpack_post_was_ever_published":false,"_jetpack_newsletter_access":"","_jetpack_dont_email_post_to_subs":false,"_jetpack_newsletter_tier_id":0,"_jetpack_memberships_contains_paywalled_content":false,"_jetpack_memberships_contains_paid_content":false,"footnotes":"","jetpack_publicize_message":"","jetpack_publicize_feature_enabled":true,"jetpack_social_post_already_shared":true,"jetpack_social_options":{"image_generator_settings":{"template":"highway","enabled":false},"version":2}},"categories":[1],"tags":[],"class_list":["post-20490","post","type-post","status-publish","format-standard","hentry","category-notas"],"jetpack_publicize_connections":[],"jetpack_sharing_enabled":true,"jetpack_featured_media_url":"","jetpack_shortlink":"https:\/\/wp.me\/p7wKYW-5ku","jetpack-related-posts":[],"_links":{"self":[{"href":"http:\/\/blogdalucianaoliveira.com.br\/blog\/wp-json\/wp\/v2\/posts\/20490","targetHints":{"allow":["GET"]}}],"collection":[{"href":"http:\/\/blogdalucianaoliveira.com.br\/blog\/wp-json\/wp\/v2\/posts"}],"about":[{"href":"http:\/\/blogdalucianaoliveira.com.br\/blog\/wp-json\/wp\/v2\/types\/post"}],"author":[{"embeddable":true,"href":"http:\/\/blogdalucianaoliveira.com.br\/blog\/wp-json\/wp\/v2\/users\/1"}],"replies":[{"embeddable":true,"href":"http:\/\/blogdalucianaoliveira.com.br\/blog\/wp-json\/wp\/v2\/comments?post=20490"}],"version-history":[{"count":4,"href":"http:\/\/blogdalucianaoliveira.com.br\/blog\/wp-json\/wp\/v2\/posts\/20490\/revisions"}],"predecessor-version":[{"id":20495,"href":"http:\/\/blogdalucianaoliveira.com.br\/blog\/wp-json\/wp\/v2\/posts\/20490\/revisions\/20495"}],"wp:attachment":[{"href":"http:\/\/blogdalucianaoliveira.com.br\/blog\/wp-json\/wp\/v2\/media?parent=20490"}],"wp:term":[{"taxonomy":"category","embeddable":true,"href":"http:\/\/blogdalucianaoliveira.com.br\/blog\/wp-json\/wp\/v2\/categories?post=20490"},{"taxonomy":"post_tag","embeddable":true,"href":"http:\/\/blogdalucianaoliveira.com.br\/blog\/wp-json\/wp\/v2\/tags?post=20490"}],"curies":[{"name":"wp","href":"https:\/\/api.w.org\/{rel}","templated":true}]}}