{"id":20501,"date":"2019-02-12T16:45:13","date_gmt":"2019-02-12T20:45:13","guid":{"rendered":"http:\/\/blogdalucianaoliveira.com.br\/blog\/?p=20501"},"modified":"2019-02-12T16:48:54","modified_gmt":"2019-02-12T20:48:54","slug":"ao-vivo-dialogos-capitais-bancos-publicos","status":"publish","type":"post","link":"http:\/\/blogdalucianaoliveira.com.br\/blog\/2019\/02\/12\/ao-vivo-dialogos-capitais-bancos-publicos\/","title":{"rendered":"AO VIVO: Di\u00e1logos Capitais &#8211; Bancos P\u00fablicos Sob Ataque"},"content":{"rendered":"<p><iframe loading=\"lazy\" src=\"https:\/\/www.youtube.com\/embed\/nz0LbVdjbPE\" width=\"560\" height=\"315\" frameborder=\"0\" allowfullscreen=\"allowfullscreen\"><\/iframe><\/p>\n<p>Acompanhe ao vivo o di\u00e1logo: Bancos P\u00fablicos Sob Ataque: Desafios, Riscos e Perspectivas.<!--more--><\/p>\n<p>Realiza\u00e7\u00e3o: FENAE e CartaCapital<\/p>\n<p>Neste dia 12 de fevereiro, com o tema \u201cBancos p\u00fablicos sob ataque: Desafios, Riscos e Perspectivas\u201d, Di\u00e1logos Capitais chega a Curitiba para debater propostas contra a privatiza\u00e7\u00e3o dessas institui\u00e7\u00f5es, que t\u00eam papel determinante no desenvolvimento socioecon\u00f4mico do pa\u00eds. Est\u00e3o presentes o presidente da Fenae, Jair Ferreira, o jornalista e escritor Fernando Morais, o professor Luiz Gonzaga Belluzzo, doutor em Desenvolvimento Econ\u00f4mico pela Unicamp, e o executivo da Associa\u00e7\u00e3o Brasileira da Ind\u00fastria de M\u00e1quinas e Equipamentos (Abimaq), M\u00e1rio Bernardini.<\/p>\n<p>O debate, que conta com a participa\u00e7\u00e3o do p\u00fablico, ter\u00e1 transmiss\u00e3o ao vivo no canal da CartaCapital no Youtube e na fanpage da Fenae no Facebook. Di\u00e1logos Capitais \u00e9 uma realiza\u00e7\u00e3o da Fenae em parceria com a revista Carta Capital. A primeira edi\u00e7\u00e3o de 2019 foi realizada no m\u00eas passado no Maranh\u00e3o e, em 2018, os Di\u00e1logos Capitais passaram por S\u00e3o Paulo, Belo Horizonte, Teresina, Rio de Janeiro, Salvador e Natal.<\/p>\n","protected":false},"excerpt":{"rendered":"<p>Acompanhe ao vivo o di\u00e1logo: Bancos P\u00fablicos Sob Ataque: Desafios, Riscos e Perspectivas.<\/p>\n","protected":false},"author":1,"featured_media":20502,"comment_status":"closed","ping_status":"open","sticky":false,"template":"","format":"standard","meta":{"_exactmetrics_skip_tracking":false,"_exactmetrics_sitenote_active":false,"_exactmetrics_sitenote_note":"","_exactmetrics_sitenote_category":0,"jetpack_post_was_ever_published":false,"_jetpack_newsletter_access":"","_jetpack_dont_email_post_to_subs":false,"_jetpack_newsletter_tier_id":0,"_jetpack_memberships_contains_paywalled_content":false,"_jetpack_memberships_contains_paid_content":false,"footnotes":"","jetpack_publicize_message":"","jetpack_publicize_feature_enabled":true,"jetpack_social_post_already_shared":true,"jetpack_social_options":{"image_generator_settings":{"template":"highway","enabled":false},"version":2}},"categories":[1],"tags":[350,349,348,351],"class_list":["post-20501","post","type-post","status-publish","format-standard","has-post-thumbnail","hentry","category-notas","tag-ao-vivo","tag-bancos-publicos","tag-carta-capital","tag-debate"],"jetpack_publicize_connections":[],"jetpack_sharing_enabled":true,"jetpack_featured_media_url":"https:\/\/i0.wp.com\/blogdalucianaoliveira.com.br\/blog\/wp-content\/uploads\/2019\/02\/dialogos-capitais-live.jpg?fit=900%2C750","jetpack_shortlink":"https:\/\/wp.me\/p7wKYW-5kF","jetpack-related-posts":[],"_links":{"self":[{"href":"http:\/\/blogdalucianaoliveira.com.br\/blog\/wp-json\/wp\/v2\/posts\/20501","targetHints":{"allow":["GET"]}}],"collection":[{"href":"http:\/\/blogdalucianaoliveira.com.br\/blog\/wp-json\/wp\/v2\/posts"}],"about":[{"href":"http:\/\/blogdalucianaoliveira.com.br\/blog\/wp-json\/wp\/v2\/types\/post"}],"author":[{"embeddable":true,"href":"http:\/\/blogdalucianaoliveira.com.br\/blog\/wp-json\/wp\/v2\/users\/1"}],"replies":[{"embeddable":true,"href":"http:\/\/blogdalucianaoliveira.com.br\/blog\/wp-json\/wp\/v2\/comments?post=20501"}],"version-history":[{"count":3,"href":"http:\/\/blogdalucianaoliveira.com.br\/blog\/wp-json\/wp\/v2\/posts\/20501\/revisions"}],"predecessor-version":[{"id":20505,"href":"http:\/\/blogdalucianaoliveira.com.br\/blog\/wp-json\/wp\/v2\/posts\/20501\/revisions\/20505"}],"wp:featuredmedia":[{"embeddable":true,"href":"http:\/\/blogdalucianaoliveira.com.br\/blog\/wp-json\/wp\/v2\/media\/20502"}],"wp:attachment":[{"href":"http:\/\/blogdalucianaoliveira.com.br\/blog\/wp-json\/wp\/v2\/media?parent=20501"}],"wp:term":[{"taxonomy":"category","embeddable":true,"href":"http:\/\/blogdalucianaoliveira.com.br\/blog\/wp-json\/wp\/v2\/categories?post=20501"},{"taxonomy":"post_tag","embeddable":true,"href":"http:\/\/blogdalucianaoliveira.com.br\/blog\/wp-json\/wp\/v2\/tags?post=20501"}],"curies":[{"name":"wp","href":"https:\/\/api.w.org\/{rel}","templated":true}]}}