{"id":20507,"date":"2019-02-14T11:46:51","date_gmt":"2019-02-14T15:46:51","guid":{"rendered":"http:\/\/blogdalucianaoliveira.com.br\/blog\/?p=20507"},"modified":"2019-02-14T13:32:21","modified_gmt":"2019-02-14T17:32:21","slug":"bloco-pirarucu-do-madeira-ensaia-marchinha-em-homenagem-as-escolas-de-samba","status":"publish","type":"post","link":"http:\/\/blogdalucianaoliveira.com.br\/blog\/2019\/02\/14\/bloco-pirarucu-do-madeira-ensaia-marchinha-em-homenagem-as-escolas-de-samba\/","title":{"rendered":"BLOCO PIRARUCU DO MADEIRA ENSAIA MARCHINHA EM HOMENAGEM \u00c0S ESCOLAS DE SAMBA"},"content":{"rendered":"<p><img data-recalc-dims=\"1\" loading=\"lazy\" decoding=\"async\" data-attachment-id=\"20512\" data-permalink=\"http:\/\/blogdalucianaoliveira.com.br\/blog\/2019\/02\/14\/bloco-pirarucu-do-madeira-ensaia-marchinha-em-homenagem-as-escolas-de-samba\/4979afae-f374-46cf-a00c-ced324bfe3b9\/\" data-orig-file=\"https:\/\/i0.wp.com\/blogdalucianaoliveira.com.br\/blog\/wp-content\/uploads\/2019\/02\/4979AFAE-F374-46CF-A00C-CED324BFE3B9.jpeg?fit=4032%2C2467\" data-orig-size=\"4032,2467\" data-comments-opened=\"0\" data-image-meta=\"{&quot;aperture&quot;:&quot;1.8&quot;,&quot;credit&quot;:&quot;&quot;,&quot;camera&quot;:&quot;iPhone 7&quot;,&quot;caption&quot;:&quot;&quot;,&quot;created_timestamp&quot;:&quot;1550094542&quot;,&quot;copyright&quot;:&quot;&quot;,&quot;focal_length&quot;:&quot;3.99&quot;,&quot;iso&quot;:&quot;100&quot;,&quot;shutter_speed&quot;:&quot;0.25&quot;,&quot;title&quot;:&quot;&quot;,&quot;orientation&quot;:&quot;0&quot;}\" data-image-title=\"4979AFAE-F374-46CF-A00C-CED324BFE3B9\" data-image-description=\"\" data-image-caption=\"\" data-medium-file=\"https:\/\/i0.wp.com\/blogdalucianaoliveira.com.br\/blog\/wp-content\/uploads\/2019\/02\/4979AFAE-F374-46CF-A00C-CED324BFE3B9.jpeg?fit=300%2C184\" data-large-file=\"https:\/\/i0.wp.com\/blogdalucianaoliveira.com.br\/blog\/wp-content\/uploads\/2019\/02\/4979AFAE-F374-46CF-A00C-CED324BFE3B9.jpeg?fit=600%2C367\" src=\"https:\/\/i0.wp.com\/blogdalucianaoliveira.com.br\/blog\/wp-content\/uploads\/2019\/02\/4979AFAE-F374-46CF-A00C-CED324BFE3B9.jpeg?resize=600%2C367\" alt=\"4979AFAE-F374-46CF-A00C-CED324BFE3B9\" width=\"600\" height=\"367\" class=\"alignnone size-full wp-image-20512\" srcset=\"https:\/\/i0.wp.com\/blogdalucianaoliveira.com.br\/blog\/wp-content\/uploads\/2019\/02\/4979AFAE-F374-46CF-A00C-CED324BFE3B9.jpeg?w=4032 4032w, https:\/\/i0.wp.com\/blogdalucianaoliveira.com.br\/blog\/wp-content\/uploads\/2019\/02\/4979AFAE-F374-46CF-A00C-CED324BFE3B9.jpeg?resize=300%2C184 300w, https:\/\/i0.wp.com\/blogdalucianaoliveira.com.br\/blog\/wp-content\/uploads\/2019\/02\/4979AFAE-F374-46CF-A00C-CED324BFE3B9.jpeg?resize=768%2C470 768w, https:\/\/i0.wp.com\/blogdalucianaoliveira.com.br\/blog\/wp-content\/uploads\/2019\/02\/4979AFAE-F374-46CF-A00C-CED324BFE3B9.jpeg?resize=1024%2C627 1024w, https:\/\/i0.wp.com\/blogdalucianaoliveira.com.br\/blog\/wp-content\/uploads\/2019\/02\/4979AFAE-F374-46CF-A00C-CED324BFE3B9.jpeg?resize=490%2C300 490w, https:\/\/i0.wp.com\/blogdalucianaoliveira.com.br\/blog\/wp-content\/uploads\/2019\/02\/4979AFAE-F374-46CF-A00C-CED324BFE3B9.jpeg?w=1200 1200w, https:\/\/i0.wp.com\/blogdalucianaoliveira.com.br\/blog\/wp-content\/uploads\/2019\/02\/4979AFAE-F374-46CF-A00C-CED324BFE3B9.jpeg?w=1800 1800w\" sizes=\"auto, (max-width: 600px) 100vw, 600px\" \/><\/p>\n<p>\u00c9 do trio de ouro, Bainha, Oscar e Z\u00e9 Baixinho, a marchinha do bloco que completa 26 anos e desfila no pr\u00f3ximo dia 24.<\/p>\n<p>A Banda Puraqu\u00e9 vem com 11 integrantes e ensaia para arrastar os foli\u00f5es com muita anima\u00e7\u00e3o e hist\u00f3rias do carnaval de Porto Velho em frevo, marchinha e samba.<!--more--><\/p>\n<p><em>RESPEITE A TRADI\u00c7\u00c3O<\/p>\n<p>DEIXA FALAR, DEIXA PRA L\u00c1<br \/>\nDANE-SE QUEM ME ODEIA<br \/>\nEU SOU EU, SOU CULTURA BRASILEIRA<br \/>\nSOU PIRARUCU DO MADEIRA<\/p>\n<p>MINHA FANTASIA \u00c9 S\u00c9RIA<br \/>\nMEU BLOCO RESPEITA A TRADI\u00c7\u00c3O<br \/>\nREVERENCIA AS ESCOLAS DE SAMBA DE ONTEM<br \/>\nVIVAS NO MEU CORA\u00c7\u00c3O<\/p>\n<p>POBRE DO CAIARI, VALEU CASTANHEIRA,<br \/>\nBOTO MOCIDADE E UNIDOS DO AREAL<br \/>\nMATO GROSSO, TRIANGULO N\u00c3O MORREU<br \/>\nBATE A SAUDADE NO MEU PEITO PESSOAL<br \/>\nHOJE VAMOS UNIR TODAS AS CORES<br \/>\nSEGUINDO O FAROL DO NOSSO IDEAL<br \/>\nCOM A GARRA DO TIGRE NO ASFALTO<br \/>\nMEU IMP\u00c9RIO VAI SER GENIAL<br \/>\nVAI RESSOAR L\u00c1 NA ZONA LESTE<br \/>\nUMA PRECE A S\u00c3O JO\u00c3O BATISTA<br \/>\nTIRA DO ARM\u00c1RIO O MEU TAMBORIM<br \/>\nDIPLOMATAS VAI CANTAR ASSIM.<\/em><\/p>\n<div class=\"fb-post\" data-href=\"https:\/\/www.facebook.com\/100001977379087\/posts\/2207212082688016?sfns=vcl\" data-width=\"552\"><\/div>\n<p>As Escolas de Samba ser\u00e3o representadas no desfile do bloco com seus pavilh\u00f5es, pois representam o trabalho e hist\u00f3ria da comunidade onde nasceram.<\/p>\n<p>\u201cSer\u00e1 muito simb\u00f3lico. Uma a\u00e7\u00e3o afirmativa em defesa do nosso patrim\u00f4nio cultural carnavalesco. Queremos fazer um desfile de paz e alegria para fortalecer a uni\u00e3o e reafirmar nossa resist\u00eancia como carnaval popular, afirma o presidente Ernande Segismundo.<\/p>\n<p>A concentra\u00e7\u00e3o do desfile ser\u00e1 a partir das 15 horas na Pinheiro Machado com a Rog\u00e9rio Weber.<\/p>\n<p>O bloco n\u00e3o vende abad\u00e1, n\u00e3o usa cordas para separar foli\u00f5es e a banda Puraqu\u00e9 toca com os p\u00e9s no ch\u00e3o. Esse ano ser\u00e3o dois pequenos carros de som, pois o Pirarucu cresceu ao longo de 26 anos.<\/p>\n<p><img data-recalc-dims=\"1\" loading=\"lazy\" decoding=\"async\" data-attachment-id=\"20508\" data-permalink=\"http:\/\/blogdalucianaoliveira.com.br\/blog\/2019\/02\/14\/bloco-pirarucu-do-madeira-ensaia-marchinha-em-homenagem-as-escolas-de-samba\/pirarucu_final-01\/\" data-orig-file=\"https:\/\/i0.wp.com\/blogdalucianaoliveira.com.br\/blog\/wp-content\/uploads\/2019\/02\/PIRARUCU_FINAL-01.jpg?fit=15060%2C4608\" data-orig-size=\"15060,4608\" data-comments-opened=\"0\" data-image-meta=\"{&quot;aperture&quot;:&quot;0&quot;,&quot;credit&quot;:&quot;&quot;,&quot;camera&quot;:&quot;&quot;,&quot;caption&quot;:&quot;&quot;,&quot;created_timestamp&quot;:&quot;0&quot;,&quot;copyright&quot;:&quot;&quot;,&quot;focal_length&quot;:&quot;0&quot;,&quot;iso&quot;:&quot;0&quot;,&quot;shutter_speed&quot;:&quot;0&quot;,&quot;title&quot;:&quot;&quot;,&quot;orientation&quot;:&quot;0&quot;}\" data-image-title=\"PIRARUCU_FINAL-01\" data-image-description=\"\" data-image-caption=\"\" data-medium-file=\"https:\/\/i0.wp.com\/blogdalucianaoliveira.com.br\/blog\/wp-content\/uploads\/2019\/02\/PIRARUCU_FINAL-01.jpg?fit=300%2C92\" data-large-file=\"https:\/\/i0.wp.com\/blogdalucianaoliveira.com.br\/blog\/wp-content\/uploads\/2019\/02\/PIRARUCU_FINAL-01.jpg?fit=600%2C183\" src=\"https:\/\/i0.wp.com\/blogdalucianaoliveira.com.br\/blog\/wp-content\/uploads\/2019\/02\/PIRARUCU_FINAL-01.jpg?resize=600%2C184\" alt=\"PIRARUCU_FINAL-01\" width=\"600\" height=\"184\" class=\"alignnone size-full wp-image-20508\" srcset=\"https:\/\/i0.wp.com\/blogdalucianaoliveira.com.br\/blog\/wp-content\/uploads\/2019\/02\/PIRARUCU_FINAL-01.jpg?w=15060 15060w, https:\/\/i0.wp.com\/blogdalucianaoliveira.com.br\/blog\/wp-content\/uploads\/2019\/02\/PIRARUCU_FINAL-01.jpg?resize=300%2C92 300w, https:\/\/i0.wp.com\/blogdalucianaoliveira.com.br\/blog\/wp-content\/uploads\/2019\/02\/PIRARUCU_FINAL-01.jpg?resize=768%2C235 768w, https:\/\/i0.wp.com\/blogdalucianaoliveira.com.br\/blog\/wp-content\/uploads\/2019\/02\/PIRARUCU_FINAL-01.jpg?resize=1024%2C313 1024w, https:\/\/i0.wp.com\/blogdalucianaoliveira.com.br\/blog\/wp-content\/uploads\/2019\/02\/PIRARUCU_FINAL-01.jpg?resize=800%2C245 800w, https:\/\/i0.wp.com\/blogdalucianaoliveira.com.br\/blog\/wp-content\/uploads\/2019\/02\/PIRARUCU_FINAL-01.jpg?w=1200 1200w, https:\/\/i0.wp.com\/blogdalucianaoliveira.com.br\/blog\/wp-content\/uploads\/2019\/02\/PIRARUCU_FINAL-01.jpg?w=1800 1800w\" sizes=\"auto, (max-width: 600px) 100vw, 600px\" \/><\/p>\n","protected":false},"excerpt":{"rendered":"<p>\u00c9 do trio de ouro, Bainha, Oscar e Z\u00e9 Baixinho, a marchinha do bloco que completa 26 anos e desfila no pr\u00f3ximo dia 24. A Banda Puraqu\u00e9 vem com 11 integrantes e ensaia para arrastar os foli\u00f5es com muita anima\u00e7\u00e3o e hist\u00f3rias do carnaval de Porto Velho em frevo, marchinha e samba.<\/p>\n","protected":false},"author":1,"featured_media":0,"comment_status":"closed","ping_status":"open","sticky":false,"template":"","format":"standard","meta":{"_exactmetrics_skip_tracking":false,"_exactmetrics_sitenote_active":false,"_exactmetrics_sitenote_note":"","_exactmetrics_sitenote_category":0,"jetpack_post_was_ever_published":false,"_jetpack_newsletter_access":"","_jetpack_dont_email_post_to_subs":false,"_jetpack_newsletter_tier_id":0,"_jetpack_memberships_contains_paywalled_content":false,"_jetpack_memberships_contains_paid_content":false,"footnotes":"","jetpack_publicize_message":"","jetpack_publicize_feature_enabled":true,"jetpack_social_post_already_shared":true,"jetpack_social_options":{"image_generator_settings":{"template":"highway","enabled":false},"version":2}},"categories":[1],"tags":[],"class_list":["post-20507","post","type-post","status-publish","format-standard","hentry","category-notas"],"jetpack_publicize_connections":[],"jetpack_sharing_enabled":true,"jetpack_featured_media_url":"","jetpack_shortlink":"https:\/\/wp.me\/p7wKYW-5kL","jetpack-related-posts":[],"_links":{"self":[{"href":"http:\/\/blogdalucianaoliveira.com.br\/blog\/wp-json\/wp\/v2\/posts\/20507","targetHints":{"allow":["GET"]}}],"collection":[{"href":"http:\/\/blogdalucianaoliveira.com.br\/blog\/wp-json\/wp\/v2\/posts"}],"about":[{"href":"http:\/\/blogdalucianaoliveira.com.br\/blog\/wp-json\/wp\/v2\/types\/post"}],"author":[{"embeddable":true,"href":"http:\/\/blogdalucianaoliveira.com.br\/blog\/wp-json\/wp\/v2\/users\/1"}],"replies":[{"embeddable":true,"href":"http:\/\/blogdalucianaoliveira.com.br\/blog\/wp-json\/wp\/v2\/comments?post=20507"}],"version-history":[{"count":5,"href":"http:\/\/blogdalucianaoliveira.com.br\/blog\/wp-json\/wp\/v2\/posts\/20507\/revisions"}],"predecessor-version":[{"id":20521,"href":"http:\/\/blogdalucianaoliveira.com.br\/blog\/wp-json\/wp\/v2\/posts\/20507\/revisions\/20521"}],"wp:attachment":[{"href":"http:\/\/blogdalucianaoliveira.com.br\/blog\/wp-json\/wp\/v2\/media?parent=20507"}],"wp:term":[{"taxonomy":"category","embeddable":true,"href":"http:\/\/blogdalucianaoliveira.com.br\/blog\/wp-json\/wp\/v2\/categories?post=20507"},{"taxonomy":"post_tag","embeddable":true,"href":"http:\/\/blogdalucianaoliveira.com.br\/blog\/wp-json\/wp\/v2\/tags?post=20507"}],"curies":[{"name":"wp","href":"https:\/\/api.w.org\/{rel}","templated":true}]}}