{"id":20515,"date":"2019-02-14T12:42:43","date_gmt":"2019-02-14T16:42:43","guid":{"rendered":"http:\/\/blogdalucianaoliveira.com.br\/blog\/?p=20515"},"modified":"2019-02-14T12:42:43","modified_gmt":"2019-02-14T16:42:43","slug":"entenda-a-ascensao-meteorica-do-conservador-e-retrogrado-psl","status":"publish","type":"post","link":"http:\/\/blogdalucianaoliveira.com.br\/blog\/2019\/02\/14\/entenda-a-ascensao-meteorica-do-conservador-e-retrogrado-psl\/","title":{"rendered":"Entenda a ascens\u00e3o mete\u00f3rica do conservador e retr\u00f3grado PSL"},"content":{"rendered":"<p><img data-recalc-dims=\"1\" loading=\"lazy\" decoding=\"async\" data-attachment-id=\"20516\" data-permalink=\"http:\/\/blogdalucianaoliveira.com.br\/blog\/2019\/02\/14\/entenda-a-ascensao-meteorica-do-conservador-e-retrogrado-psl\/psl\/\" data-orig-file=\"https:\/\/i0.wp.com\/blogdalucianaoliveira.com.br\/blog\/wp-content\/uploads\/2019\/02\/psl.png?fit=696%2C387\" data-orig-size=\"696,387\" data-comments-opened=\"0\" data-image-meta=\"{&quot;aperture&quot;:&quot;0&quot;,&quot;credit&quot;:&quot;&quot;,&quot;camera&quot;:&quot;&quot;,&quot;caption&quot;:&quot;&quot;,&quot;created_timestamp&quot;:&quot;0&quot;,&quot;copyright&quot;:&quot;&quot;,&quot;focal_length&quot;:&quot;0&quot;,&quot;iso&quot;:&quot;0&quot;,&quot;shutter_speed&quot;:&quot;0&quot;,&quot;title&quot;:&quot;&quot;,&quot;orientation&quot;:&quot;0&quot;}\" data-image-title=\"psl\" data-image-description=\"\" data-image-caption=\"\" data-medium-file=\"https:\/\/i0.wp.com\/blogdalucianaoliveira.com.br\/blog\/wp-content\/uploads\/2019\/02\/psl.png?fit=300%2C167\" data-large-file=\"https:\/\/i0.wp.com\/blogdalucianaoliveira.com.br\/blog\/wp-content\/uploads\/2019\/02\/psl.png?fit=600%2C334\" src=\"https:\/\/i0.wp.com\/blogdalucianaoliveira.com.br\/blog\/wp-content\/uploads\/2019\/02\/psl.png?resize=600%2C334\" alt=\"psl\" width=\"600\" height=\"334\" class=\"alignnone size-full wp-image-20516\" srcset=\"https:\/\/i0.wp.com\/blogdalucianaoliveira.com.br\/blog\/wp-content\/uploads\/2019\/02\/psl.png?w=696 696w, https:\/\/i0.wp.com\/blogdalucianaoliveira.com.br\/blog\/wp-content\/uploads\/2019\/02\/psl.png?resize=300%2C167 300w, https:\/\/i0.wp.com\/blogdalucianaoliveira.com.br\/blog\/wp-content\/uploads\/2019\/02\/psl.png?resize=540%2C300 540w\" sizes=\"auto, (max-width: 600px) 100vw, 600px\" \/><\/p>\n<p>Do Blog da Cidadania &#8211; Fundado em 1994 pela fam\u00edlia Tuma e registrado pelo TSE (Tribunal Superior Eleitoral) em 1998, o PSL (Partido Social Liberal) viu sua hist\u00f3ria mudar radicalmente em 2018, quando o hoje presidente Jair Bolsonaro acertou sua filia\u00e7\u00e3o ao partido.<\/p>\n<p>At\u00e9 o ano passado considerado uma sigla nanica, com somente oito deputado federais, o PSL foi catapultado para a segunda maior bancada neste ano, com 52 nomes na C\u00e2mara dos Deputados, atr\u00e1s apenas do PT.<!--more--><\/p>\n<p>Sem representa\u00e7\u00e3o no Senado at\u00e9 ent\u00e3o, elegeu quatro representantes na casa.<\/p>\n<p>O avan\u00e7o repentino colocou o partido, que defende uma bandeira de liberalismo na economia e que ap\u00f3s Bolsonaro passou a defender o conservadorismo nos costumes, sob os holofotes.<\/p>\n<p>Como revelou a Folha, o ministro do Turismo do estado, Marcelo \u00c1lvaro Ant\u00f4nio, que \u00e9 do partido, patrocinou um esquema de quatro candidaturas laranjas no estado de Minas Gerais, abastecidas com verba p\u00fablica do PSL.<\/p>\n<p>Al\u00e9m disso, na \u00e9poca que era presidente nacional do partido, o ministro da Secretaria-Geral da Presid\u00eancia, Gustavo Bebianno, liberou R$ 250 mil de verba p\u00fablica para a campanha de uma ex-assessora, que repassou parte do dinheiro para uma gr\u00e1fica registrada em endere\u00e7o de fachada.<\/p>\n<p>Acompanhe abaixo a trajet\u00f3ria do PSL e um raio-x do partido.<\/p>\n<p>1994<\/p>\n<p>O Partido Social Liberal foi fundado em 30 de outubro de 1994 pelo m\u00e9dico Rog\u00e9rio Tuma, filho do ex-senador Romeu Tuma, morto em 2010, que ingressou na sigla no ano seguinte. A fam\u00edlia Tuma criou o PSL com a ajuda do advogado Marc\u00edlio Lima Duarte, uma esp\u00e9cie de especialista na cria\u00e7\u00e3o de partidos que chegou a ser apelidado de \u201cman\u00edaco das siglas\u201d nos corredores do Congresso.<\/p>\n<p>1998<\/p>\n<p>O TSE aprovou o registro do PSL em 1998, um ano depois de Romeu Tuma deixar o partido e entrar no PFL (Partido da Frente Liberal). No mesmo ano, Luciano Bivar se elegeu deputado federal pelo partido e tamb\u00e9m se tornou presidente da sigla, fun\u00e7\u00e3o que continua exercendo at\u00e9 hoje. Ao longo dos anos tirou algumas licen\u00e7as do cargo, como em 2018, quando deu lugar ao hoje ministro da Secretaria-Geral da Presid\u00eancia, Gustavo Bebbiano, para se candidatar novamente \u00e0 C\u00e2mara em 2018.<\/p>\n<p>2006<\/p>\n<p>Foi o ano do lan\u00e7amento da primeira candidatura \u00e0 presid\u00eancia da Rep\u00fablica de um candidato do PSL, Luciano Bivar.<\/p>\n<p>Ele, que na \u00e9poca era presidente do time de futebol Sport Club Recife, foi integrante em seus anos de deputado federal da chamada \u201cbancada da bola\u201d, que atuava para barrar investiga\u00e7\u00f5es contra dirigentes da CBF. Candidato \u00e0 presid\u00eancia, defendeu a cria\u00e7\u00e3o do Imposto \u00danico Federal e da suspens\u00e3o da d\u00edvida externa. Teve apenas 62 mil votos.<\/p>\n<p>2015<\/p>\n<p>No final de 2015, uma ala do PSL criou o movimento Livres, tend\u00eancia interna de jovens em defesa do liberalismo econ\u00f4mico e tamb\u00e9m de liberdades individuais, como legaliza\u00e7\u00e3o da maconha e a uni\u00e3o entre pessoas do mesmo sexo. Em dois anos de atua\u00e7\u00e3o, essa corrente passou a controlar a comunica\u00e7\u00e3o da sigla e a ocupar a presid\u00eancia de mais de 10 diret\u00f3rios estaduais, ganhando o apelido de \u201cPSOL da direita\u201d pela defesa de temas pol\u00eamicos. A ala deixou o partido quando Jair Bolsonaro acertou com Luciano Bivar sua filia\u00e7\u00e3o ao PSL.<\/p>\n<p>2018<\/p>\n<p>Janeiro<\/p>\n<p>Luciano Bivar e Jair Bolsonaro anunciaram a filia\u00e7\u00e3o do ent\u00e3o deputado federal ao PSL, com o objetivo de lan\u00e7ar sua candidatura \u00e0 presid\u00eancia da Rep\u00fablica. Em 2017, Bolsonaro havia firmado compromisso semelhante com o Patriota, mas desistiu porque avaliou que teria pouco controle sobre as decis\u00f5es da sigla.<\/p>\n<p>Julho<\/p>\n<p>O nome de Jair Bolsonaro foi oficializado como candidato \u00e0 presid\u00eancia da Rep\u00fablica pelo PSL.<\/p>\n<p>Agosto<\/p>\n<p>O PSL, que at\u00e9 ent\u00e3o havia disputado com somente um nome em elei\u00e7\u00f5es para o cargo m\u00e1ximo de um estado,  lan\u00e7ou 13 candidatos a governador e 10 candidatos a vice-governador. De 680 candidatos a qualquer cargo nas elei\u00e7\u00f5es de 2014, a legenda lan\u00e7ou 1.454 nomes no ano passado.<\/p>\n<p>Setembro<\/p>\n<p>Jair Bolsonaro sofreu um atentado no dia 6 de setembro durante ato de campanha em Juiz de Fora, em Minas Gerais.<\/p>\n<p>Outubro<\/p>\n<p>Jair Bolsonaro venceu as elei\u00e7\u00f5es presidenciais no segundo turno. Impulsionado por sua popularidade, o PSL conseguiu eleger tr\u00eas governadores e emplacou 52 deputados federais e quatro senadores.<\/p>\n<p>2019<\/p>\n<p>A imagem do partido come\u00e7ou a ser abalada com revela\u00e7\u00f5es de um esquema de candidaturas laranja dentro do partido. Como revelou a Folha, o ministro do Turismo, Marcelo \u00c1lvaro Ant\u00f4nio, que \u00e9 de Minas Gerais, patrocinou um esquema de quatro candidaturas laranjas no estado abastecidas com verba p\u00fablica do PSL. Na \u00e9poca que era presidente nacional do partido, o ministro da Secretaria-Geral da Presid\u00eancia, Gustavo Bebianno, liberou R$ 250 mil de verba p\u00fablica para a campanha de uma ex-assessora, que repassou parte do dinheiro para uma gr\u00e1fica registrada em endere\u00e7o de fachada.<\/p>\n<p>RAIO-X DO PSL<\/p>\n<p>99,8 mil<\/p>\n<p>Era o n\u00famero de filiados ao partido em 2002, ano em que come\u00e7a a s\u00e9rie hist\u00f3rica do TSE (Tribunal Superior Eleitoral)<\/p>\n<p>240,4 mil<\/p>\n<p>\u00c9 o n\u00famero de filiados ao partido hoje, segundo dados do TSE<\/p>\n<p>12,7 mil<\/p>\n<p>\u00c9 o n\u00famero de novas filia\u00e7\u00f5es ao PSL depois que Jair Bolsonaro ingressou na sigla<\/p>\n<p>O PSL NO CONGRESSO  E NOS ESTADOS, ANTES E DEPOIS DE BOLSONARO<\/p>\n<p>Deputados federais<\/p>\n<p>Antes<br \/>\n8<\/p>\n<p>Depois<br \/>\n52<\/p>\n<p>Senadores<\/p>\n<p>Antes<br \/>\n0<\/p>\n<p>Depois<br \/>\n4<\/p>\n<p>Governadores<\/p>\n<p>Antes<br \/>\n0<\/p>\n<p>Depois<br \/>\n3<\/p>\n<p>Da FSP<\/p>\n","protected":false},"excerpt":{"rendered":"<p>Do Blog da Cidadania &#8211; Fundado em 1994 pela fam\u00edlia Tuma e registrado pelo TSE (Tribunal Superior Eleitoral) em 1998, o PSL (Partido Social Liberal) viu sua hist\u00f3ria mudar radicalmente em 2018, quando o hoje presidente Jair Bolsonaro acertou sua filia\u00e7\u00e3o ao partido. At\u00e9 o ano passado considerado uma sigla nanica, com somente oito deputado&#8230;<a class=\"more-link\" href=\"http:\/\/blogdalucianaoliveira.com.br\/blog\/2019\/02\/14\/entenda-a-ascensao-meteorica-do-conservador-e-retrogrado-psl\/\">Continue a leitura <span class=\"meta-nav\">&raquo;<\/span><\/a><\/p>\n","protected":false},"author":1,"featured_media":0,"comment_status":"closed","ping_status":"open","sticky":false,"template":"","format":"standard","meta":{"_exactmetrics_skip_tracking":false,"_exactmetrics_sitenote_active":false,"_exactmetrics_sitenote_note":"","_exactmetrics_sitenote_category":0,"jetpack_post_was_ever_published":false,"_jetpack_newsletter_access":"","_jetpack_dont_email_post_to_subs":false,"_jetpack_newsletter_tier_id":0,"_jetpack_memberships_contains_paywalled_content":false,"_jetpack_memberships_contains_paid_content":false,"footnotes":"","jetpack_publicize_message":"","jetpack_publicize_feature_enabled":true,"jetpack_social_post_already_shared":true,"jetpack_social_options":{"image_generator_settings":{"template":"highway","enabled":false},"version":2}},"categories":[1],"tags":[],"class_list":["post-20515","post","type-post","status-publish","format-standard","hentry","category-notas"],"jetpack_publicize_connections":[],"jetpack_sharing_enabled":true,"jetpack_featured_media_url":"","jetpack_shortlink":"https:\/\/wp.me\/p7wKYW-5kT","jetpack-related-posts":[],"_links":{"self":[{"href":"http:\/\/blogdalucianaoliveira.com.br\/blog\/wp-json\/wp\/v2\/posts\/20515","targetHints":{"allow":["GET"]}}],"collection":[{"href":"http:\/\/blogdalucianaoliveira.com.br\/blog\/wp-json\/wp\/v2\/posts"}],"about":[{"href":"http:\/\/blogdalucianaoliveira.com.br\/blog\/wp-json\/wp\/v2\/types\/post"}],"author":[{"embeddable":true,"href":"http:\/\/blogdalucianaoliveira.com.br\/blog\/wp-json\/wp\/v2\/users\/1"}],"replies":[{"embeddable":true,"href":"http:\/\/blogdalucianaoliveira.com.br\/blog\/wp-json\/wp\/v2\/comments?post=20515"}],"version-history":[{"count":1,"href":"http:\/\/blogdalucianaoliveira.com.br\/blog\/wp-json\/wp\/v2\/posts\/20515\/revisions"}],"predecessor-version":[{"id":20517,"href":"http:\/\/blogdalucianaoliveira.com.br\/blog\/wp-json\/wp\/v2\/posts\/20515\/revisions\/20517"}],"wp:attachment":[{"href":"http:\/\/blogdalucianaoliveira.com.br\/blog\/wp-json\/wp\/v2\/media?parent=20515"}],"wp:term":[{"taxonomy":"category","embeddable":true,"href":"http:\/\/blogdalucianaoliveira.com.br\/blog\/wp-json\/wp\/v2\/categories?post=20515"},{"taxonomy":"post_tag","embeddable":true,"href":"http:\/\/blogdalucianaoliveira.com.br\/blog\/wp-json\/wp\/v2\/tags?post=20515"}],"curies":[{"name":"wp","href":"https:\/\/api.w.org\/{rel}","templated":true}]}}