{"id":20533,"date":"2019-02-17T01:34:47","date_gmt":"2019-02-17T05:34:47","guid":{"rendered":"http:\/\/blogdalucianaoliveira.com.br\/blog\/?p=20533"},"modified":"2019-02-17T01:36:03","modified_gmt":"2019-02-17T05:36:03","slug":"cineasta-capixaba-vence-premio-no-festival-de-berlim","status":"publish","type":"post","link":"http:\/\/blogdalucianaoliveira.com.br\/blog\/2019\/02\/17\/cineasta-capixaba-vence-premio-no-festival-de-berlim\/","title":{"rendered":"Cineasta capixaba vence pr\u00eamio no Festival de Berlim"},"content":{"rendered":"<p><img data-recalc-dims=\"1\" decoding=\"async\" src=\"https:\/\/i0.wp.com\/seculodiario.com.br\/public\/files\/Jornalistas\/fotografia\/cultura\/ElizaCapai\/YuriAmaral_ElizaCapai_MarcelaJesus_Berlinale%281%29.jpg?w=600&#038;ssl=1\" alt=\"\" \/><\/p>\n<p>&nbsp;<\/p>\n<p>Filme sobre protestos estudantis rendeu a Eliza Capai pr\u00eamio de Direitos Humanos da Anistia Internacional<!--more--><\/p>\n<p>Uma cineasta capixaba acaba de conquistar um pr\u00eamio num dos mais importantes eventos\u00a0do cinema internacional, o Festival de Berlim (Berlinale), que teve sua 69\u00aa edi\u00e7\u00e3o na capital alem\u00e3. Eliza Capai dirigiu o filme <em>Espero tua (re)volta<\/em>, que aborda as ocupa\u00e7\u00f5es de escolas em S\u00e3o Paulo em 2015 a partir do ponto de vista de tr\u00eas estudantes.<\/p>\n<p dir=\"ltr\">\u201cGrande aplauso para esse filme forte com extrema import\u00e2ncia pol\u00edtica!\u201d, anunciou o festival em suas redes sociais. O filme foi bastante aplaudido em sess\u00f5es lotadas durante suas exibi\u00e7\u00f5es em Berlim. <em>Espero tua (re)volta <\/em>ainda est\u00e1 entre os 17 filmes que concorrem ao Gash\u00fctte Original &#8211; Documentary Award, pr\u00eamio de Melhor Document\u00e1rio do Festival, que ser\u00e1 entregue na noite deste s\u00e1bado. Eliza Capai est\u00e1 em Berlim acompanhada do montador do filme, Yuri Amaral, e de uma das personagens protagonistas, Marcela Jesus.<\/p>\n<p dir=\"ltr\">Ela j\u00e1 havia lan\u00e7ado outro document\u00e1rio chamado <em>#Resist\u00eancia,\u00a0<\/em>em que acompanhou de perto as ocupa\u00e7\u00f5es dos estudantes secundaristas. Retomou o assunto anos depois buscando compreender o fen\u00f4meno depois que a poeira baixou. \u201cO longa-metragem documental<em>Espero tua revolta<\/em> pretende compreender esta forma de luta, as ocupa\u00e7\u00f5es e suas\u00a0principais bandeiras: as discuss\u00f5es de feminismo e g\u00eanero, de centro x periferia, de m\u00eddia, racismo e representatividade. O document\u00e1rio acompanha\u00a0tr\u00eas de seus protagonistas e tamb\u00e9m utiliza\u00a0imagens de arquivo das grandes manifesta\u00e7\u00f5es de 2013 at\u00e9 hoje\u201d, diz a apresenta\u00e7\u00e3o do filme. Confira o trailer abaixo:<\/p>\n<div class=\"youtube-embed-wrapper\"><iframe loading=\"lazy\" src=\"https:\/\/www.youtube.com\/embed\/DIA5N72zi4Q\" width=\"640\" height=\"360\" frameborder=\"0\" allowfullscreen=\"allowfullscreen\" data-mce-fragment=\"1\"><\/iframe><\/div>\n<p dir=\"ltr\">De l\u00e1 para c\u00e1, por\u00e9m, muita coisa mudou. De Berlim, Eliza falou sobre isso em entrevista para o <em>Estado de S.Paulo<\/em>: &#8220;Fazer o filme foi dif\u00edcil, mas nem nos piores pesadelos eu poderia imaginar que o filme ficaria pronto em condi\u00e7\u00f5es t\u00e3o adversas. \u00c9 uma honra estar aqui e protestar, para o mundo, contra o governo homof\u00f3bico, racista e contra as mulheres que se instalou no Pa\u00eds&#8221;.<\/p>\n<p dir=\"ltr\">Com o pr\u00eamio da Anistia Internacional, de 5 mil euros, a diretora diz que pretende fazer um lan\u00e7amento independente do filme no Brasil, ainda sem data prevista. &#8220;Sempre sonhei com um lan\u00e7amento alternativo, para que o filme chegasse ao seu p\u00fablico e, com o apoio da Anistia, acho que vamos conseguir isso. P\u00f5e no jornal, por favor, para que o Brasil saiba da import\u00e2ncia desse pr\u00eamio. Somos independentes. Precisamos de todo apoio para fazer e lan\u00e7ar nossos filmes&#8221;.<\/p>\n<p dir=\"ltr\">Nascida em Vit\u00f3ria e filha do fot\u00f3grafo Humberto Capai e da artista pl\u00e1stica e educadora C\u00e9lia Ribeiro, Eliza se formou em Jornalismo na Escola de Comunica\u00e7\u00e3o e Artes da Universidade de S\u00e3o Paulo (ECA\/USP) e construiu sua carreira com foco na produ\u00e7\u00e3o de document\u00e1rios no Brasil e pelo mundo.<\/p>\n","protected":false},"excerpt":{"rendered":"<p>&nbsp; Filme sobre protestos estudantis rendeu a Eliza Capai pr\u00eamio de Direitos Humanos da Anistia Internacional<\/p>\n","protected":false},"author":1,"featured_media":0,"comment_status":"closed","ping_status":"open","sticky":false,"template":"","format":"standard","meta":{"_exactmetrics_skip_tracking":false,"_exactmetrics_sitenote_active":false,"_exactmetrics_sitenote_note":"","_exactmetrics_sitenote_category":0,"jetpack_post_was_ever_published":false,"_jetpack_newsletter_access":"","_jetpack_dont_email_post_to_subs":false,"_jetpack_newsletter_tier_id":0,"_jetpack_memberships_contains_paywalled_content":false,"_jetpack_memberships_contains_paid_content":false,"footnotes":"","jetpack_publicize_message":"","jetpack_publicize_feature_enabled":true,"jetpack_social_post_already_shared":true,"jetpack_social_options":{"image_generator_settings":{"template":"highway","enabled":false},"version":2}},"categories":[1],"tags":[],"class_list":["post-20533","post","type-post","status-publish","format-standard","hentry","category-notas"],"jetpack_publicize_connections":[],"jetpack_sharing_enabled":true,"jetpack_featured_media_url":"","jetpack_shortlink":"https:\/\/wp.me\/p7wKYW-5lb","jetpack-related-posts":[],"_links":{"self":[{"href":"http:\/\/blogdalucianaoliveira.com.br\/blog\/wp-json\/wp\/v2\/posts\/20533","targetHints":{"allow":["GET"]}}],"collection":[{"href":"http:\/\/blogdalucianaoliveira.com.br\/blog\/wp-json\/wp\/v2\/posts"}],"about":[{"href":"http:\/\/blogdalucianaoliveira.com.br\/blog\/wp-json\/wp\/v2\/types\/post"}],"author":[{"embeddable":true,"href":"http:\/\/blogdalucianaoliveira.com.br\/blog\/wp-json\/wp\/v2\/users\/1"}],"replies":[{"embeddable":true,"href":"http:\/\/blogdalucianaoliveira.com.br\/blog\/wp-json\/wp\/v2\/comments?post=20533"}],"version-history":[{"count":3,"href":"http:\/\/blogdalucianaoliveira.com.br\/blog\/wp-json\/wp\/v2\/posts\/20533\/revisions"}],"predecessor-version":[{"id":20536,"href":"http:\/\/blogdalucianaoliveira.com.br\/blog\/wp-json\/wp\/v2\/posts\/20533\/revisions\/20536"}],"wp:attachment":[{"href":"http:\/\/blogdalucianaoliveira.com.br\/blog\/wp-json\/wp\/v2\/media?parent=20533"}],"wp:term":[{"taxonomy":"category","embeddable":true,"href":"http:\/\/blogdalucianaoliveira.com.br\/blog\/wp-json\/wp\/v2\/categories?post=20533"},{"taxonomy":"post_tag","embeddable":true,"href":"http:\/\/blogdalucianaoliveira.com.br\/blog\/wp-json\/wp\/v2\/tags?post=20533"}],"curies":[{"name":"wp","href":"https:\/\/api.w.org\/{rel}","templated":true}]}}