{"id":20541,"date":"2019-02-17T11:29:33","date_gmt":"2019-02-17T15:29:33","guid":{"rendered":"http:\/\/blogdalucianaoliveira.com.br\/blog\/?p=20541"},"modified":"2019-02-17T11:34:26","modified_gmt":"2019-02-17T15:34:26","slug":"acre-e-distritos-de-porto-velho-correm-risco-de-isolamento-por-causa-das-chuvas","status":"publish","type":"post","link":"http:\/\/blogdalucianaoliveira.com.br\/blog\/2019\/02\/17\/acre-e-distritos-de-porto-velho-correm-risco-de-isolamento-por-causa-das-chuvas\/","title":{"rendered":"Acre e distritos de Porto Velho correm risco de isolamento por causa das chuvas"},"content":{"rendered":"<div class=\"fb-post\" data-href=\"https:\/\/www.facebook.com\/100001977379087\/posts\/2212167005525857\/\" data-width=\"552\"><\/div>\n<p>O Acre novamente sob risco de isolamento por conta do per\u00edodo chuvoso. <\/p>\n<p>Olha como est\u00e1 a BR-364 que liga o Estado vizinho ao restante do pa\u00eds.<!--more--><\/p>\n<p>Os distritos de Porto Velho ao longo da BR-365 no sentido Acre, tamb\u00e9m est\u00e3o muito prejudicados. Mas, l\u00e1, pol\u00edticos s\u00f3 andam em busca de votos. <\/p>\n<p>Em 2014 a cheia hist\u00f3rica deixou submersa a pista. <\/p>\n<p>Quatro anos depois come\u00e7aram os trabalhos de eleva\u00e7\u00e3o e pelo que vemos o c\u00e1lculo sempre subestima o volume das nossas chuvas. <\/p>\n<p>O ramal que d\u00e1 acesso ao distrito de Fortaleza do Abun\u00e3 j\u00e1 est\u00e1 debaixo d\u2019\u00c1gua. <\/p>\n<p><img data-recalc-dims=\"1\" loading=\"lazy\" decoding=\"async\" data-attachment-id=\"20546\" data-permalink=\"http:\/\/blogdalucianaoliveira.com.br\/blog\/2019\/02\/17\/acre-e-distritos-de-porto-velho-correm-risco-de-isolamento-por-causa-das-chuvas\/3a02ad7c-ad63-4f63-80e3-47e0fbe83863\/\" data-orig-file=\"https:\/\/i0.wp.com\/blogdalucianaoliveira.com.br\/blog\/wp-content\/uploads\/2019\/02\/3A02AD7C-AD63-4F63-80E3-47E0FBE83863.jpeg?fit=581%2C1032\" data-orig-size=\"581,1032\" data-comments-opened=\"0\" data-image-meta=\"{&quot;aperture&quot;:&quot;0&quot;,&quot;credit&quot;:&quot;&quot;,&quot;camera&quot;:&quot;&quot;,&quot;caption&quot;:&quot;&quot;,&quot;created_timestamp&quot;:&quot;0&quot;,&quot;copyright&quot;:&quot;&quot;,&quot;focal_length&quot;:&quot;0&quot;,&quot;iso&quot;:&quot;0&quot;,&quot;shutter_speed&quot;:&quot;0&quot;,&quot;title&quot;:&quot;&quot;,&quot;orientation&quot;:&quot;0&quot;}\" data-image-title=\"3A02AD7C-AD63-4F63-80E3-47E0FBE83863\" data-image-description=\"\" data-image-caption=\"\" data-medium-file=\"https:\/\/i0.wp.com\/blogdalucianaoliveira.com.br\/blog\/wp-content\/uploads\/2019\/02\/3A02AD7C-AD63-4F63-80E3-47E0FBE83863.jpeg?fit=169%2C300\" data-large-file=\"https:\/\/i0.wp.com\/blogdalucianaoliveira.com.br\/blog\/wp-content\/uploads\/2019\/02\/3A02AD7C-AD63-4F63-80E3-47E0FBE83863.jpeg?fit=576%2C1024\" src=\"https:\/\/i0.wp.com\/blogdalucianaoliveira.com.br\/blog\/wp-content\/uploads\/2019\/02\/3A02AD7C-AD63-4F63-80E3-47E0FBE83863.jpeg?resize=581%2C1032\" alt=\"3A02AD7C-AD63-4F63-80E3-47E0FBE83863\" width=\"581\" height=\"1032\" class=\"alignnone size-full wp-image-20546\" srcset=\"https:\/\/i0.wp.com\/blogdalucianaoliveira.com.br\/blog\/wp-content\/uploads\/2019\/02\/3A02AD7C-AD63-4F63-80E3-47E0FBE83863.jpeg?w=581 581w, https:\/\/i0.wp.com\/blogdalucianaoliveira.com.br\/blog\/wp-content\/uploads\/2019\/02\/3A02AD7C-AD63-4F63-80E3-47E0FBE83863.jpeg?resize=169%2C300 169w, https:\/\/i0.wp.com\/blogdalucianaoliveira.com.br\/blog\/wp-content\/uploads\/2019\/02\/3A02AD7C-AD63-4F63-80E3-47E0FBE83863.jpeg?resize=576%2C1024 576w\" sizes=\"auto, (max-width: 581px) 100vw, 581px\" \/><\/p>\n<p>At\u00e9 o final de abril ainda tem muita chuva pela frente.<\/p>\n<p>O governo do Acre j\u00e1 decretou situa\u00e7\u00e3o de aten\u00e7\u00e3o \u201cpor conta da cheia do Rio Madeira, em Porto Velho, e da possibilidade de transbordo do manancial em trechos da BR-364, que liga o Acre ao estado de Rond\u00f4nia.<br \/>\nO documento foi publicado na edi\u00e7\u00e3o desta sexta-feira (15) do Di\u00e1rio Oficial do Estado (DOE).\u201d<\/p>\n","protected":false},"excerpt":{"rendered":"<p>O Acre novamente sob risco de isolamento por conta do per\u00edodo chuvoso. Olha como est\u00e1 a BR-364 que liga o Estado vizinho ao restante do pa\u00eds.<\/p>\n","protected":false},"author":1,"featured_media":0,"comment_status":"closed","ping_status":"open","sticky":false,"template":"","format":"standard","meta":{"_exactmetrics_skip_tracking":false,"_exactmetrics_sitenote_active":false,"_exactmetrics_sitenote_note":"","_exactmetrics_sitenote_category":0,"jetpack_post_was_ever_published":false,"_jetpack_newsletter_access":"","_jetpack_dont_email_post_to_subs":false,"_jetpack_newsletter_tier_id":0,"_jetpack_memberships_contains_paywalled_content":false,"_jetpack_memberships_contains_paid_content":false,"footnotes":"","jetpack_publicize_message":"","jetpack_publicize_feature_enabled":true,"jetpack_social_post_already_shared":true,"jetpack_social_options":{"image_generator_settings":{"template":"highway","enabled":false},"version":2}},"categories":[1],"tags":[],"class_list":["post-20541","post","type-post","status-publish","format-standard","hentry","category-notas"],"jetpack_publicize_connections":[],"jetpack_sharing_enabled":true,"jetpack_featured_media_url":"","jetpack_shortlink":"https:\/\/wp.me\/p7wKYW-5lj","jetpack-related-posts":[],"_links":{"self":[{"href":"http:\/\/blogdalucianaoliveira.com.br\/blog\/wp-json\/wp\/v2\/posts\/20541","targetHints":{"allow":["GET"]}}],"collection":[{"href":"http:\/\/blogdalucianaoliveira.com.br\/blog\/wp-json\/wp\/v2\/posts"}],"about":[{"href":"http:\/\/blogdalucianaoliveira.com.br\/blog\/wp-json\/wp\/v2\/types\/post"}],"author":[{"embeddable":true,"href":"http:\/\/blogdalucianaoliveira.com.br\/blog\/wp-json\/wp\/v2\/users\/1"}],"replies":[{"embeddable":true,"href":"http:\/\/blogdalucianaoliveira.com.br\/blog\/wp-json\/wp\/v2\/comments?post=20541"}],"version-history":[{"count":5,"href":"http:\/\/blogdalucianaoliveira.com.br\/blog\/wp-json\/wp\/v2\/posts\/20541\/revisions"}],"predecessor-version":[{"id":20547,"href":"http:\/\/blogdalucianaoliveira.com.br\/blog\/wp-json\/wp\/v2\/posts\/20541\/revisions\/20547"}],"wp:attachment":[{"href":"http:\/\/blogdalucianaoliveira.com.br\/blog\/wp-json\/wp\/v2\/media?parent=20541"}],"wp:term":[{"taxonomy":"category","embeddable":true,"href":"http:\/\/blogdalucianaoliveira.com.br\/blog\/wp-json\/wp\/v2\/categories?post=20541"},{"taxonomy":"post_tag","embeddable":true,"href":"http:\/\/blogdalucianaoliveira.com.br\/blog\/wp-json\/wp\/v2\/tags?post=20541"}],"curies":[{"name":"wp","href":"https:\/\/api.w.org\/{rel}","templated":true}]}}