{"id":20548,"date":"2019-02-17T11:42:26","date_gmt":"2019-02-17T15:42:26","guid":{"rendered":"http:\/\/blogdalucianaoliveira.com.br\/blog\/?p=20548"},"modified":"2019-02-17T11:42:26","modified_gmt":"2019-02-17T15:42:26","slug":"eram-tantas-vezes-um-povo-um-governo-e-um-burro","status":"publish","type":"post","link":"http:\/\/blogdalucianaoliveira.com.br\/blog\/2019\/02\/17\/eram-tantas-vezes-um-povo-um-governo-e-um-burro\/","title":{"rendered":"Eram tantas vezes um povo, um governo e um burro"},"content":{"rendered":"<p><img data-recalc-dims=\"1\" loading=\"lazy\" decoding=\"async\" data-attachment-id=\"20549\" data-permalink=\"http:\/\/blogdalucianaoliveira.com.br\/blog\/2019\/02\/17\/eram-tantas-vezes-um-povo-um-governo-e-um-burro\/f745243d-d8fc-48e7-9658-3187bfd3f6e0\/\" data-orig-file=\"https:\/\/i0.wp.com\/blogdalucianaoliveira.com.br\/blog\/wp-content\/uploads\/2019\/02\/F745243D-D8FC-48E7-9658-3187BFD3F6E0.jpeg?fit=299%2C168\" data-orig-size=\"299,168\" data-comments-opened=\"0\" data-image-meta=\"{&quot;aperture&quot;:&quot;0&quot;,&quot;credit&quot;:&quot;&quot;,&quot;camera&quot;:&quot;&quot;,&quot;caption&quot;:&quot;&quot;,&quot;created_timestamp&quot;:&quot;0&quot;,&quot;copyright&quot;:&quot;&quot;,&quot;focal_length&quot;:&quot;0&quot;,&quot;iso&quot;:&quot;0&quot;,&quot;shutter_speed&quot;:&quot;0&quot;,&quot;title&quot;:&quot;&quot;,&quot;orientation&quot;:&quot;0&quot;}\" data-image-title=\"F745243D-D8FC-48E7-9658-3187BFD3F6E0\" data-image-description=\"\" data-image-caption=\"\" data-medium-file=\"https:\/\/i0.wp.com\/blogdalucianaoliveira.com.br\/blog\/wp-content\/uploads\/2019\/02\/F745243D-D8FC-48E7-9658-3187BFD3F6E0.jpeg?fit=299%2C168\" data-large-file=\"https:\/\/i0.wp.com\/blogdalucianaoliveira.com.br\/blog\/wp-content\/uploads\/2019\/02\/F745243D-D8FC-48E7-9658-3187BFD3F6E0.jpeg?fit=299%2C168\" src=\"https:\/\/i0.wp.com\/blogdalucianaoliveira.com.br\/blog\/wp-content\/uploads\/2019\/02\/F745243D-D8FC-48E7-9658-3187BFD3F6E0.jpeg?resize=299%2C168\" alt=\"F745243D-D8FC-48E7-9658-3187BFD3F6E0\" width=\"299\" height=\"168\" class=\"alignnone size-full wp-image-20549\" \/><\/p>\n<p>E conta que o povo tinha um bom burro, sua for\u00e7a de trabalho. E, para zelar por ele, tinha o governo. Isto \u00e9, o governo recebia para cuidar do burro do povo. E, bem ou mal, era o que ele fazia, mesmo.<!--more--><\/p>\n<p>Um dia, precisaram ir daqui para l\u00e1. Ent\u00e3o, o governo prop\u00f4s um arranjo: subiu nas costas do burro do povo, deixando-o a p\u00e9 e a levar as duas malas. E se foram, tranquilos.<\/p>\n<p>Ao desviarem o caminho para beber \u00e1gua num riacho, a lavadeira que lavava a roupa estranhou o arranjo e perguntou:<\/p>\n<p>\u2013 Que animal bonito! De quem \u00e9 esse burro?<\/p>\n<p>\u2013 \u00c9 meu, disse o povo.<\/p>\n<p>\u2013 Olha, n\u00e3o que eu queira me meter na vida de voc\u00eas, mas, se \u00e9 seu, por que \u00e9 ele (o governo) quem est\u00e1 montado neste burro?<\/p>\n<p>O governo ficou irritado: n\u00e3o haveria de ser uma simples lavadeira a ter autoridade para questionar o arranjo que funcionava t\u00e3o bem. Por\u00e9m, diante da d\u00favida do povo, mudaram as posi\u00e7\u00f5es. Agora, as malas foram para o lombo do burro e o burro foi para as costas do povo. O governo trilhou ao lado de ambos, at\u00e9 um pouco distante para n\u00e3o dar muito na vista (era, afinal, um governo com pruridos).<\/p>\n<p>Ao desviarem o caminho para sentar \u00e0 sombra da \u00e1rvore para um lanche, o pastor que pastoreava ovelhas estranhou o arranjo e perguntou:<\/p>\n<p>\u2013 Que animal bonito! De quem \u00e9 esse burro?<\/p>\n<p>\u2013 \u00c9 meu, arfou o povo, momentaneamente aliviado do peso daquela burrice toda.<\/p>\n<p>\u2013 Olha, n\u00e3o que eu queira me meter na vida de voc\u00eas, mas por que tanta carga est\u00e1 pesando nas costas do povo?<\/p>\n<p>O governo ficou irritado outra vez: n\u00e3o haveria de ser um simples pastor a ter autoridade para questionar o arranjo que funcionava t\u00e3o bem. Por\u00e9m, diante da d\u00favida do povo, mudaram as posi\u00e7\u00f5es. Agora, o burro, o governo e o povo andaram lado a lado, a mala do governo sobre o lombo do burro, o povo levando sua bagagem.<\/p>\n<p>Ao chegarem no destino, o dono da venda que vendia v\u00edveres estranhou a maneira de viajarem e perguntou:<\/p>\n<p>\u2013 Que animal bonito! De quem \u00e9 esse burro?<\/p>\n<p>\u2013 \u00c9 meu, n\u00e9?, duvidou o povo, consultando o governo com os olhos.<\/p>\n<p>\u2013 Olha, n\u00e3o que eu queira me meter na vida de voc\u00eas, mas por que n\u00e3o usam essa for\u00e7a toda para aliviar o fardo do povo?<\/p>\n<p>A\u00ed o governo perdeu as estribeiras de vez: parece que todo mundo resolvera ter autoridade para questionar o arranjo que funcionava t\u00e3o harmoniosamente. Ainda bem que j\u00e1 haviam chegado ao fim da f\u00e1bula.<\/p>\n<p>Imoral da hist\u00f3ria: o \u00fanico que, diante do \u00f3bvio, nunca tem d\u00favidas sobre os arranjos do governo \u00e9 o burro.<\/p>\n<p>Rubem Penz<\/p>\n","protected":false},"excerpt":{"rendered":"<p>E conta que o povo tinha um bom burro, sua for\u00e7a de trabalho. E, para zelar por ele, tinha o governo. Isto \u00e9, o governo recebia para cuidar do burro do povo. E, bem ou mal, era o que ele fazia, mesmo.<\/p>\n","protected":false},"author":1,"featured_media":0,"comment_status":"closed","ping_status":"open","sticky":false,"template":"","format":"standard","meta":{"_exactmetrics_skip_tracking":false,"_exactmetrics_sitenote_active":false,"_exactmetrics_sitenote_note":"","_exactmetrics_sitenote_category":0,"jetpack_post_was_ever_published":false,"_jetpack_newsletter_access":"","_jetpack_dont_email_post_to_subs":false,"_jetpack_newsletter_tier_id":0,"_jetpack_memberships_contains_paywalled_content":false,"_jetpack_memberships_contains_paid_content":false,"footnotes":"","jetpack_publicize_message":"","jetpack_publicize_feature_enabled":true,"jetpack_social_post_already_shared":true,"jetpack_social_options":{"image_generator_settings":{"template":"highway","enabled":false},"version":2}},"categories":[1],"tags":[],"class_list":["post-20548","post","type-post","status-publish","format-standard","hentry","category-notas"],"jetpack_publicize_connections":[],"jetpack_sharing_enabled":true,"jetpack_featured_media_url":"","jetpack_shortlink":"https:\/\/wp.me\/p7wKYW-5lq","jetpack-related-posts":[],"_links":{"self":[{"href":"http:\/\/blogdalucianaoliveira.com.br\/blog\/wp-json\/wp\/v2\/posts\/20548","targetHints":{"allow":["GET"]}}],"collection":[{"href":"http:\/\/blogdalucianaoliveira.com.br\/blog\/wp-json\/wp\/v2\/posts"}],"about":[{"href":"http:\/\/blogdalucianaoliveira.com.br\/blog\/wp-json\/wp\/v2\/types\/post"}],"author":[{"embeddable":true,"href":"http:\/\/blogdalucianaoliveira.com.br\/blog\/wp-json\/wp\/v2\/users\/1"}],"replies":[{"embeddable":true,"href":"http:\/\/blogdalucianaoliveira.com.br\/blog\/wp-json\/wp\/v2\/comments?post=20548"}],"version-history":[{"count":1,"href":"http:\/\/blogdalucianaoliveira.com.br\/blog\/wp-json\/wp\/v2\/posts\/20548\/revisions"}],"predecessor-version":[{"id":20550,"href":"http:\/\/blogdalucianaoliveira.com.br\/blog\/wp-json\/wp\/v2\/posts\/20548\/revisions\/20550"}],"wp:attachment":[{"href":"http:\/\/blogdalucianaoliveira.com.br\/blog\/wp-json\/wp\/v2\/media?parent=20548"}],"wp:term":[{"taxonomy":"category","embeddable":true,"href":"http:\/\/blogdalucianaoliveira.com.br\/blog\/wp-json\/wp\/v2\/categories?post=20548"},{"taxonomy":"post_tag","embeddable":true,"href":"http:\/\/blogdalucianaoliveira.com.br\/blog\/wp-json\/wp\/v2\/tags?post=20548"}],"curies":[{"name":"wp","href":"https:\/\/api.w.org\/{rel}","templated":true}]}}