{"id":2055,"date":"2016-07-01T09:09:58","date_gmt":"2016-07-01T13:09:58","guid":{"rendered":"http:\/\/blogdalucianaoliveira.com.br\/blog\/?p=2055"},"modified":"2016-07-01T09:09:58","modified_gmt":"2016-07-01T13:09:58","slug":"70-anos-alceu-valenca-a-forca-da-cabeleira","status":"publish","type":"post","link":"http:\/\/blogdalucianaoliveira.com.br\/blog\/2016\/07\/01\/70-anos-alceu-valenca-a-forca-da-cabeleira\/","title":{"rendered":"70 anos: Alceu Valen\u00e7a: a for\u00e7a da cabeleira"},"content":{"rendered":"<p><img data-recalc-dims=\"1\" loading=\"lazy\" decoding=\"async\" data-attachment-id=\"2059\" data-permalink=\"http:\/\/blogdalucianaoliveira.com.br\/blog\/2016\/07\/01\/70-anos-alceu-valenca-a-forca-da-cabeleira\/image-449\/\" data-orig-file=\"https:\/\/i0.wp.com\/blogdalucianaoliveira.com.br\/blog\/wp-content\/uploads\/2016\/07\/image-3.jpeg?fit=768%2C512\" data-orig-size=\"768,512\" data-comments-opened=\"0\" data-image-meta=\"{&quot;aperture&quot;:&quot;0&quot;,&quot;credit&quot;:&quot;&quot;,&quot;camera&quot;:&quot;&quot;,&quot;caption&quot;:&quot;&quot;,&quot;created_timestamp&quot;:&quot;0&quot;,&quot;copyright&quot;:&quot;&quot;,&quot;focal_length&quot;:&quot;0&quot;,&quot;iso&quot;:&quot;0&quot;,&quot;shutter_speed&quot;:&quot;0&quot;,&quot;title&quot;:&quot;&quot;,&quot;orientation&quot;:&quot;0&quot;}\" data-image-title=\"image\" data-image-description=\"\" data-image-caption=\"\" data-medium-file=\"https:\/\/i0.wp.com\/blogdalucianaoliveira.com.br\/blog\/wp-content\/uploads\/2016\/07\/image-3.jpeg?fit=300%2C200\" data-large-file=\"https:\/\/i0.wp.com\/blogdalucianaoliveira.com.br\/blog\/wp-content\/uploads\/2016\/07\/image-3.jpeg?fit=600%2C400\" src=\"https:\/\/i0.wp.com\/blogdalucianaoliveira.com.br\/blog\/wp-content\/uploads\/2016\/07\/image-3.jpeg?resize=600%2C400\" alt=\"image\" width=\"600\" height=\"400\" class=\"alignnone size-full wp-image-2059\" srcset=\"https:\/\/i0.wp.com\/blogdalucianaoliveira.com.br\/blog\/wp-content\/uploads\/2016\/07\/image-3.jpeg?w=768 768w, https:\/\/i0.wp.com\/blogdalucianaoliveira.com.br\/blog\/wp-content\/uploads\/2016\/07\/image-3.jpeg?resize=300%2C200 300w, https:\/\/i0.wp.com\/blogdalucianaoliveira.com.br\/blog\/wp-content\/uploads\/2016\/07\/image-3.jpeg?resize=450%2C300 450w\" sizes=\"auto, (max-width: 600px) 100vw, 600px\" \/><\/p>\n<p>Aos 70 anos, ele reafirma a pujan\u00e7a da m\u00fasica que canta a pr\u00f3pria terra<!--more--><\/p>\n<p>No Agreste prateado pela Lua, cama a ranger enquanto o galo anuncia o sol cristalino e abrasador, de cantoria sem precis\u00e3o de motivo e de aboio dolente a conduzir a manada, Alceu Valen\u00e7a cresceu com os p\u00e9s fincados nas ra\u00edzes pernambucanas e a alma inundada de poesia. Quando perdeu para um garoto que interpretou Granada um concurso no qual defendeu uma m\u00fasica nordestina, a vontade de cantar a terra se adensou. Aprendeu os cantos, conheceu os emboladores e os cegos de feira, viu tocar o berimbau de bacia, sorveu com sofreguid\u00e3o cada verso encantado dos cordelistas. <\/p>\n<p>Dos av\u00f4s veio parte da forma\u00e7\u00e3o a combinar dois mundos. Na fazenda de produ\u00e7\u00e3o leiteira em S\u00e3o Bento do Una, as hist\u00f3rias da saga dos cangaceiros, o piar das codornizes, o tropel dos cavalos. Nos saraus na casa do tio, o vocal afinado dos primos, os versos de improviso e a vitrola a revelar Noel Rosa, Ary Barroso e Orlando Silva.<\/p>\n<p>A R\u00e1dio Nacional trazia para perto Cauby Peixoto e Vicente Celestino. \u201cUm tio tocava sanfona, outro violino, piano, bandolim. O av\u00f4 Orestes, viol\u00e3o, bombardino, viola e fazia cordel. Tudo de brincadeira, ningu\u00e9m era profissional. Tio Geraldo era poeta da gera\u00e7\u00e3o de Carlos Penna Filho e Ariano Suassuna. Mam\u00e3e sabia franc\u00eas e papai, D\u00e9cio, foi promotor e deputado. Exerceu s\u00f3 um mandato por n\u00e3o gostar de fechar quest\u00f5es, como eu\u201d, conta Valen\u00e7a, a prosa caudalosa e eloquente a revisitar com brandura e energia os escaninhos da mem\u00f3ria. <\/p>\n<p>A m\u00edtica S\u00e3o Bento do Una compensava a diminuta popula\u00e7\u00e3o com diversidade cultural. As 5 mil almas da regi\u00e3o contavam com dois grupos teatrais, dois cinemas e uma banda musical. Na comunidade de portas abertas, pobres quase n\u00e3o havia, id\u00edlio tragado pelo galope cruel da modernidade. <\/p>\n<p><img data-recalc-dims=\"1\" loading=\"lazy\" decoding=\"async\" data-attachment-id=\"2056\" data-permalink=\"http:\/\/blogdalucianaoliveira.com.br\/blog\/2016\/07\/01\/70-anos-alceu-valenca-a-forca-da-cabeleira\/image-446\/\" data-orig-file=\"https:\/\/i0.wp.com\/blogdalucianaoliveira.com.br\/blog\/wp-content\/uploads\/2016\/07\/image.jpeg?fit=399%2C400\" data-orig-size=\"399,400\" data-comments-opened=\"0\" data-image-meta=\"{&quot;aperture&quot;:&quot;0&quot;,&quot;credit&quot;:&quot;&quot;,&quot;camera&quot;:&quot;&quot;,&quot;caption&quot;:&quot;&quot;,&quot;created_timestamp&quot;:&quot;0&quot;,&quot;copyright&quot;:&quot;&quot;,&quot;focal_length&quot;:&quot;0&quot;,&quot;iso&quot;:&quot;0&quot;,&quot;shutter_speed&quot;:&quot;0&quot;,&quot;title&quot;:&quot;&quot;,&quot;orientation&quot;:&quot;0&quot;}\" data-image-title=\"image\" data-image-description=\"\" data-image-caption=\"\" data-medium-file=\"https:\/\/i0.wp.com\/blogdalucianaoliveira.com.br\/blog\/wp-content\/uploads\/2016\/07\/image.jpeg?fit=300%2C300\" data-large-file=\"https:\/\/i0.wp.com\/blogdalucianaoliveira.com.br\/blog\/wp-content\/uploads\/2016\/07\/image.jpeg?fit=399%2C400\" src=\"https:\/\/i0.wp.com\/blogdalucianaoliveira.com.br\/blog\/wp-content\/uploads\/2016\/07\/image.jpeg?resize=399%2C400\" alt=\"image\" width=\"399\" height=\"400\" class=\"alignnone size-full wp-image-2056\" srcset=\"https:\/\/i0.wp.com\/blogdalucianaoliveira.com.br\/blog\/wp-content\/uploads\/2016\/07\/image.jpeg?w=399 399w, https:\/\/i0.wp.com\/blogdalucianaoliveira.com.br\/blog\/wp-content\/uploads\/2016\/07\/image.jpeg?resize=150%2C150 150w, https:\/\/i0.wp.com\/blogdalucianaoliveira.com.br\/blog\/wp-content\/uploads\/2016\/07\/image.jpeg?resize=300%2C300 300w, https:\/\/i0.wp.com\/blogdalucianaoliveira.com.br\/blog\/wp-content\/uploads\/2016\/07\/image.jpeg?resize=299%2C300 299w\" sizes=\"auto, (max-width: 399px) 100vw, 399px\" \/><br \/>\nAlceu<br \/>\nA reuni\u00e3o de poemas ganhou pref\u00e1cio de Jos\u00e9 Eduardo Agualusa. O m\u00edtico sert\u00e3o se tornou filme e trilha, que chega com o mais recente CD<\/p>\n<p>Quando Valen\u00e7a tem 10 anos, a fam\u00edlia se muda para o Recife. O temor de ver o filho adolescente sem curso universit\u00e1rio se perder na boemia leva o patriarca a mant\u00ea-lo longe de toda refer\u00eancia musical. Sem radiola na casa, o jeito era se contentar com o r\u00e1dio. A vizinhan\u00e7a intelectualizada foi providencial. \u201cO poeta Carlos Penna Filho morava na frente de casa e fazia muitas festas. Do outro lado tinha Maria Par\u00edsio, cantora de cl\u00e1ssicos e irm\u00e3 da vedete Salom\u00e9 Par\u00edsio. Do lado direito vivia o maestro Nelson Ferreira, compositor e dono de gravadora.\u201d A rua era passagem obrigat\u00f3ria dos blocos rumo ao centro. Maracatu do baque virado, caboclinhos, frevo. \u201cIsso tudo entrou na minha cabe\u00e7a.\u201d <\/p>\n<p>A vontade doida de tocar e cantar do filho amoleceu o cora\u00e7\u00e3o materno. Aos 16 anos, Valen\u00e7a deixa a contragosto uma partida de futebol para acompanhar a m\u00e3e \u00e0s compras. Na frente da loja de instrumentos ouve a frase ansiada: \u201cEscolhe\u201d. Opta por um cavaquinho, mais barato. \u201cVoc\u00ea merece um viol\u00e3o.\u201d <\/p>\n<p>Aprende sozinho a dedilhar e enfrenta a invas\u00e3o musical estrangeira com galhardia. \u201cTodos os meninos da minha rua s\u00f3 tocavam Diana (sucesso de Paul Anka). Por preferir coisas da minha terra eu era chamado de velho.\u201d A primeira letra, feita para um chorinho trazido pelo tio, sai de chofre. \u201cRevejo o terra\u00e7o de minha casa\u201d, diz ao relembrar o momento no qual comp\u00f5e os versos como se psicografasse. Eram os primeiros passos da carreira iniciada oficialmente nos anos 1970, ap\u00f3s colocar de lado o diploma de advogado. <\/p>\n<p>O tio L\u00edvio, m\u00e9dico letrado, apresenta-o \u00e0s obras de Fernando Pessoa, \u201cfiquei louco com Tabacaria\u201d, e de Rubem Braga. \u201cEu lia tudo do Braga, sabia tudo dele. Quando fiz Na Primeira Manh\u00e3 inclu\u00ed uma refer\u00eancia \u00e0 cr\u00f4nica O Conde e o Passarinho. Certa vez encontrei o sobrinho dele, que me contou ter ficado o tio comovido e manifestado a vontade de me receber em casa para um jantar. Precisei viajar e telefonei na volta para agradecer, sensibilizado, o convite. Ele friamente monossil\u00e1bico e eu puxando assunto. \u2018Conhe\u00e7o toda sua obra\u2019, insisti, ele nada. \u2018Conhe\u00e7o suas cr\u00f4nicas de guerra\u2019. \u2018\u00c9?\u2019, reagiu. \u2018Olhe, sou da fam\u00edlia Valen\u00e7a de Pernambuco e lembro de uma coisa que o senhor falou de um soldado parente meu. O senhor se lembra dele?\u2019 \u2018N\u00e3o.\u2019 \u2018N\u00e3o se lembra da cr\u00f4nica?\u2019 \u2018N\u00e3o, faz muito tempo. S\u00e3o muitos traumas.\u2019\u201d <\/p>\n<p><img data-recalc-dims=\"1\" loading=\"lazy\" decoding=\"async\" data-attachment-id=\"2057\" data-permalink=\"http:\/\/blogdalucianaoliveira.com.br\/blog\/2016\/07\/01\/70-anos-alceu-valenca-a-forca-da-cabeleira\/image-447\/\" data-orig-file=\"https:\/\/i0.wp.com\/blogdalucianaoliveira.com.br\/blog\/wp-content\/uploads\/2016\/07\/image-1.jpeg?fit=768%2C468\" data-orig-size=\"768,468\" data-comments-opened=\"0\" data-image-meta=\"{&quot;aperture&quot;:&quot;0&quot;,&quot;credit&quot;:&quot;&quot;,&quot;camera&quot;:&quot;&quot;,&quot;caption&quot;:&quot;&quot;,&quot;created_timestamp&quot;:&quot;0&quot;,&quot;copyright&quot;:&quot;&quot;,&quot;focal_length&quot;:&quot;0&quot;,&quot;iso&quot;:&quot;0&quot;,&quot;shutter_speed&quot;:&quot;0&quot;,&quot;title&quot;:&quot;&quot;,&quot;orientation&quot;:&quot;0&quot;}\" data-image-title=\"image\" data-image-description=\"\" data-image-caption=\"\" data-medium-file=\"https:\/\/i0.wp.com\/blogdalucianaoliveira.com.br\/blog\/wp-content\/uploads\/2016\/07\/image-1.jpeg?fit=300%2C183\" data-large-file=\"https:\/\/i0.wp.com\/blogdalucianaoliveira.com.br\/blog\/wp-content\/uploads\/2016\/07\/image-1.jpeg?fit=600%2C366\" src=\"https:\/\/i0.wp.com\/blogdalucianaoliveira.com.br\/blog\/wp-content\/uploads\/2016\/07\/image-1.jpeg?resize=600%2C366\" alt=\"image\" width=\"600\" height=\"366\" class=\"alignnone size-full wp-image-2057\" srcset=\"https:\/\/i0.wp.com\/blogdalucianaoliveira.com.br\/blog\/wp-content\/uploads\/2016\/07\/image-1.jpeg?w=768 768w, https:\/\/i0.wp.com\/blogdalucianaoliveira.com.br\/blog\/wp-content\/uploads\/2016\/07\/image-1.jpeg?resize=300%2C183 300w, https:\/\/i0.wp.com\/blogdalucianaoliveira.com.br\/blog\/wp-content\/uploads\/2016\/07\/image-1.jpeg?resize=492%2C300 492w\" sizes=\"auto, (max-width: 600px) 100vw, 600px\" \/><\/p>\n<p>Se o cronista tinha fraca a mem\u00f3ria, por defici\u00eancia ou maus bofes, o m\u00fasico faz dela poderoso emiss\u00e1rio rumo a tempos idos. Rev\u00ea o coroinha que gira no ar o tur\u00edbulo, a vaia recebida ao perder um concurso de perguntas sobre a invas\u00e3o holandesa, a ida aos clubes de dan\u00e7a populares, a festa em que algu\u00e9m colocou um \u00e1cido lis\u00e9rgico em sua bebida e ele se apavorou quando o ch\u00e3o se abriu num desfiladeiro. Ao lado, o amigo Geraldo Azevedo ria de gosto. \u201cSou louco, mas sempre fui careta para drogas.\u201d <\/p>\n<p>Volta aos 16 anos e relembra o adolescente t\u00edmido no terreno da conquista amorosa que conhece a reden\u00e7\u00e3o quando passam a ach\u00e1-lo parecido com Jean-Paul Belmondo. \u201cIa para o cinema e ap\u00f3s a sess\u00e3o ficava no hall, encostado numa coluna, olhar obl\u00edquo, fumando. As garotas olhavam e me achavam a cara do gal\u00e3 franc\u00eas. Namorei muito.\u201d A semelhan\u00e7a o favoreceu na adolesc\u00eancia e o tempo carrasco trabalhou a seu favor na maturidade. \u201cAgora Belmondo \u00e9 muito mais feio do que eu. Meu nariz nunca foi quebrado como o dele.\u201d<\/p>\n<p>No fim dos anos 70, os ventos asfixiantes da ditadura e dificuldades com a gravadora conduziram o compositor ao autoex\u00edlio. \u201cQuem me levou para Paris foi Paulo Coelho. Ele tinha visto o show Disco Vivo, no Rio de Janeiro, e adorou. A Som Livre adiava o lan\u00e7amento de Espelho Cristalino, eu queria sair e o Jo\u00e3o Ara\u00fajo me enrolava.\u201d Com proposta do mago de integrar o elenco da Polygram, decide pedir rescis\u00e3o do contrato.  <\/p>\n<p>O dia era aziago. Assim que deixa a sala da dire\u00e7\u00e3o, Jards Macal\u00e9 arremessa um copo de caf\u00e9 na parede. Valen\u00e7a engata a conversa com o diretor quando um esbravejante Tim Maia adentra a sala, m\u00e3os em punho, pronto para esmurrar o empres\u00e1rio acusado de ficar com a parte do le\u00e3o no contrato. Ap\u00f3s enfrentar o olhar fixo de Ara\u00fajo, Maia cai no choro e sai. Finda a tempestade, a rescis\u00e3o \u00e9 concedida e Valen\u00e7a procura Coelho. \u201cEle chega e diz: \u2018vou ao banheiro, me aguarde aqui\u2019. Nunca mais voltou. Hoje acredito que o banheiro da Polygram tinha uma estrada que dava para o Caminho de Santiago.\u201d <\/p>\n<p><img data-recalc-dims=\"1\" loading=\"lazy\" decoding=\"async\" data-attachment-id=\"2058\" data-permalink=\"http:\/\/blogdalucianaoliveira.com.br\/blog\/2016\/07\/01\/70-anos-alceu-valenca-a-forca-da-cabeleira\/image-448\/\" data-orig-file=\"https:\/\/i0.wp.com\/blogdalucianaoliveira.com.br\/blog\/wp-content\/uploads\/2016\/07\/image-2.jpeg?fit=768%2C614\" data-orig-size=\"768,614\" data-comments-opened=\"0\" data-image-meta=\"{&quot;aperture&quot;:&quot;0&quot;,&quot;credit&quot;:&quot;&quot;,&quot;camera&quot;:&quot;&quot;,&quot;caption&quot;:&quot;&quot;,&quot;created_timestamp&quot;:&quot;0&quot;,&quot;copyright&quot;:&quot;&quot;,&quot;focal_length&quot;:&quot;0&quot;,&quot;iso&quot;:&quot;0&quot;,&quot;shutter_speed&quot;:&quot;0&quot;,&quot;title&quot;:&quot;&quot;,&quot;orientation&quot;:&quot;0&quot;}\" data-image-title=\"image\" data-image-description=\"\" data-image-caption=\"\" data-medium-file=\"https:\/\/i0.wp.com\/blogdalucianaoliveira.com.br\/blog\/wp-content\/uploads\/2016\/07\/image-2.jpeg?fit=300%2C240\" data-large-file=\"https:\/\/i0.wp.com\/blogdalucianaoliveira.com.br\/blog\/wp-content\/uploads\/2016\/07\/image-2.jpeg?fit=600%2C480\" src=\"https:\/\/i0.wp.com\/blogdalucianaoliveira.com.br\/blog\/wp-content\/uploads\/2016\/07\/image-2.jpeg?resize=600%2C480\" alt=\"image\" width=\"600\" height=\"480\" class=\"alignnone size-full wp-image-2058\" srcset=\"https:\/\/i0.wp.com\/blogdalucianaoliveira.com.br\/blog\/wp-content\/uploads\/2016\/07\/image-2.jpeg?w=768 768w, https:\/\/i0.wp.com\/blogdalucianaoliveira.com.br\/blog\/wp-content\/uploads\/2016\/07\/image-2.jpeg?resize=300%2C240 300w, https:\/\/i0.wp.com\/blogdalucianaoliveira.com.br\/blog\/wp-content\/uploads\/2016\/07\/image-2.jpeg?resize=375%2C300 375w\" sizes=\"auto, (max-width: 600px) 100vw, 600px\" \/><\/p>\n<p>Em Paris, mergulha nos textos de Gilberto Freyre e nas m\u00fasicas de Jackson do Pandeiro e Luiz Gonzaga. Tinha ido danado pra Catende e tinha pressa de voltar para assumir um lugar de destaque no cen\u00e1rio musical nacional. Em 1982 vende em seis meses 1,5 milh\u00e3o de c\u00f3pias de Cavalo de Pau. \u201cNunca olhei para essas coisas de n\u00famero, mas lembro que o sucesso era  absurdo.\u201d Entre as m\u00fasicas, Pelas Ruas Que Andei, Rima com Rima, Como Dois Animais e Morena Tropicana. A famosa dona da pele macia como carne de caju h\u00e1 d\u00e9cadas engana os incautos. \u201cA Morena Tropicana era uma loira que eu namorava.\u201d<\/p>\n<p>O talento de Valen\u00e7a leva-o a outras artes. \u00c0s v\u00e9speras de completar 70 anos, em 1\u00ba de julho, lan\u00e7a projeto cinematogr\u00e1fico acalentado h\u00e1 mais de uma d\u00e9cada. O longa A Luneta do Tempo (estreia dia 30 no CineSesc), em torno de Lampi\u00e3o (Irandhir Santos) e Maria Bonita (Hermila Guedes), \u00e9 um assumido mergulho no passado do diretor.<\/p>\n<p>De delicado lirismo \u00e9 a trilha sonora da saga escrita em verso. Amigo da Arte, o mais recente CD, chega com 13 faixas, algumas a exortar as diletas Recife e Olinda. O poeta que Valen\u00e7a sempre foi, antes mesmo de eletrificar o Sert\u00e3o, mostra-se em livro prefaciado por Jos\u00e9 Eduardo Agualusa. Para o escritor angolano, O Poeta da Madrugada (Chiado Editora), t\u00edtulo soprado pela musa Yan\u00ea Montenegro, \u00e9 mat\u00e9ria luminosa e revigorante. <\/p>\n<p>O versejador que s\u00f3 acredita em vento que assanha a cabeleira lamenta a figura do \u201cinvestidor dono do artista e da banda, situa\u00e7\u00e3o que tira a possibilidade dos independentes de fazer arte com o cora\u00e7\u00e3o\u201d. O seu, encharcado de emo\u00e7\u00e3o, zabumba, bumba esquisito batendo dentro do peito. Tr\u00eas d\u00e9cadas ap\u00f3s  compor Morena Tropicana, comove-se ao ver garotos da periferia de S\u00e3o Paulo cantar o sucesso durante shows nos Centros Educacionais Unificados. Cora\u00e7\u00e3o bobo \u00e9 assim mesmo. <\/p>\n<p>*Reportagem publicada originalmente na edi\u00e7\u00e3o 906 de CartaCapital, com o t\u00edtulo &#8220;A for\u00e7a da cabeleira&#8221;<\/p>\n","protected":false},"excerpt":{"rendered":"<p>Aos 70 anos, ele reafirma a pujan\u00e7a da m\u00fasica que canta a pr\u00f3pria terra<\/p>\n","protected":false},"author":1,"featured_media":0,"comment_status":"closed","ping_status":"open","sticky":false,"template":"","format":"standard","meta":{"_exactmetrics_skip_tracking":false,"_exactmetrics_sitenote_active":false,"_exactmetrics_sitenote_note":"","_exactmetrics_sitenote_category":0,"jetpack_post_was_ever_published":false,"_jetpack_newsletter_access":"","_jetpack_dont_email_post_to_subs":false,"_jetpack_newsletter_tier_id":0,"_jetpack_memberships_contains_paywalled_content":false,"_jetpack_memberships_contains_paid_content":false,"footnotes":"","jetpack_publicize_message":"","jetpack_publicize_feature_enabled":true,"jetpack_social_post_already_shared":true,"jetpack_social_options":{"image_generator_settings":{"template":"highway","enabled":false},"version":2}},"categories":[1],"tags":[133,143,142],"class_list":["post-2055","post","type-post","status-publish","format-standard","hentry","category-notas","tag-alceu-valenca","tag-aniversario","tag-artista"],"jetpack_publicize_connections":[],"jetpack_sharing_enabled":true,"jetpack_featured_media_url":"","jetpack_shortlink":"https:\/\/wp.me\/p7wKYW-x9","jetpack-related-posts":[],"_links":{"self":[{"href":"http:\/\/blogdalucianaoliveira.com.br\/blog\/wp-json\/wp\/v2\/posts\/2055","targetHints":{"allow":["GET"]}}],"collection":[{"href":"http:\/\/blogdalucianaoliveira.com.br\/blog\/wp-json\/wp\/v2\/posts"}],"about":[{"href":"http:\/\/blogdalucianaoliveira.com.br\/blog\/wp-json\/wp\/v2\/types\/post"}],"author":[{"embeddable":true,"href":"http:\/\/blogdalucianaoliveira.com.br\/blog\/wp-json\/wp\/v2\/users\/1"}],"replies":[{"embeddable":true,"href":"http:\/\/blogdalucianaoliveira.com.br\/blog\/wp-json\/wp\/v2\/comments?post=2055"}],"version-history":[{"count":1,"href":"http:\/\/blogdalucianaoliveira.com.br\/blog\/wp-json\/wp\/v2\/posts\/2055\/revisions"}],"predecessor-version":[{"id":2060,"href":"http:\/\/blogdalucianaoliveira.com.br\/blog\/wp-json\/wp\/v2\/posts\/2055\/revisions\/2060"}],"wp:attachment":[{"href":"http:\/\/blogdalucianaoliveira.com.br\/blog\/wp-json\/wp\/v2\/media?parent=2055"}],"wp:term":[{"taxonomy":"category","embeddable":true,"href":"http:\/\/blogdalucianaoliveira.com.br\/blog\/wp-json\/wp\/v2\/categories?post=2055"},{"taxonomy":"post_tag","embeddable":true,"href":"http:\/\/blogdalucianaoliveira.com.br\/blog\/wp-json\/wp\/v2\/tags?post=2055"}],"curies":[{"name":"wp","href":"https:\/\/api.w.org\/{rel}","templated":true}]}}