{"id":20553,"date":"2019-02-17T19:59:49","date_gmt":"2019-02-17T23:59:49","guid":{"rendered":"http:\/\/blogdalucianaoliveira.com.br\/blog\/?p=20553"},"modified":"2019-02-17T19:59:49","modified_gmt":"2019-02-17T23:59:49","slug":"que-pais-e-esse","status":"publish","type":"post","link":"http:\/\/blogdalucianaoliveira.com.br\/blog\/2019\/02\/17\/que-pais-e-esse\/","title":{"rendered":"Que pa\u00eds \u00e9 esse?"},"content":{"rendered":"<p><img data-recalc-dims=\"1\" loading=\"lazy\" decoding=\"async\" data-attachment-id=\"20554\" data-permalink=\"http:\/\/blogdalucianaoliveira.com.br\/blog\/2019\/02\/17\/que-pais-e-esse\/b4019176-0225-4dd8-8ddf-450982806913\/\" data-orig-file=\"https:\/\/i0.wp.com\/blogdalucianaoliveira.com.br\/blog\/wp-content\/uploads\/2019\/02\/B4019176-0225-4DD8-8DDF-450982806913.jpeg?fit=480%2C360\" data-orig-size=\"480,360\" data-comments-opened=\"0\" data-image-meta=\"{&quot;aperture&quot;:&quot;0&quot;,&quot;credit&quot;:&quot;&quot;,&quot;camera&quot;:&quot;&quot;,&quot;caption&quot;:&quot;&quot;,&quot;created_timestamp&quot;:&quot;0&quot;,&quot;copyright&quot;:&quot;&quot;,&quot;focal_length&quot;:&quot;0&quot;,&quot;iso&quot;:&quot;0&quot;,&quot;shutter_speed&quot;:&quot;0&quot;,&quot;title&quot;:&quot;&quot;,&quot;orientation&quot;:&quot;0&quot;}\" data-image-title=\"B4019176-0225-4DD8-8DDF-450982806913\" data-image-description=\"\" data-image-caption=\"\" data-medium-file=\"https:\/\/i0.wp.com\/blogdalucianaoliveira.com.br\/blog\/wp-content\/uploads\/2019\/02\/B4019176-0225-4DD8-8DDF-450982806913.jpeg?fit=300%2C225\" data-large-file=\"https:\/\/i0.wp.com\/blogdalucianaoliveira.com.br\/blog\/wp-content\/uploads\/2019\/02\/B4019176-0225-4DD8-8DDF-450982806913.jpeg?fit=480%2C360\" src=\"https:\/\/i0.wp.com\/blogdalucianaoliveira.com.br\/blog\/wp-content\/uploads\/2019\/02\/B4019176-0225-4DD8-8DDF-450982806913.jpeg?resize=480%2C360\" alt=\"B4019176-0225-4DD8-8DDF-450982806913\" width=\"480\" height=\"360\" class=\"alignnone size-full wp-image-20554\" srcset=\"https:\/\/i0.wp.com\/blogdalucianaoliveira.com.br\/blog\/wp-content\/uploads\/2019\/02\/B4019176-0225-4DD8-8DDF-450982806913.jpeg?w=480 480w, https:\/\/i0.wp.com\/blogdalucianaoliveira.com.br\/blog\/wp-content\/uploads\/2019\/02\/B4019176-0225-4DD8-8DDF-450982806913.jpeg?resize=300%2C225 300w, https:\/\/i0.wp.com\/blogdalucianaoliveira.com.br\/blog\/wp-content\/uploads\/2019\/02\/B4019176-0225-4DD8-8DDF-450982806913.jpeg?resize=400%2C300 400w\" sizes=\"auto, (max-width: 480px) 100vw, 480px\" \/><\/p>\n<p>Por Jos\u00e9 Maschio <\/p>\n<p>Era um pa\u00eds tropical. Habitado por mais de 200 na\u00e7\u00f5es nativas que n\u00e3o tinham no\u00e7\u00e3o disso de propriedade, capital ou mercado. Faziam trocas, escambos e viviam. Com algumas guerras internas, mas viviam relativamente em paz.<\/p>\n<p>A\u00ed apareceram os europeus. Os nativos tiveram que cobrir seus corpos em nome da moral. Uma moral que n\u00e3o impedia os estupros das nativas. E quiseram impor a moral do trabalho aos nativos. N\u00e3o conseguiram.<br \/>\nCom o aval da rainha-m\u00e3e do Norte come\u00e7aram a levar africanos. Carne negra sempre mais barata. Os navios da rainha-m\u00e3e ganhavam com o tr\u00e1fico. E o pa\u00eds, com poucos europeus, ficou mulato. Agora n\u00e3o s\u00f3 eram as nativas ca\u00e7adas, preadas e emprenhadas. As negras escravas tamb\u00e9m.<\/p>\n<p>A\u00ed a escravid\u00e3o virou problema. N\u00e3o para os europeus deste pa\u00eds. Mas para a rainha-m\u00e3e. A grande Inglaterra queria mercado. Escravos n\u00e3o consumiam. E proibiu que navios transportassem escravos. O pa\u00eds tropical, no entanto, j\u00e1 tinha uma maioria negra ou mulata.<\/p>\n<p>A elite escravocrata que dirigia o pa\u00eds pensou em higieniza\u00e7\u00e3o. E abriu seus portos para europeus pobres. Brancos, claro. Alem\u00e3es, italianos, espanh\u00f3is e eslavos fugiam da fome. E substitu\u00edam os escravos, despejados das terras. Livres da escravid\u00e3o patrimonialista. Escravizados pela mis\u00e9ria da fome do tal mercado.<br \/>\nMulato, o pa\u00eds queria embranquecer. Por isso n\u00e3o abriu seus portos para africanos e asi\u00e1ticos. <\/p>\n<p>Os japoneses s\u00f3 foram aceitos na virada do s\u00e9culo 19 para o vinte.  A elite escravocrata e feudal pensou solu\u00e7\u00e3o. E aparelhou os agentes de seguran\u00e7a para o exterm\u00ednio. Nas abordagens policiais, escurinhos, mulatos ou pretos eram potenciais criminosos.<br \/>\nE isso perdura at\u00e9 hoje. Mesmo assim o pa\u00eds continua com maioria negra. N\u00e3o adianta a manuten\u00e7\u00e3o da m\u00e9dia hist\u00f3rica de 70 negros mortos por dia. <\/p>\n<p>O pa\u00eds continua mulato. Isso s\u00f3 n\u00e3o irrita mais a elite branca por dois motivos. O negro que ascende socialmente, logo se pensa branco. O segundo \u00e9 que mesmo sendo maioria, o Brasil mulato ainda vota, quando a elite deixa ter elei\u00e7\u00e3o, nos brancos opressores.<\/p>\n","protected":false},"excerpt":{"rendered":"<p>Por Jos\u00e9 Maschio Era um pa\u00eds tropical. Habitado por mais de 200 na\u00e7\u00f5es nativas que n\u00e3o tinham no\u00e7\u00e3o disso de propriedade, capital ou mercado. Faziam trocas, escambos e viviam. Com algumas guerras internas, mas viviam relativamente em paz. A\u00ed apareceram os europeus. Os nativos tiveram que cobrir seus corpos em nome da moral. Uma moral&#8230;<a class=\"more-link\" href=\"http:\/\/blogdalucianaoliveira.com.br\/blog\/2019\/02\/17\/que-pais-e-esse\/\">Continue a leitura <span class=\"meta-nav\">&raquo;<\/span><\/a><\/p>\n","protected":false},"author":1,"featured_media":0,"comment_status":"closed","ping_status":"open","sticky":false,"template":"","format":"standard","meta":{"_exactmetrics_skip_tracking":false,"_exactmetrics_sitenote_active":false,"_exactmetrics_sitenote_note":"","_exactmetrics_sitenote_category":0,"jetpack_post_was_ever_published":false,"_jetpack_newsletter_access":"","_jetpack_dont_email_post_to_subs":false,"_jetpack_newsletter_tier_id":0,"_jetpack_memberships_contains_paywalled_content":false,"_jetpack_memberships_contains_paid_content":false,"footnotes":"","jetpack_publicize_message":"","jetpack_publicize_feature_enabled":true,"jetpack_social_post_already_shared":true,"jetpack_social_options":{"image_generator_settings":{"template":"highway","enabled":false},"version":2}},"categories":[1],"tags":[],"class_list":["post-20553","post","type-post","status-publish","format-standard","hentry","category-notas"],"jetpack_publicize_connections":[],"jetpack_sharing_enabled":true,"jetpack_featured_media_url":"","jetpack_shortlink":"https:\/\/wp.me\/p7wKYW-5lv","jetpack-related-posts":[],"_links":{"self":[{"href":"http:\/\/blogdalucianaoliveira.com.br\/blog\/wp-json\/wp\/v2\/posts\/20553","targetHints":{"allow":["GET"]}}],"collection":[{"href":"http:\/\/blogdalucianaoliveira.com.br\/blog\/wp-json\/wp\/v2\/posts"}],"about":[{"href":"http:\/\/blogdalucianaoliveira.com.br\/blog\/wp-json\/wp\/v2\/types\/post"}],"author":[{"embeddable":true,"href":"http:\/\/blogdalucianaoliveira.com.br\/blog\/wp-json\/wp\/v2\/users\/1"}],"replies":[{"embeddable":true,"href":"http:\/\/blogdalucianaoliveira.com.br\/blog\/wp-json\/wp\/v2\/comments?post=20553"}],"version-history":[{"count":1,"href":"http:\/\/blogdalucianaoliveira.com.br\/blog\/wp-json\/wp\/v2\/posts\/20553\/revisions"}],"predecessor-version":[{"id":20555,"href":"http:\/\/blogdalucianaoliveira.com.br\/blog\/wp-json\/wp\/v2\/posts\/20553\/revisions\/20555"}],"wp:attachment":[{"href":"http:\/\/blogdalucianaoliveira.com.br\/blog\/wp-json\/wp\/v2\/media?parent=20553"}],"wp:term":[{"taxonomy":"category","embeddable":true,"href":"http:\/\/blogdalucianaoliveira.com.br\/blog\/wp-json\/wp\/v2\/categories?post=20553"},{"taxonomy":"post_tag","embeddable":true,"href":"http:\/\/blogdalucianaoliveira.com.br\/blog\/wp-json\/wp\/v2\/tags?post=20553"}],"curies":[{"name":"wp","href":"https:\/\/api.w.org\/{rel}","templated":true}]}}