{"id":20556,"date":"2019-02-18T11:32:20","date_gmt":"2019-02-18T15:32:20","guid":{"rendered":"http:\/\/blogdalucianaoliveira.com.br\/blog\/?p=20556"},"modified":"2019-02-18T11:32:20","modified_gmt":"2019-02-18T15:32:20","slug":"sociedade-deve-se-envolver-no-debate-sobre-reforma-da-previdencia-diz-especialistasociedade-deve-se-envolver-no-debate-sobre-reforma-da-previdencia-diz-especialista","status":"publish","type":"post","link":"http:\/\/blogdalucianaoliveira.com.br\/blog\/2019\/02\/18\/sociedade-deve-se-envolver-no-debate-sobre-reforma-da-previdencia-diz-especialistasociedade-deve-se-envolver-no-debate-sobre-reforma-da-previdencia-diz-especialista\/","title":{"rendered":"&#8220;Sociedade deve se envolver no debate sobre Reforma da Previd\u00eancia&#8221;, diz especialista&#8221;Sociedade deve se envolver no debate sobre Reforma da Previd\u00eancia&#8221;, diz especialista"},"content":{"rendered":"<p><img data-recalc-dims=\"1\" loading=\"lazy\" decoding=\"async\" data-attachment-id=\"20557\" data-permalink=\"http:\/\/blogdalucianaoliveira.com.br\/blog\/2019\/02\/18\/sociedade-deve-se-envolver-no-debate-sobre-reforma-da-previdencia-diz-especialistasociedade-deve-se-envolver-no-debate-sobre-reforma-da-previdencia-diz-especialista\/prev\/\" data-orig-file=\"https:\/\/i0.wp.com\/blogdalucianaoliveira.com.br\/blog\/wp-content\/uploads\/2019\/02\/prev.jpg?fit=640%2C427\" data-orig-size=\"640,427\" data-comments-opened=\"0\" data-image-meta=\"{&quot;aperture&quot;:&quot;0&quot;,&quot;credit&quot;:&quot;&quot;,&quot;camera&quot;:&quot;&quot;,&quot;caption&quot;:&quot;&quot;,&quot;created_timestamp&quot;:&quot;0&quot;,&quot;copyright&quot;:&quot;&quot;,&quot;focal_length&quot;:&quot;0&quot;,&quot;iso&quot;:&quot;0&quot;,&quot;shutter_speed&quot;:&quot;0&quot;,&quot;title&quot;:&quot;&quot;,&quot;orientation&quot;:&quot;0&quot;}\" data-image-title=\"prev\" data-image-description=\"\" data-image-caption=\"\" data-medium-file=\"https:\/\/i0.wp.com\/blogdalucianaoliveira.com.br\/blog\/wp-content\/uploads\/2019\/02\/prev.jpg?fit=300%2C200\" data-large-file=\"https:\/\/i0.wp.com\/blogdalucianaoliveira.com.br\/blog\/wp-content\/uploads\/2019\/02\/prev.jpg?fit=600%2C400\" src=\"https:\/\/i0.wp.com\/blogdalucianaoliveira.com.br\/blog\/wp-content\/uploads\/2019\/02\/prev.jpg?resize=600%2C400\" alt=\"prev\" width=\"600\" height=\"400\" class=\"alignnone size-full wp-image-20557\" srcset=\"https:\/\/i0.wp.com\/blogdalucianaoliveira.com.br\/blog\/wp-content\/uploads\/2019\/02\/prev.jpg?w=640 640w, https:\/\/i0.wp.com\/blogdalucianaoliveira.com.br\/blog\/wp-content\/uploads\/2019\/02\/prev.jpg?resize=300%2C200 300w, https:\/\/i0.wp.com\/blogdalucianaoliveira.com.br\/blog\/wp-content\/uploads\/2019\/02\/prev.jpg?resize=450%2C300 450w\" sizes=\"auto, (max-width: 600px) 100vw, 600px\" \/><\/p>\n<p>Clemente Ganz, diretor t\u00e9cnico do DIEESE, afirma que medidas gerem um &#8220;impacto severo nos direitos dos trabalhadores&#8221;<!--more--><\/p>\n<p>Brasil de Fato <\/p>\n<p>&#8220;A reforma da Previd\u00eancia deve ampliar os direitos dos trabalhadores, n\u00e3o diminui-los&#8221;.<\/p>\n<p>Essa \u00e9 a avalia\u00e7\u00e3o do diretor t\u00e9cnico do Departamento Intersindical de Estat\u00edstica e Estudos Socioecon\u00f4micos (DIEESE), Clemente Ganz Lucio.<\/p>\n<p>\u201c\u00c9 bem prov\u00e1vel que, para fazer a economia que o governo quer fazer, haja um pacto bastante severo sobre os direitos dos trabalhadores, coisa que o movimento sindical tem sido bastante contr\u00e1rio\u201d, disse.<\/p>\n<p>Clemente Ganz Lucio comentou \u00e0 R\u00e1dio Brasil Atual alguns pontos do texto apresentado pelo governo, que ser\u00e1 votada na C\u00e2mara dos Deputados at\u00e9 junho, segundo estimativas do presidente da Casa, o deputado Rodrigo Maia (DEM-RJ).<\/p>\n<p>\u201cA Previd\u00eancia precisa melhor os benef\u00edcios sociais. Esse ser\u00e1 um grande embate no Congresso Nacional, e a sociedade precisar\u00e1 se envolver nessa quest\u00e3o, porque os seus direitos e aquilo que lhe d\u00e1 prote\u00e7\u00e3o estar\u00e3o em debate\u201d, analisou Clemente.<\/p>\n<p>Ainda de acordo com o diretor do DIEESE, o governo ainda n\u00e3o deixou claro se a proposta de idade m\u00ednima para se aposentar de 65 anos para homens, e 62 anos para as mulheres, ser\u00e1 exclusivo, especialmente na fase de transi\u00e7\u00e3o, estabelecida em 12 anos.<\/p>\n<p>\u201cPode ser que os 65 anos para homens seja para quem entrar no mercado de trabalho daqui para frente. Essa transi\u00e7\u00e3o significa que quem j\u00e1 est\u00e1 trabalhando ter\u00e1 o acesso \u00e0 Previd\u00eancia com essa regra da transi\u00e7\u00e3o, que n\u00e3o \u00e9 exatamente como \u00e9 hoje, nem como a pessoa que entrar no mercado\u201d, explica Clemente.<\/p>\n<p>Para Clemente, n\u00e3o haver\u00e1 reforma da Previd\u00eancia que reduza o gasto do Estado na dimens\u00e3o que imagine, sem que isso impacte na redu\u00e7\u00e3o de direitos. \u201cO governo vai gastar menos e, ao pagar menos, vai garantir menos direitos, seja para os aposentados, seja para os trabalhadores\u201d, completa.<\/p>\n<p>Edi\u00e7\u00e3o: Guilherme Henrique<\/p>\n","protected":false},"excerpt":{"rendered":"<p>Clemente Ganz, diretor t\u00e9cnico do DIEESE, afirma que medidas gerem um &#8220;impacto severo nos direitos dos trabalhadores&#8221;<\/p>\n","protected":false},"author":1,"featured_media":0,"comment_status":"closed","ping_status":"open","sticky":false,"template":"","format":"standard","meta":{"_exactmetrics_skip_tracking":false,"_exactmetrics_sitenote_active":false,"_exactmetrics_sitenote_note":"","_exactmetrics_sitenote_category":0,"jetpack_post_was_ever_published":false,"_jetpack_newsletter_access":"","_jetpack_dont_email_post_to_subs":false,"_jetpack_newsletter_tier_id":0,"_jetpack_memberships_contains_paywalled_content":false,"_jetpack_memberships_contains_paid_content":false,"footnotes":"","jetpack_publicize_message":"","jetpack_publicize_feature_enabled":true,"jetpack_social_post_already_shared":true,"jetpack_social_options":{"image_generator_settings":{"template":"highway","enabled":false},"version":2}},"categories":[1],"tags":[],"class_list":["post-20556","post","type-post","status-publish","format-standard","hentry","category-notas"],"jetpack_publicize_connections":[],"jetpack_sharing_enabled":true,"jetpack_featured_media_url":"","jetpack_shortlink":"https:\/\/wp.me\/p7wKYW-5ly","jetpack-related-posts":[],"_links":{"self":[{"href":"http:\/\/blogdalucianaoliveira.com.br\/blog\/wp-json\/wp\/v2\/posts\/20556","targetHints":{"allow":["GET"]}}],"collection":[{"href":"http:\/\/blogdalucianaoliveira.com.br\/blog\/wp-json\/wp\/v2\/posts"}],"about":[{"href":"http:\/\/blogdalucianaoliveira.com.br\/blog\/wp-json\/wp\/v2\/types\/post"}],"author":[{"embeddable":true,"href":"http:\/\/blogdalucianaoliveira.com.br\/blog\/wp-json\/wp\/v2\/users\/1"}],"replies":[{"embeddable":true,"href":"http:\/\/blogdalucianaoliveira.com.br\/blog\/wp-json\/wp\/v2\/comments?post=20556"}],"version-history":[{"count":1,"href":"http:\/\/blogdalucianaoliveira.com.br\/blog\/wp-json\/wp\/v2\/posts\/20556\/revisions"}],"predecessor-version":[{"id":20558,"href":"http:\/\/blogdalucianaoliveira.com.br\/blog\/wp-json\/wp\/v2\/posts\/20556\/revisions\/20558"}],"wp:attachment":[{"href":"http:\/\/blogdalucianaoliveira.com.br\/blog\/wp-json\/wp\/v2\/media?parent=20556"}],"wp:term":[{"taxonomy":"category","embeddable":true,"href":"http:\/\/blogdalucianaoliveira.com.br\/blog\/wp-json\/wp\/v2\/categories?post=20556"},{"taxonomy":"post_tag","embeddable":true,"href":"http:\/\/blogdalucianaoliveira.com.br\/blog\/wp-json\/wp\/v2\/tags?post=20556"}],"curies":[{"name":"wp","href":"https:\/\/api.w.org\/{rel}","templated":true}]}}