{"id":20559,"date":"2019-02-18T11:38:27","date_gmt":"2019-02-18T15:38:27","guid":{"rendered":"http:\/\/blogdalucianaoliveira.com.br\/blog\/?p=20559"},"modified":"2019-02-18T11:38:27","modified_gmt":"2019-02-18T15:38:27","slug":"damares-defende-adocao-ilegal-o-pegou-pra-criar","status":"publish","type":"post","link":"http:\/\/blogdalucianaoliveira.com.br\/blog\/2019\/02\/18\/damares-defende-adocao-ilegal-o-pegou-pra-criar\/","title":{"rendered":"DAMARES DEFENDE ADO\u00c7\u00c3O ILEGAL, O &#8216;PEGOU PRA CRIAR&#8217;"},"content":{"rendered":"<p><img data-recalc-dims=\"1\" loading=\"lazy\" decoding=\"async\" data-attachment-id=\"20560\" data-permalink=\"http:\/\/blogdalucianaoliveira.com.br\/blog\/2019\/02\/18\/damares-defende-adocao-ilegal-o-pegou-pra-criar\/pegou\/\" data-orig-file=\"https:\/\/i0.wp.com\/blogdalucianaoliveira.com.br\/blog\/wp-content\/uploads\/2019\/02\/pegou.jpg?fit=1000%2C357\" data-orig-size=\"1000,357\" data-comments-opened=\"0\" data-image-meta=\"{&quot;aperture&quot;:&quot;0&quot;,&quot;credit&quot;:&quot;&quot;,&quot;camera&quot;:&quot;&quot;,&quot;caption&quot;:&quot;&quot;,&quot;created_timestamp&quot;:&quot;0&quot;,&quot;copyright&quot;:&quot;&quot;,&quot;focal_length&quot;:&quot;0&quot;,&quot;iso&quot;:&quot;0&quot;,&quot;shutter_speed&quot;:&quot;0&quot;,&quot;title&quot;:&quot;&quot;,&quot;orientation&quot;:&quot;0&quot;}\" data-image-title=\"pegou\" data-image-description=\"\" data-image-caption=\"\" data-medium-file=\"https:\/\/i0.wp.com\/blogdalucianaoliveira.com.br\/blog\/wp-content\/uploads\/2019\/02\/pegou.jpg?fit=300%2C107\" data-large-file=\"https:\/\/i0.wp.com\/blogdalucianaoliveira.com.br\/blog\/wp-content\/uploads\/2019\/02\/pegou.jpg?fit=600%2C214\" src=\"https:\/\/i0.wp.com\/blogdalucianaoliveira.com.br\/blog\/wp-content\/uploads\/2019\/02\/pegou.jpg?resize=600%2C214\" alt=\"pegou\" width=\"600\" height=\"214\" class=\"alignnone size-full wp-image-20560\" srcset=\"https:\/\/i0.wp.com\/blogdalucianaoliveira.com.br\/blog\/wp-content\/uploads\/2019\/02\/pegou.jpg?w=1000 1000w, https:\/\/i0.wp.com\/blogdalucianaoliveira.com.br\/blog\/wp-content\/uploads\/2019\/02\/pegou.jpg?resize=300%2C107 300w, https:\/\/i0.wp.com\/blogdalucianaoliveira.com.br\/blog\/wp-content\/uploads\/2019\/02\/pegou.jpg?resize=768%2C274 768w, https:\/\/i0.wp.com\/blogdalucianaoliveira.com.br\/blog\/wp-content\/uploads\/2019\/02\/pegou.jpg?resize=800%2C286 800w\" sizes=\"auto, (max-width: 600px) 100vw, 600px\" \/><\/p>\n<p>247 &#8211; A ministra da Mulher, da Fam\u00edlia e dos Direitos Humanos do governo de Jair Bolsonaro, Damares Alves, encontra-se em meio a mais uma pol\u00eamica, dessa vez, envolvendo a guarda ilegal da jovem ind\u00edgena Lulu, a qual a ministra retirou, ainda na inf\u00e2ncia, da Tribo Xingu, como foi noticiado recentemente pela revista \u00c9poca. Em entrevista concedida ao jornal Folha de S.Paulo, neste domingo, Damares revelou ter tomado a menina da fam\u00edlia \u00e0 margem de  qualquer mecanismo legal na ado\u00e7\u00e3o de Lulu, e argumentando que &#8220;o v\u00ednculo afetivo&#8221; entre as duas seria o suficiente para estabelecer a guarda. Na entrevista, ela disse que \u00e9 &#8220;m\u00e3e sociafetiva&#8221; de Lulu, mas n\u00e3o obedeceu nenhum dos tr\u00e2mites legais que regulam tal instituto. Na pr\u00e1tica, Damares usou do &#8220;pegou pra criar&#8221; para ficar com crian\u00e7a -o que \u00e9 totalmente ilegal no pa\u00eds. <!--more--><\/p>\n<p>Durante a entrevista, Damares n\u00e3o deixou d\u00favidas da fragilidade dos tramites legais. &#8220;Lulu \u00e9 minha filha e ela tem certeza que sou m\u00e3e dela. O que une eu e minha filha s\u00e3o la\u00e7os afetivos. Ela chegou em minha casa entre seis e sete anos. Somos m\u00e3e e filha&#8221;, disparou. <\/p>\n<p>Ela ainda baseou-se em um dispositivo jur\u00eddico da ado\u00e7\u00e3o socioafetiva para justificar sua rela\u00e7\u00e3o com Lulu. &#8220;Eu sou m\u00e3e socioafetiva de Lulu [o processo n\u00e3o foi formalizado na Justi\u00e7a por ela]. Voc\u00ea pode me perguntar: por que voc\u00ea n\u00e3o adotou oficialmente Lulu? Porque Lulu tem m\u00e3e, pai e irm\u00e3os. Os pais de Lulu a amam. Quando eles me entregaram Lulu, foi para cuidar dela. Eles n\u00e3o me entregaram para ado\u00e7\u00e3o. Ela havia vindo para Bras\u00edlia para tratamento de sa\u00fade e a conheci em uma institui\u00e7\u00e3o onde atuei como volunt\u00e1ria. Ela teve dificuldade de adapta\u00e7\u00e3o&#8221;. <\/p>\n<p>O mecanismo da rela\u00e7\u00e3o socioafetiva, de fato, existe. A pr\u00e1tica foi legalizada em 2013, quando o C\u00f3digo Civil entrou em vigor. Antes dele, apenas a paternidade biol\u00f3gica ou por ado\u00e7\u00e3o eram v\u00e1lidas.  <\/p>\n<p>No entanto, o que Damares n\u00e3o explica, \u00e9 que qualquer rela\u00e7\u00e3o que envolva a tutela de um menor, precisa ser ratificada na Justi\u00e7a, tramite que n\u00e3o foi feito por ela. <\/p>\n<p>&#8220;No caso deste reconhecimento precisar ser feito na Justi\u00e7a, ele se dar\u00e1 por meio de lavratura, em tabelionato, de uma escritura p\u00fablica ou por meio de ajuizamento de a\u00e7\u00e3o judicial de reconhecimento da parentalidade socioafetiva. Vale lembrar que, em alguns casos, ser\u00e1 necess\u00e1rio provar o v\u00ednculo&#8221;, explica a especialista em direito de fam\u00edlia, Cristina Buchignani, ao portal Crescer, do G1. <\/p>\n<p>A especialista ainda acrescenta que a presen\u00e7a da Lei no processo da guarda \u00e9 fundamental para evitar qualquer tipo de desiquil\u00edbrio que possa prejudicar a crian\u00e7a.  &#8220;a Justi\u00e7a tamb\u00e9m ficar\u00e1 respons\u00e1vel por resolver qualquer controv\u00e9rsia entre o pai afetivo e o biol\u00f3gico, quando n\u00e3o houver um ajuste amig\u00e1vel entre as partes, prevalecendo sempre o que for melhor para a crian\u00e7a&#8221;, diz a especialista. <\/p>\n<p>Apesar de todos os tramites exigidos na legisla\u00e7\u00e3o brasileira no processo de ado\u00e7\u00e3o, Damares diz apenas que nunca &#8220;nunca falou sobre ado\u00e7\u00e3o com eles&#8221; [a fam\u00edlia de Lulu] &#8220;porque achava desnecess\u00e1rio&#8221;.<\/p>\n<p>O que Damares classifica como &#8220;desnecess\u00e1rio&#8221;, pode ser visto sobre um outro \u00e2ngulo, como apurou a reportagem da \u00c9poca. Em depoimentos registrados em v\u00eddeo, os kamayur\u00e1s afirmam que Damares levou acrian\u00e7a irregularmente da tribo sob pretexto de fazer um tratamento dent\u00e1rio na cidade e nunca mais voltou. J\u00e1 se passaram 20 anos desde que a menina Lulu foi retirada da tribo. <\/p>\n<p>Rapto de crian\u00e7a \u00e9 crime e d\u00e1 cadeia<\/p>\n<p>O artigo 237 do Estatuto da Crian\u00e7a e do Adolescente descreve o delito subtra\u00e7\u00e3o de crian\u00e7a com intuito de coloca\u00e7\u00e3o em lar substituto, que consiste no ato de tomar uma crian\u00e7a, sem autoriza\u00e7\u00e3o da pessoa que tenha poder familiar ou guarda sobre ela, com a finalidade de coloc\u00e1-la em outro lar. Para a caracteriza\u00e7\u00e3o desse crime \u00e9 essencial que o objetivo do criminoso seja inserir a crian\u00e7a em fam\u00edlia diversa da que se encontre. A pena prevista \u00e9 de 2 a 6 anos de reclus\u00e3o, e multa, segundo informa o Tribunal de Justi\u00e7a de Bras\u00edlia. <\/p>\n","protected":false},"excerpt":{"rendered":"<p>247 &#8211; A ministra da Mulher, da Fam\u00edlia e dos Direitos Humanos do governo de Jair Bolsonaro, Damares Alves, encontra-se em meio a mais uma pol\u00eamica, dessa vez, envolvendo a guarda ilegal da jovem ind\u00edgena Lulu, a qual a ministra retirou, ainda na inf\u00e2ncia, da Tribo Xingu, como foi noticiado recentemente pela revista \u00c9poca. Em&#8230;<a class=\"more-link\" href=\"http:\/\/blogdalucianaoliveira.com.br\/blog\/2019\/02\/18\/damares-defende-adocao-ilegal-o-pegou-pra-criar\/\">Continue a leitura <span class=\"meta-nav\">&raquo;<\/span><\/a><\/p>\n","protected":false},"author":1,"featured_media":0,"comment_status":"closed","ping_status":"open","sticky":false,"template":"","format":"standard","meta":{"_exactmetrics_skip_tracking":false,"_exactmetrics_sitenote_active":false,"_exactmetrics_sitenote_note":"","_exactmetrics_sitenote_category":0,"jetpack_post_was_ever_published":false,"_jetpack_newsletter_access":"","_jetpack_dont_email_post_to_subs":false,"_jetpack_newsletter_tier_id":0,"_jetpack_memberships_contains_paywalled_content":false,"_jetpack_memberships_contains_paid_content":false,"footnotes":"","jetpack_publicize_message":"","jetpack_publicize_feature_enabled":true,"jetpack_social_post_already_shared":true,"jetpack_social_options":{"image_generator_settings":{"template":"highway","enabled":false},"version":2}},"categories":[1],"tags":[],"class_list":["post-20559","post","type-post","status-publish","format-standard","hentry","category-notas"],"jetpack_publicize_connections":[],"jetpack_sharing_enabled":true,"jetpack_featured_media_url":"","jetpack_shortlink":"https:\/\/wp.me\/p7wKYW-5lB","jetpack-related-posts":[],"_links":{"self":[{"href":"http:\/\/blogdalucianaoliveira.com.br\/blog\/wp-json\/wp\/v2\/posts\/20559","targetHints":{"allow":["GET"]}}],"collection":[{"href":"http:\/\/blogdalucianaoliveira.com.br\/blog\/wp-json\/wp\/v2\/posts"}],"about":[{"href":"http:\/\/blogdalucianaoliveira.com.br\/blog\/wp-json\/wp\/v2\/types\/post"}],"author":[{"embeddable":true,"href":"http:\/\/blogdalucianaoliveira.com.br\/blog\/wp-json\/wp\/v2\/users\/1"}],"replies":[{"embeddable":true,"href":"http:\/\/blogdalucianaoliveira.com.br\/blog\/wp-json\/wp\/v2\/comments?post=20559"}],"version-history":[{"count":1,"href":"http:\/\/blogdalucianaoliveira.com.br\/blog\/wp-json\/wp\/v2\/posts\/20559\/revisions"}],"predecessor-version":[{"id":20561,"href":"http:\/\/blogdalucianaoliveira.com.br\/blog\/wp-json\/wp\/v2\/posts\/20559\/revisions\/20561"}],"wp:attachment":[{"href":"http:\/\/blogdalucianaoliveira.com.br\/blog\/wp-json\/wp\/v2\/media?parent=20559"}],"wp:term":[{"taxonomy":"category","embeddable":true,"href":"http:\/\/blogdalucianaoliveira.com.br\/blog\/wp-json\/wp\/v2\/categories?post=20559"},{"taxonomy":"post_tag","embeddable":true,"href":"http:\/\/blogdalucianaoliveira.com.br\/blog\/wp-json\/wp\/v2\/tags?post=20559"}],"curies":[{"name":"wp","href":"https:\/\/api.w.org\/{rel}","templated":true}]}}