{"id":20562,"date":"2019-02-18T12:08:57","date_gmt":"2019-02-18T16:08:57","guid":{"rendered":"http:\/\/blogdalucianaoliveira.com.br\/blog\/?p=20562"},"modified":"2019-02-18T12:08:57","modified_gmt":"2019-02-18T16:08:57","slug":"papa-francisco-revoga-permanentemente-todas-as-sancoes-canonicas-contra-o-padre-e-poeta-ernesto-cardenal","status":"publish","type":"post","link":"http:\/\/blogdalucianaoliveira.com.br\/blog\/2019\/02\/18\/papa-francisco-revoga-permanentemente-todas-as-sancoes-canonicas-contra-o-padre-e-poeta-ernesto-cardenal\/","title":{"rendered":"Papa Francisco revoga permanentemente todas as san\u00e7\u00f5es can\u00f4nicas contra o padre e poeta Ernesto Cardenal"},"content":{"rendered":"<p><img data-recalc-dims=\"1\" loading=\"lazy\" decoding=\"async\" data-attachment-id=\"20563\" data-permalink=\"http:\/\/blogdalucianaoliveira.com.br\/blog\/2019\/02\/18\/papa-francisco-revoga-permanentemente-todas-as-sancoes-canonicas-contra-o-padre-e-poeta-ernesto-cardenal\/poe\/\" data-orig-file=\"https:\/\/i0.wp.com\/blogdalucianaoliveira.com.br\/blog\/wp-content\/uploads\/2019\/02\/poe.jpg?fit=700%2C350\" data-orig-size=\"700,350\" data-comments-opened=\"0\" data-image-meta=\"{&quot;aperture&quot;:&quot;0&quot;,&quot;credit&quot;:&quot;Mauricio Tab&quot;,&quot;camera&quot;:&quot;&quot;,&quot;caption&quot;:&quot;&quot;,&quot;created_timestamp&quot;:&quot;0&quot;,&quot;copyright&quot;:&quot;&quot;,&quot;focal_length&quot;:&quot;0&quot;,&quot;iso&quot;:&quot;0&quot;,&quot;shutter_speed&quot;:&quot;0&quot;,&quot;title&quot;:&quot;&quot;,&quot;orientation&quot;:&quot;0&quot;}\" data-image-title=\"poe\" data-image-description=\"\" data-image-caption=\"\" data-medium-file=\"https:\/\/i0.wp.com\/blogdalucianaoliveira.com.br\/blog\/wp-content\/uploads\/2019\/02\/poe.jpg?fit=300%2C150\" data-large-file=\"https:\/\/i0.wp.com\/blogdalucianaoliveira.com.br\/blog\/wp-content\/uploads\/2019\/02\/poe.jpg?fit=600%2C300\" class=\"alignnone size-full wp-image-20563\" src=\"https:\/\/i0.wp.com\/blogdalucianaoliveira.com.br\/blog\/wp-content\/uploads\/2019\/02\/poe.jpg?resize=600%2C300\" alt=\"poe\" width=\"600\" height=\"300\" srcset=\"https:\/\/i0.wp.com\/blogdalucianaoliveira.com.br\/blog\/wp-content\/uploads\/2019\/02\/poe.jpg?w=700 700w, https:\/\/i0.wp.com\/blogdalucianaoliveira.com.br\/blog\/wp-content\/uploads\/2019\/02\/poe.jpg?resize=300%2C150 300w, https:\/\/i0.wp.com\/blogdalucianaoliveira.com.br\/blog\/wp-content\/uploads\/2019\/02\/poe.jpg?resize=600%2C300 600w\" sizes=\"auto, (max-width: 600px) 100vw, 600px\" \/><\/p>\n<p>Sarada outra ferida do catolicismo latino-americano. Um gesto do Papa, como o anterior com o padre Miguel d&#8217;Escoto, recomp\u00f5e de forma discreta e suave uma dolorosa fratura.<!--more--><\/p>\n<p>No Humanitas Unisinos<\/p>\n<p>A reportagem fi publicada por Il Sism\u00f3grafo, 17-02-2019. A tradu\u00e7\u00e3o \u00e9 de Luisa Rabolini.<\/p>\n<p>O sacerdote Ernesto Cardenal (Granada, 20 de janeiro de 1925), famoso poeta latino-americano, durante alguns anos Ministro da Educa\u00e7\u00e3o logo ap\u00f3s a vit\u00f3ria do sandinismo do &#8220;primeiro&#8221; Daniel Ortega, aquele da lideran\u00e7a contra a ditadura Anastacio Somoza, est\u00e1 hospitalizado j\u00e1 h\u00e1 alguns dias e suas condi\u00e7\u00f5es de sa\u00fade s\u00e3o muito delicadas e bastante prec\u00e1rias. Padre Cardenal, tamb\u00e9m conhecido como te\u00f3logo e especialista em educa\u00e7\u00e3o popular, h\u00e1 v\u00e1rios anos em rota de colis\u00e3o com o sandinismo orteguista e que nos \u00faltimos meses criticou com veem\u00eancia, acusando Daniel Ortega de ser um &#8220;pequeno m\u00edsero ditador&#8221;, recebeu nos \u00faltimos dias visita do N\u00fancio na Nicar\u00e1gua (s\u00e1bado 2 de fevereiro), Mons. Stanislaw Waldemar Sommertag, que lhe comunicou que o Papa Francisco revogou todas as san\u00e7\u00f5es can\u00f4nicas existentes contra ele h\u00e1 35 anos, impostas por vontade de Jo\u00e3o Paulo II.<\/p>\n<div class=\"jetpack-video-wrapper\"><iframe loading=\"lazy\" title=\"As\u00ed fue la REPRIMENDA de Juan Pablo II a Ernesto Cardenal\" width=\"600\" height=\"338\" src=\"https:\/\/www.youtube.com\/embed\/5A8vRQNoJFA?feature=oembed\" frameborder=\"0\" allow=\"accelerometer; autoplay; clipboard-write; encrypted-media; gyroscope; picture-in-picture; web-share\" referrerpolicy=\"strict-origin-when-cross-origin\" allowfullscreen><\/iframe><\/div>\n<p>O n\u00fancio ofereceu ao padre Cardenal para celebrarem juntos a primeira missa depois de mais de tr\u00eas d\u00e9cadas.<\/p>\n<p>Ernesto Cardenal se tornou famoso por seu talento, por suas escolhas pol\u00edticas, por ser o art\u00edfice da elimina\u00e7\u00e3o do analfabetismo na Nicar\u00e1gua depois da ditadura, mas, principalmente, porque em 4 de mar\u00e7o de 1983, no Aeroporto Internacional de Man\u00e1gua, Jo\u00e3o Paulo II enfurecido quase gritando enquanto o sacerdote estava de joelhos para cumpriment\u00e1-lo, disse-lhe com um tom autorit\u00e1rio: &#8220;O senhor deve imediatamente se colocar em regra com as normas da Igreja&#8221;. (NdR: ou seja, o senhor deve largar a pol\u00edtica e voltar ao seu mosteiro&#8230;).<\/p>\n<p>Logo em seguida vieram v\u00e1rias san\u00e7\u00f5es can\u00f4nicas contra Cardenal, suspenso do sacerd\u00f3cio assim como aconteceu com outro sacerdote, em condi\u00e7\u00f5es quase id\u00eanticas, o padre Miguel d&#8217;Escoto Brockmann (Los Angeles, 5 de fevereiro de 1933 &#8211; Man\u00e1gua, 08 de junho de 2017), Ministro dos Assuntos Exteriores do primeiro sandinismo. O Papa Francisco tamb\u00e9m revogou as san\u00e7\u00f5es do papa Wojtyla contra ele, em agosto de 2014.<\/p>\n","protected":false},"excerpt":{"rendered":"<p>Sarada outra ferida do catolicismo latino-americano. Um gesto do Papa, como o anterior com o padre Miguel d&#8217;Escoto, recomp\u00f5e de forma discreta e suave uma dolorosa fratura.<\/p>\n","protected":false},"author":1,"featured_media":0,"comment_status":"closed","ping_status":"open","sticky":false,"template":"","format":"standard","meta":{"_exactmetrics_skip_tracking":false,"_exactmetrics_sitenote_active":false,"_exactmetrics_sitenote_note":"","_exactmetrics_sitenote_category":0,"jetpack_post_was_ever_published":false,"_jetpack_newsletter_access":"","_jetpack_dont_email_post_to_subs":false,"_jetpack_newsletter_tier_id":0,"_jetpack_memberships_contains_paywalled_content":false,"_jetpack_memberships_contains_paid_content":false,"footnotes":"","jetpack_publicize_message":"","jetpack_publicize_feature_enabled":true,"jetpack_social_post_already_shared":true,"jetpack_social_options":{"image_generator_settings":{"template":"highway","enabled":false},"version":2}},"categories":[1],"tags":[],"class_list":["post-20562","post","type-post","status-publish","format-standard","hentry","category-notas"],"jetpack_publicize_connections":[],"jetpack_sharing_enabled":true,"jetpack_featured_media_url":"","jetpack_shortlink":"https:\/\/wp.me\/p7wKYW-5lE","jetpack-related-posts":[],"_links":{"self":[{"href":"http:\/\/blogdalucianaoliveira.com.br\/blog\/wp-json\/wp\/v2\/posts\/20562","targetHints":{"allow":["GET"]}}],"collection":[{"href":"http:\/\/blogdalucianaoliveira.com.br\/blog\/wp-json\/wp\/v2\/posts"}],"about":[{"href":"http:\/\/blogdalucianaoliveira.com.br\/blog\/wp-json\/wp\/v2\/types\/post"}],"author":[{"embeddable":true,"href":"http:\/\/blogdalucianaoliveira.com.br\/blog\/wp-json\/wp\/v2\/users\/1"}],"replies":[{"embeddable":true,"href":"http:\/\/blogdalucianaoliveira.com.br\/blog\/wp-json\/wp\/v2\/comments?post=20562"}],"version-history":[{"count":1,"href":"http:\/\/blogdalucianaoliveira.com.br\/blog\/wp-json\/wp\/v2\/posts\/20562\/revisions"}],"predecessor-version":[{"id":20564,"href":"http:\/\/blogdalucianaoliveira.com.br\/blog\/wp-json\/wp\/v2\/posts\/20562\/revisions\/20564"}],"wp:attachment":[{"href":"http:\/\/blogdalucianaoliveira.com.br\/blog\/wp-json\/wp\/v2\/media?parent=20562"}],"wp:term":[{"taxonomy":"category","embeddable":true,"href":"http:\/\/blogdalucianaoliveira.com.br\/blog\/wp-json\/wp\/v2\/categories?post=20562"},{"taxonomy":"post_tag","embeddable":true,"href":"http:\/\/blogdalucianaoliveira.com.br\/blog\/wp-json\/wp\/v2\/tags?post=20562"}],"curies":[{"name":"wp","href":"https:\/\/api.w.org\/{rel}","templated":true}]}}