{"id":20572,"date":"2019-02-19T11:28:14","date_gmt":"2019-02-19T15:28:14","guid":{"rendered":"http:\/\/blogdalucianaoliveira.com.br\/blog\/?p=20572"},"modified":"2019-02-19T11:28:14","modified_gmt":"2019-02-19T15:28:14","slug":"corrupcao-oposicao-e-impopularidade-desafios-de-bolsonaro-para-aprovar-previdencia","status":"publish","type":"post","link":"http:\/\/blogdalucianaoliveira.com.br\/blog\/2019\/02\/19\/corrupcao-oposicao-e-impopularidade-desafios-de-bolsonaro-para-aprovar-previdencia\/","title":{"rendered":"Corrup\u00e7\u00e3o, oposi\u00e7\u00e3o e impopularidade: desafios de Bolsonaro para aprovar Previd\u00eancia"},"content":{"rendered":"<p>&nbsp;<\/p>\n<h2 class=\"description\"><\/h2>\n<h2 class=\"description\"><\/h2>\n<h2 class=\"description\"><img data-recalc-dims=\"1\" loading=\"lazy\" decoding=\"async\" data-attachment-id=\"20573\" data-permalink=\"http:\/\/blogdalucianaoliveira.com.br\/blog\/2019\/02\/19\/corrupcao-oposicao-e-impopularidade-desafios-de-bolsonaro-para-aprovar-previdencia\/fora-8\/\" data-orig-file=\"https:\/\/i0.wp.com\/blogdalucianaoliveira.com.br\/blog\/wp-content\/uploads\/2019\/02\/fora.jpg?fit=640%2C424\" data-orig-size=\"640,424\" data-comments-opened=\"0\" data-image-meta=\"{&quot;aperture&quot;:&quot;0&quot;,&quot;credit&quot;:&quot;&quot;,&quot;camera&quot;:&quot;&quot;,&quot;caption&quot;:&quot;&quot;,&quot;created_timestamp&quot;:&quot;0&quot;,&quot;copyright&quot;:&quot;&quot;,&quot;focal_length&quot;:&quot;0&quot;,&quot;iso&quot;:&quot;0&quot;,&quot;shutter_speed&quot;:&quot;0&quot;,&quot;title&quot;:&quot;&quot;,&quot;orientation&quot;:&quot;0&quot;}\" data-image-title=\"fora\" data-image-description=\"\" data-image-caption=\"\" data-medium-file=\"https:\/\/i0.wp.com\/blogdalucianaoliveira.com.br\/blog\/wp-content\/uploads\/2019\/02\/fora.jpg?fit=300%2C199\" data-large-file=\"https:\/\/i0.wp.com\/blogdalucianaoliveira.com.br\/blog\/wp-content\/uploads\/2019\/02\/fora.jpg?fit=600%2C398\" class=\"alignnone size-full wp-image-20573\" src=\"https:\/\/i0.wp.com\/blogdalucianaoliveira.com.br\/blog\/wp-content\/uploads\/2019\/02\/fora.jpg?resize=600%2C398\" alt=\"fora\" width=\"600\" height=\"398\" srcset=\"https:\/\/i0.wp.com\/blogdalucianaoliveira.com.br\/blog\/wp-content\/uploads\/2019\/02\/fora.jpg?w=640 640w, https:\/\/i0.wp.com\/blogdalucianaoliveira.com.br\/blog\/wp-content\/uploads\/2019\/02\/fora.jpg?resize=300%2C199 300w, https:\/\/i0.wp.com\/blogdalucianaoliveira.com.br\/blog\/wp-content\/uploads\/2019\/02\/fora.jpg?resize=453%2C300 453w\" sizes=\"auto, (max-width: 600px) 100vw, 600px\" \/><\/h2>\n<h2 class=\"description\">Proposta de Bolsonaro ainda n\u00e3o foi enviada \u00e0 C\u00e2mara, mas gera articula\u00e7\u00e3o de oposi\u00e7\u00e3o e divide conservadores<\/h2>\n<p><!--more--><\/p>\n<div class=\"details-bar\">\n<div class=\"author-time\">\n<div class=\"author\">Cristiane Sampaio<\/div>\n<div class=\"place-and-time\">\n<div class=\"place\">\n<p>Brasil de Fato<\/p>\n<p>A tradicional rejei\u00e7\u00e3o popular em rela\u00e7\u00e3o a pautas de retirada de direitos faz com que o governo Bolsonaro pise num terreno movedi\u00e7o quando o assunto \u00e9 a reforma da Previd\u00eancia, apesar de ter maioria no Congresso Nacional. As den\u00fancias de corrup\u00e7\u00e3o envolvendo o PSL, seu partido, aumentam ainda mais os desafios do ex-capit\u00e3o e de seu ministro Paulo Guedes.<\/p>\n<p dir=\"ltr\">O governo tem esbarrado em dificuldades de articula\u00e7\u00e3o pol\u00edtica com partidos mais conservadores. Na semana passada, l\u00edderes de legendas como o PP, por exemplo, queixaram-se do problema da corrup\u00e7\u00e3o, que se delineia em meio \u00e0 primeira crise da gest\u00e3o, hoje alfinetada por esc\u00e2ndalos envolvendo supostos laranjas.<\/p>\n<p dir=\"ltr\">Aliados de Bolsonaro acusados desse tipo de pr\u00e1tica negam as acusa\u00e7\u00f5es, mas, para opositores, o debate sobre o tema da corrup\u00e7\u00e3o em torno do seu governo pode reduzir o apoio popular \u00e0 gest\u00e3o. Com isso, tende a fazer com que o terreno no Poder Legislativo fique menos f\u00e9rtil para sua base em termos de aceita\u00e7\u00e3o da reforma.<\/p>\n<p dir=\"ltr\">\u201cAcho que o governo dele tem cada vez menos espa\u00e7o pol\u00edtico pelo n\u00edvel de contradi\u00e7\u00e3o que eles j\u00e1 est\u00e3o apresentando. Eles est\u00e3o com cara de fim, e n\u00e3o de in\u00edcio de governo, mas obviamente que a gente n\u00e3o subestima. M\u00e1quina de governo \u00e9 m\u00e1quina de governo, e eles t\u00eam v\u00e1rios partidos na base. No entanto, esse tema \u00e9 muito sens\u00edvel na sociedade brasileira\u201d, pontua a l\u00edder da minoria, Jandira Feghali (PCdoB-RJ).<\/p>\n<p dir=\"ltr\">Em entrevista ao Brasil de Fato, o l\u00edder do PSOL, Ivan Valente (SP), disse acreditar no peso da antipatia dos segmentos populares em rela\u00e7\u00e3o \u00e0 medida, assim como ocorreu no governo de Michel Temer (MDB), quando outra proposta de reforma foi apresentada.<\/p>\n<p dir=\"ltr\">\u201c\u00c9 preciso pensar que qualquer pesquisa de opini\u00e3o mostra que quase 70% da popula\u00e7\u00e3o \u00e9 contra a reforma da Previd\u00eancia. Em segundo lugar, o Bolsonaro n\u00e3o foi eleito com essas bandeiras.\u00a0Na minha de opini\u00e3o, a lua de mel do governo [com sua base eleitoral] come\u00e7a a ser desgastada, ferida com a reforma da Previd\u00eancia\u201d, afirma<\/p>\n<p dir=\"ltr\">Diante desse cen\u00e1rio, o campo popular segue atento aos movimentos do governo e se sustenta na import\u00e2ncia da Previd\u00eancia social para articular uma ampla oposi\u00e7\u00e3o \u00e0 pauta, segundo afirma Leidiano Farias, da coordena\u00e7\u00e3o nacional da Frente Brasil Popular (FBP).<\/p>\n<p dir=\"ltr\">\u201cN\u00f3s sabemos que a Previd\u00eancia Docial no Brasil \u00e9 o principal instrumento de distribui\u00e7\u00e3o de renda. Os pequenos munic\u00edpios, a popula\u00e7\u00e3o mais pobre precisam dela e de direitos que foram historicamente conquistados, ent\u00e3o, tem um grande potencial a\u00ed de construir uma resist\u00eancia\u201d, acredita.<\/p>\n<p class=\"ckeditor-subtitle\" dir=\"ltr\">Divis\u00e3o<\/p>\n<p dir=\"ltr\">Apesar de ainda n\u00e3o ter sido oficialmente encaminhada ao Congresso Nacional,\u00a0<a href=\"https:\/\/www.brasildefato.com.br\/2016\/07\/22\/esta-sobrando-muito-dinheiro-na-previdencia-entenda-os-numeros\/\">a reforma da Previd\u00eancia do governo de Jair Bolsonaro<\/a>\u00a0(PSL) causa rea\u00e7\u00f5es adversas nos \u00e2mbitos institucional e popular.<\/p>\n<p dir=\"ltr\">Na C\u00e2mara dos Deputados, para onde a proposta dever\u00e1 ser enviada em breve, partidos de esquerda acreditam que a pauta poder\u00e1 ser um ponto de favorecimento na uni\u00e3o dos diferentes grupos desse espectro, algo que at\u00e9 agora n\u00e3o aconteceu de forma plena. \u00c9 o que afirma, por exemplo, o l\u00edder da bancada do PCdoB, deputado Orlando Silva (SP).<\/p>\n<p dir=\"ltr\">\u201cO governo vai encontrar uma oposi\u00e7\u00e3o determinada a derrot\u00e1-lo. Acredito que os partidos de oposi\u00e7\u00e3o \u2013 PCdoB, PSB, PT, PDT, PSOL \u2013 \u00a0v\u00e3o ter uma posi\u00e7\u00e3o muito decidida de enfrentamento com rela\u00e7\u00e3o a essa proposta\u201d.<\/p>\n<p dir=\"ltr\">Para o deputado, a reforma, que j\u00e1 \u00e9 alvo de coment\u00e1rios nos bastidores da Casa, tem ainda o potencial de aglutinar outras for\u00e7as ao grupo que dever\u00e1 fazer frente \u00e0 medida no Poder Legislativo. O car\u00e1ter impopular desse tipo de proposta e a mem\u00f3ria traum\u00e1tica da popula\u00e7\u00e3o em rela\u00e7\u00e3o ao tema seriam, para ele, poss\u00edveis motores de uma articula\u00e7\u00e3o de maior amplitude.<\/p>\n<p dir=\"ltr\">\u201cAcredito que muitos parlamentares de partidos da base do governo podem se somar a n\u00f3s. Eu creio que o cen\u00e1rio vai ser de muita dificuldade por parte do governo, at\u00e9 porque a experi\u00eancia passada, a reforma trabalhista, mandou um recado muito forte aos deputados: a maioria dos que votaram favoravelmente n\u00e3o foi reeleita\u201d, exemplifica Orlando Silva.<\/p>\n<p class=\"ckeditor-subtitle\" dir=\"ltr\">A reforma<\/p>\n<p dir=\"ltr\">As informa\u00e7\u00f5es divulgadas pelo governo Bolsonaro sobre a proposta de reforma ainda s\u00e3o preliminares, mas, segundo o que foi divulgado na \u00faltima quinta-feira (14), a medida dever\u00e1 contar com regras como: idades m\u00ednimas de 65 anos para homens e 62 para mulheres para requerer aposentadoria; e per\u00edodo de transi\u00e7\u00e3o de 12 anos para a ado\u00e7\u00e3o total da regra.<\/p>\n<p dir=\"ltr\">A mat\u00e9ria dever\u00e1 ser apresentada por meio de uma proposta de emenda constitucional (PEC), tendo a C\u00e2mara dos Deputados como porta de entrada. Para ser aprovada, a medida precisa ter o aval da Comiss\u00e3o de Constitui\u00e7\u00e3o e Justi\u00e7a (CCJ) e de um colegiado especial que deve ser criado para analisar a proposta.<\/p>\n<p dir=\"ltr\">Tamb\u00e9m depender\u00e1 de vota\u00e7\u00e3o no plen\u00e1rio da Casa em dois turnos diferentes, necessitando de 308 em cada um deles, o que corresponde a tr\u00eas quintos do total de deputados. Caso seja aprovada ao final, a proposta ser\u00e1 encaminhada ao Senado.<\/p>\n<p class=\"editor\">Edi\u00e7\u00e3o: Pedro Ribeiro Nogueira<\/p>\n<div class=\"content-footer\"><\/div>\n<\/div>\n<\/div>\n<\/div>\n<\/div>\n","protected":false},"excerpt":{"rendered":"<p>&nbsp; Proposta de Bolsonaro ainda n\u00e3o foi enviada \u00e0 C\u00e2mara, mas gera articula\u00e7\u00e3o de oposi\u00e7\u00e3o e divide conservadores<\/p>\n","protected":false},"author":1,"featured_media":0,"comment_status":"closed","ping_status":"open","sticky":false,"template":"","format":"standard","meta":{"_exactmetrics_skip_tracking":false,"_exactmetrics_sitenote_active":false,"_exactmetrics_sitenote_note":"","_exactmetrics_sitenote_category":0,"jetpack_post_was_ever_published":false,"_jetpack_newsletter_access":"","_jetpack_dont_email_post_to_subs":false,"_jetpack_newsletter_tier_id":0,"_jetpack_memberships_contains_paywalled_content":false,"_jetpack_memberships_contains_paid_content":false,"footnotes":"","jetpack_publicize_message":"","jetpack_publicize_feature_enabled":true,"jetpack_social_post_already_shared":true,"jetpack_social_options":{"image_generator_settings":{"template":"highway","enabled":false},"version":2}},"categories":[1],"tags":[],"class_list":["post-20572","post","type-post","status-publish","format-standard","hentry","category-notas"],"jetpack_publicize_connections":[],"jetpack_sharing_enabled":true,"jetpack_featured_media_url":"","jetpack_shortlink":"https:\/\/wp.me\/p7wKYW-5lO","jetpack-related-posts":[],"_links":{"self":[{"href":"http:\/\/blogdalucianaoliveira.com.br\/blog\/wp-json\/wp\/v2\/posts\/20572","targetHints":{"allow":["GET"]}}],"collection":[{"href":"http:\/\/blogdalucianaoliveira.com.br\/blog\/wp-json\/wp\/v2\/posts"}],"about":[{"href":"http:\/\/blogdalucianaoliveira.com.br\/blog\/wp-json\/wp\/v2\/types\/post"}],"author":[{"embeddable":true,"href":"http:\/\/blogdalucianaoliveira.com.br\/blog\/wp-json\/wp\/v2\/users\/1"}],"replies":[{"embeddable":true,"href":"http:\/\/blogdalucianaoliveira.com.br\/blog\/wp-json\/wp\/v2\/comments?post=20572"}],"version-history":[{"count":1,"href":"http:\/\/blogdalucianaoliveira.com.br\/blog\/wp-json\/wp\/v2\/posts\/20572\/revisions"}],"predecessor-version":[{"id":20574,"href":"http:\/\/blogdalucianaoliveira.com.br\/blog\/wp-json\/wp\/v2\/posts\/20572\/revisions\/20574"}],"wp:attachment":[{"href":"http:\/\/blogdalucianaoliveira.com.br\/blog\/wp-json\/wp\/v2\/media?parent=20572"}],"wp:term":[{"taxonomy":"category","embeddable":true,"href":"http:\/\/blogdalucianaoliveira.com.br\/blog\/wp-json\/wp\/v2\/categories?post=20572"},{"taxonomy":"post_tag","embeddable":true,"href":"http:\/\/blogdalucianaoliveira.com.br\/blog\/wp-json\/wp\/v2\/tags?post=20572"}],"curies":[{"name":"wp","href":"https:\/\/api.w.org\/{rel}","templated":true}]}}