{"id":20575,"date":"2019-02-19T11:34:11","date_gmt":"2019-02-19T15:34:11","guid":{"rendered":"http:\/\/blogdalucianaoliveira.com.br\/blog\/?p=20575"},"modified":"2019-02-19T11:34:11","modified_gmt":"2019-02-19T15:34:11","slug":"acabou-o-governo-dos-bolsonaros-comeca-o-dos-generais-da-turma-do-haiti","status":"publish","type":"post","link":"http:\/\/blogdalucianaoliveira.com.br\/blog\/2019\/02\/19\/acabou-o-governo-dos-bolsonaros-comeca-o-dos-generais-da-turma-do-haiti\/","title":{"rendered":"ACABOU O GOVERNO DOS BOLSONAROS. COME\u00c7A O DOS GENERAIS DA \u201cTURMA DO HAITI\u201d"},"content":{"rendered":"<p><img data-recalc-dims=\"1\" loading=\"lazy\" decoding=\"async\" data-attachment-id=\"20576\" data-permalink=\"http:\/\/blogdalucianaoliveira.com.br\/blog\/2019\/02\/19\/acabou-o-governo-dos-bolsonaros-comeca-o-dos-generais-da-turma-do-haiti\/ver-2\/\" data-orig-file=\"https:\/\/i0.wp.com\/blogdalucianaoliveira.com.br\/blog\/wp-content\/uploads\/2019\/02\/ver.jpg?fit=300%2C168\" data-orig-size=\"300,168\" data-comments-opened=\"0\" data-image-meta=\"{&quot;aperture&quot;:&quot;0&quot;,&quot;credit&quot;:&quot;&quot;,&quot;camera&quot;:&quot;&quot;,&quot;caption&quot;:&quot;&quot;,&quot;created_timestamp&quot;:&quot;0&quot;,&quot;copyright&quot;:&quot;&quot;,&quot;focal_length&quot;:&quot;0&quot;,&quot;iso&quot;:&quot;0&quot;,&quot;shutter_speed&quot;:&quot;0&quot;,&quot;title&quot;:&quot;&quot;,&quot;orientation&quot;:&quot;0&quot;}\" data-image-title=\"ver\" data-image-description=\"\" data-image-caption=\"\" data-medium-file=\"https:\/\/i0.wp.com\/blogdalucianaoliveira.com.br\/blog\/wp-content\/uploads\/2019\/02\/ver.jpg?fit=300%2C168\" data-large-file=\"https:\/\/i0.wp.com\/blogdalucianaoliveira.com.br\/blog\/wp-content\/uploads\/2019\/02\/ver.jpg?fit=300%2C168\" src=\"https:\/\/i0.wp.com\/blogdalucianaoliveira.com.br\/blog\/wp-content\/uploads\/2019\/02\/ver.jpg?resize=300%2C168\" alt=\"ver\" width=\"300\" height=\"168\" class=\"alignnone size-full wp-image-20576\" \/><\/p>\n<p>A lamban\u00e7a na demiss\u00e3o do ministro dos laranjais foi a gota d\u00b4\u00e1gua.<\/p>\n<p>Nenhuma surpresa. Acabou precocemente o governo do cl\u00e3 dos Bolsonaros, aos 50 dias de vida, na primeira crise que enfrentou.<!--more--><\/p>\n<p>Por Ricardo Kotscho <\/p>\n<p>A deprimente imagem do v\u00eddeo improvisado em que o presidente Jair Bolsonaro se rende \u00e0 chantagem de Bebianno, e o cobre de elogios, deve ter arrepiado o brio at\u00e9 dos militares mais insens\u00edveis.<\/p>\n<p>Come\u00e7a agora para valer o governo da junta militar comandada pelo general Augusto Heleno, o chefe da \u201cturma do Haiti\u201d.<\/p>\n<p>Com a nomea\u00e7\u00e3o do general Floriano Peixoto para o lugar do defenestrado Gustavo Bebianno na Secretaria-Geral da Presid\u00eancia, completa-se o quadro dos militares que estiveram nos \u00faltimos anos no Haiti liderando a tropa de paz da ONU.<\/p>\n<p>Faz parte do grupo tamb\u00e9m o general da ativa Ot\u00e1vio do R\u00eago Barros, o porta-voz sempre assustado.<\/p>\n<p>O Haiti est\u00e1 em guerra civil outra vez, com o pa\u00eds em frangalhos e morrendo de fome, mas os generais se deram bem.<\/p>\n<p>Ganharam para comandar, com a vit\u00f3ria eleitoral de Jair Bolsonaro, um pa\u00eds bem maior, o Brasil.<\/p>\n<p>Nem na \u00e9poca dos generais presidentes da ditadura eles tiveram tanto protagonismo no Pal\u00e1cio do Planalto.<\/p>\n<p>Afinal, o presidente capit\u00e3o e o vice general tamb\u00e9m s\u00e3o militares.<\/p>\n<p>J\u00e1 s\u00e3o quatro generais no centro do poder, al\u00e9m de Mour\u00e3o, oito militares no minist\u00e9rio e ao todo 46 fardados ou ex-fardados no primeiro e segundo escal\u00f5es do governo.<\/p>\n<p>At\u00e9 os militares que ainda n\u00e3o est\u00e3o no governo j\u00e1 se sentem  incomodados com esta escalada de generais no governo Bolsonaro, como mostra a reportagem \u201cAla militar comemora poder, mas se preocupa com o destaque excessivo\u201d, de Igor Gielow, publicada na Folha desta ter\u00e7a-feira.<\/p>\n<p>Relata a abertura da mat\u00e9ria:<\/p>\n<p>\u201cSe por um lado est\u00e1 sendo comemorada pelo n\u00facleo militar como a consolida\u00e7\u00e3o do seu poder no centro do governo Jair Bolsonaro, a chegada do oitavo ministro egresso das For\u00e7as Armadas j\u00e1 come\u00e7a a despertar algumas preocupa\u00e7\u00f5es.<\/p>\n<p>A principal, ouvida pela Folha de diversos oficiais generais ao longo da ag\u00f4nica demiss\u00e3o de Gustavo Bebianno da Secretaria-Geral, diz respeito ao \u00f3bvio: os filhos de Bolsonaro continuar\u00e3o a ser instrumentos de interfer\u00eancia no governo?\u201d<\/p>\n<p>Como n\u00e3o d\u00e1 para demitir os filhos nem o vice, inimigo deles, tudo indica que sim.<\/p>\n<p>Bebianno e os filhos 01, 02 e 03 sumiram de cena de um dia para outro, mas a crise de autoridade deflagrada pelos pr\u00f3prios Bolsonaros est\u00e1 longe de acabar.<\/p>\n<p>Mais do que nunca, a sobreviv\u00eancia do capit\u00e3o est\u00e1 nas m\u00e3os dos generais da \u201cturma do Haiti\u201d liderados pelo conselheiro Heleno Fragoso, chefe do GSI.<\/p>\n<p>\u201cHoje, a ala militar tem um Estado-Maior em forma\u00e7\u00e3o na administra\u00e7\u00e3o, com secretarias, estatais e cargos diversos. S\u00f3 que esse tipo de \u00f3rg\u00e3o assessora e aconselha um l\u00edder, e o epis\u00f3dio Bebianno jogou d\u00favidas entre v\u00e1rios oficiais sobre a capacidade de comando do presidente logo na sua primeira crise pol\u00edtica\u201d, escreve Gielow.<\/p>\n<p>O clima de desconfian\u00e7a entre os diferentes atores desta pantomina institucional \u00e9 t\u00e3o grave que at\u00e9 nas reuni\u00f5es entre eles os celulares est\u00e3o sendo deixados do lado de fora da sala.<\/p>\n<p>\u00c9 nesse cen\u00e1rio que o governo entrega esta semana \u00e0 C\u00e2mara seus dois mais importantes e, ao que tudo indica, \u00fanicos projetos de governo: o pacote anticrime de Moro e a reforma da Previd\u00eancia de Guedes, os \u00fanicos civis que se sobressaem em meio ao batalh\u00e3o de generais.<\/p>\n<p>A reforma da Previd\u00eancia \u00e9 tratada como a salva\u00e7\u00e3o da lavoura, a bala de prata do governo para agradar o mercado e a m\u00eddia.<\/p>\n<p>E se o tiro sair pela culatra, com esta base aliada mambembe, o que a junta militar poder\u00e1 fazer?<\/p>\n<p>Cercar o Congresso com tanques, como os militares j\u00e1 fizeram em outros tristes tempos? Ou mandar um soldado e um cabo ocupar o STF, como sugeriu o filho 03?<\/p>\n<p>Em seu 50\u00aa dia de governo, Bolsonaro j\u00e1 virou um 00 \u00e0 esquerda, que nem sabe o que ainda est\u00e1 fazendo no governo.<\/p>\n<p>A distinta plat\u00e9ia que o elegeu a tudo assiste bestificada.<\/p>\n<p>Foi para isso, devem pensar, que batemos panelas, marchamos contra a corrup\u00e7\u00e3o, derrubamos a Dilma, prendemos o Lula e engordamos os patos amarelos na avenida Paulista?<\/p>\n<p>Vida que segue.<\/p>\n","protected":false},"excerpt":{"rendered":"<p>A lamban\u00e7a na demiss\u00e3o do ministro dos laranjais foi a gota d\u00b4\u00e1gua. Nenhuma surpresa. Acabou precocemente o governo do cl\u00e3 dos Bolsonaros, aos 50 dias de vida, na primeira crise que enfrentou.<\/p>\n","protected":false},"author":1,"featured_media":0,"comment_status":"closed","ping_status":"open","sticky":false,"template":"","format":"standard","meta":{"_exactmetrics_skip_tracking":false,"_exactmetrics_sitenote_active":false,"_exactmetrics_sitenote_note":"","_exactmetrics_sitenote_category":0,"jetpack_post_was_ever_published":false,"_jetpack_newsletter_access":"","_jetpack_dont_email_post_to_subs":false,"_jetpack_newsletter_tier_id":0,"_jetpack_memberships_contains_paywalled_content":false,"_jetpack_memberships_contains_paid_content":false,"footnotes":"","jetpack_publicize_message":"","jetpack_publicize_feature_enabled":true,"jetpack_social_post_already_shared":true,"jetpack_social_options":{"image_generator_settings":{"template":"highway","enabled":false},"version":2}},"categories":[1],"tags":[],"class_list":["post-20575","post","type-post","status-publish","format-standard","hentry","category-notas"],"jetpack_publicize_connections":[],"jetpack_sharing_enabled":true,"jetpack_featured_media_url":"","jetpack_shortlink":"https:\/\/wp.me\/p7wKYW-5lR","jetpack-related-posts":[],"_links":{"self":[{"href":"http:\/\/blogdalucianaoliveira.com.br\/blog\/wp-json\/wp\/v2\/posts\/20575","targetHints":{"allow":["GET"]}}],"collection":[{"href":"http:\/\/blogdalucianaoliveira.com.br\/blog\/wp-json\/wp\/v2\/posts"}],"about":[{"href":"http:\/\/blogdalucianaoliveira.com.br\/blog\/wp-json\/wp\/v2\/types\/post"}],"author":[{"embeddable":true,"href":"http:\/\/blogdalucianaoliveira.com.br\/blog\/wp-json\/wp\/v2\/users\/1"}],"replies":[{"embeddable":true,"href":"http:\/\/blogdalucianaoliveira.com.br\/blog\/wp-json\/wp\/v2\/comments?post=20575"}],"version-history":[{"count":1,"href":"http:\/\/blogdalucianaoliveira.com.br\/blog\/wp-json\/wp\/v2\/posts\/20575\/revisions"}],"predecessor-version":[{"id":20577,"href":"http:\/\/blogdalucianaoliveira.com.br\/blog\/wp-json\/wp\/v2\/posts\/20575\/revisions\/20577"}],"wp:attachment":[{"href":"http:\/\/blogdalucianaoliveira.com.br\/blog\/wp-json\/wp\/v2\/media?parent=20575"}],"wp:term":[{"taxonomy":"category","embeddable":true,"href":"http:\/\/blogdalucianaoliveira.com.br\/blog\/wp-json\/wp\/v2\/categories?post=20575"},{"taxonomy":"post_tag","embeddable":true,"href":"http:\/\/blogdalucianaoliveira.com.br\/blog\/wp-json\/wp\/v2\/tags?post=20575"}],"curies":[{"name":"wp","href":"https:\/\/api.w.org\/{rel}","templated":true}]}}