{"id":20578,"date":"2019-02-19T11:51:10","date_gmt":"2019-02-19T15:51:10","guid":{"rendered":"http:\/\/blogdalucianaoliveira.com.br\/blog\/?p=20578"},"modified":"2019-02-19T11:51:10","modified_gmt":"2019-02-19T15:51:10","slug":"mulheres-lideram-36-blocos-de-carnaval-empoderados-por-todo-o-brasil","status":"publish","type":"post","link":"http:\/\/blogdalucianaoliveira.com.br\/blog\/2019\/02\/19\/mulheres-lideram-36-blocos-de-carnaval-empoderados-por-todo-o-brasil\/","title":{"rendered":"Mulheres lideram 36 blocos de Carnaval empoderados por todo o Brasil"},"content":{"rendered":"<p><img data-recalc-dims=\"1\" loading=\"lazy\" decoding=\"async\" data-attachment-id=\"20580\" data-permalink=\"http:\/\/blogdalucianaoliveira.com.br\/blog\/2019\/02\/19\/mulheres-lideram-36-blocos-de-carnaval-empoderados-por-todo-o-brasil\/ilu1\/\" data-orig-file=\"https:\/\/i0.wp.com\/blogdalucianaoliveira.com.br\/blog\/wp-content\/uploads\/2019\/02\/ilu1.jpg?fit=1024%2C682\" data-orig-size=\"1024,682\" data-comments-opened=\"0\" data-image-meta=\"{&quot;aperture&quot;:&quot;3.2&quot;,&quot;credit&quot;:&quot;&quot;,&quot;camera&quot;:&quot;NIKON D700&quot;,&quot;caption&quot;:&quot;24 DE FEVEREIRO DE 2017 - CARNAVAL S\\u00c3O PAULO - BLOCO ILU OBA DE MIN, FOTO GUSTAVO LUIZON&quot;,&quot;created_timestamp&quot;:&quot;1487971835&quot;,&quot;copyright&quot;:&quot;&quot;,&quot;focal_length&quot;:&quot;35&quot;,&quot;iso&quot;:&quot;4000&quot;,&quot;shutter_speed&quot;:&quot;0.01&quot;,&quot;title&quot;:&quot;&quot;,&quot;orientation&quot;:&quot;1&quot;}\" data-image-title=\"ilu1\" data-image-description=\"\" data-image-caption=\"&lt;p&gt;24 DE FEVEREIRO DE 2017 &amp;#8211; CARNAVAL S\u00c3O PAULO &amp;#8211; BLOCO ILU OBA DE MIN, FOTO GUSTAVO LUIZON&lt;\/p&gt;\n\" data-medium-file=\"https:\/\/i0.wp.com\/blogdalucianaoliveira.com.br\/blog\/wp-content\/uploads\/2019\/02\/ilu1.jpg?fit=300%2C200\" data-large-file=\"https:\/\/i0.wp.com\/blogdalucianaoliveira.com.br\/blog\/wp-content\/uploads\/2019\/02\/ilu1.jpg?fit=600%2C400\" class=\"size-full wp-image-20580\" src=\"https:\/\/i0.wp.com\/blogdalucianaoliveira.com.br\/blog\/wp-content\/uploads\/2019\/02\/ilu1.jpg?resize=600%2C400\" alt=\"24 DE FEVEREIRO DE 2017 - CARNAVAL S\u00c3O PAULO - BLOCO ILU OBA DE MIN, FOTO GUSTAVO LUIZON\" width=\"600\" height=\"400\" srcset=\"https:\/\/i0.wp.com\/blogdalucianaoliveira.com.br\/blog\/wp-content\/uploads\/2019\/02\/ilu1.jpg?w=1024 1024w, https:\/\/i0.wp.com\/blogdalucianaoliveira.com.br\/blog\/wp-content\/uploads\/2019\/02\/ilu1.jpg?resize=300%2C200 300w, https:\/\/i0.wp.com\/blogdalucianaoliveira.com.br\/blog\/wp-content\/uploads\/2019\/02\/ilu1.jpg?resize=768%2C512 768w, https:\/\/i0.wp.com\/blogdalucianaoliveira.com.br\/blog\/wp-content\/uploads\/2019\/02\/ilu1.jpg?resize=450%2C300 450w\" sizes=\"auto, (max-width: 600px) 100vw, 600px\" \/><\/p>\n<p>Que as mulheres est\u00e3o ocupando todos os espa\u00e7os e mostrando sua pot\u00eancia em todas as \u00e1reas, da m\u00fasica \u00e0 ci\u00eancia, n\u00e3o \u00e9 novidade. Mas a gente acha o qu\u00ea? Pouco! Queremos mais \u2013 muito mais! As produ\u00e7\u00f5es culturais j\u00e1 passam pelas m\u00e3os delas em todos os n\u00edveis e chegam ao Carnaval cada vez mais fortes. O empoderamento feminino, da produ\u00e7\u00e3o \u00e0 bateria dos blocos de rua, se mostra uma ferramenta \u00fanica e necess\u00e1ria para os debates de g\u00eanero.<!--more--><\/p>\n<p>As organiza\u00e7\u00f5es e atua\u00e7\u00f5es nos blocos j\u00e1 foram dominadas completamente por homens, mas vemos um crescente de mulheres surgindo com com novas propostas espalhadas por todo o Brasil. O ass\u00e9dio nas festas foi o grande estopim para falar da presen\u00e7a feminina no Carnaval \u2013 e seguiu como tema com campanhas lindas como a\u00a0<a href=\"https:\/\/www.facebook.com\/hashtag\/carnavalsemass%C3%A9dio?source=note&amp;epa=HASHTAG\">#CarnavalSemAss\u00e9dio<\/a>. Mas a representatividade e hierarquia no trabalho dentro dos blocos mostrou uma mudan\u00e7a de rumos.<\/p>\n<p>Nada menos do que 36 blocos hoje s\u00e3o de produ\u00e7\u00f5es femininas. Necess\u00e1rio come\u00e7ar pelo\u00a0<a href=\"https:\/\/www.facebook.com\/iluobademin\/\">Il\u00fa Ob\u00e1 De Min<\/a>, de S\u00e3o Paulo, at\u00e9 pelo significado do pr\u00f3prio nome, vindo do Yorub\u00e1: M\u00e3os femininas que tocam tambor para Xang\u00f4. O Il\u00fa \u00e9 uma associa\u00e7\u00e3o sem fins lucrativos que tem trabalha com foco nas culturas de matriz africana e afro-brasileira e na mulher. Surgiu ap\u00f3s vinte anos de pesquisa-a\u00e7\u00e3o desenvolvidas por suas dirigentes Beth Beli e Adriana Arag\u00e3o, iniciando suas atividades em novembro de 2004.<\/p>\n<p><img data-recalc-dims=\"1\" decoding=\"async\" class=\"aligncenter size-full wp-image-259109\" src=\"https:\/\/i0.wp.com\/www.hypeness.com.br\/wp-content\/uploads\/2017\/02\/iluoba.jpg?w=600&#038;ssl=1\" sizes=\"(max-width: 628px) 100vw, 628px\" srcset=\"https:\/\/www.hypeness.com.br\/wp-content\/uploads\/2017\/02\/iluoba.jpg 628w, https:\/\/www.hypeness.com.br\/wp-content\/uploads\/2017\/02\/iluoba-300x200.jpg 300w\" alt=\"\" \/><\/p>\n<div id=\"ad-inread\" data-mad=\"\" data-mad-adunit=\"\/21636860837\/Hypeness\/Content\" data-mad-out-of-page=\"true\" data-google-query-id=\"CJ-Nm6aSyOACFXzI4wcdk1YHaA\"><\/div>\n<p>O Il\u00fa, que pela hist\u00f3ria, a\u00e7\u00f5es e maravilhosidade de seu desfile j\u00e1 merece destaque. Mas existem ainda outros bons e com muita bagagem, como o Bloco Nem Com uma Flor. Promovido pela prefeitura do Recife, o bloco sai h\u00e1 17 anos para conscientizar os foli\u00f5es sobre o fim da viol\u00eancia contra a mulher. Os outros surgiram nos \u00faltimos 10 anos, mas j\u00e1 mostram que vieram para ficar.<\/p>\n<p>Estimulando tamb\u00e9m o aprendizado, alguns blocos investem em forma\u00e7\u00e3o musical, como\u00a0<a href=\"https:\/\/www.facebook.com\/ascalungas\/\">As Calungas<\/a>, em Jo\u00e3o Pessoa, e\u00a0<a href=\"https:\/\/www.facebook.com\/asbatucas\/\">As Batucas- Orquestra Feminina de Bateria e Percuss\u00e3o<\/a>, em Porto Alegre. J\u00e1 os politizados, que lutam contra a viol\u00eancia contra a mulher, reafirmaram sua for\u00e7a, como o\u00a0<a href=\"https:\/\/www.facebook.com\/mulheresrodadas\/\">Mulheres Rodadas<\/a>, que acontece desde 2014 no Rio de Janeiro; o Filhas da Luta, de Macap\u00e1, que sai \u00e0s ruas desde 2015; o Bloco Maria Vai com as Outras, h\u00e1 8 anos nas ruas de Manaus; e o\u00a0<a href=\"https:\/\/www.facebook.com\/PerseguidasRJ\/\">Bloco das Perseguidas<\/a>, que surgiu em 2013, em Bras\u00edlia.<\/p>\n<p>Na contram\u00e3o, o bloco feminista\u00a0<a href=\"https:\/\/www.facebook.com\/batosiririca\/\">Bloco Bato Siririca<\/a>, da cidade de Sobral, no Cear\u00e1, foi retirado dos festejos de 2018, mesmo ap\u00f3s ser contemplado com edital e ficar classificado entre os blocos oficiais da cidade. O bloco saiu de forma independente e manifestou rep\u00fadio ap\u00f3s o corte, que tamb\u00e9m gerou forte pol\u00eamica nas redes sociais.<\/p>\n<p>Vamos \u00e0 lista dos blocos femininos que saem em 2019 pelo Brasil:<\/p>\n<h3>S\u00e3o Paulo (SP)<\/h3>\n<p><a href=\"https:\/\/www.facebook.com\/iluobademin\/\" target=\"_blank\" rel=\"noopener\">Il\u00fa Ob\u00e1 de Min<\/a><\/p>\n<p>O Il\u00fa Ob\u00e1 De Min \u2013 Educa\u00e7\u00e3o, Cultura e Arte Negra \u00e9 uma associa\u00e7\u00e3o paulistana, sem fins lucrativos, que tem como base o trabalho com as culturas de matriz africana e afro-brasileira e a mulher. Surgiu ap\u00f3s vinte anos de pesquisa-a\u00e7\u00e3o desenvolvidas com variados grupos sociais por suas dirigentes Beth Beli e Adriana Arag\u00e3o e iniciou suas atividades em novembro de 2004, tornando-se pessoa jur\u00eddica em 2006. \u00c9 um dos cortejos mais lindos que se pode ver no Carnaval da cidade.<\/p>\n<p>Quando? Sexta de Carnaval no\u00a0Vale do Anhangaba\u00fa e Domingo de Carnaval<\/p>\n<p><img data-recalc-dims=\"1\" decoding=\"async\" class=\"aligncenter size-full wp-image-355387\" src=\"https:\/\/i0.wp.com\/www.hypeness.com.br\/wp-content\/uploads\/2018\/09\/Ilu-Oba-de-Min_Roberto-Assem-G.jpg?w=600&#038;ssl=1\" sizes=\"(max-width: 1000px) 100vw, 1000px\" srcset=\"https:\/\/www.hypeness.com.br\/wp-content\/uploads\/2018\/09\/Ilu-Oba-de-Min_Roberto-Assem-G.jpg 1000w, https:\/\/www.hypeness.com.br\/wp-content\/uploads\/2018\/09\/Ilu-Oba-de-Min_Roberto-Assem-G-300x180.jpg 300w, https:\/\/www.hypeness.com.br\/wp-content\/uploads\/2018\/09\/Ilu-Oba-de-Min_Roberto-Assem-G-768x461.jpg 768w, https:\/\/www.hypeness.com.br\/wp-content\/uploads\/2018\/09\/Ilu-Oba-de-Min_Roberto-Assem-G-610x366.jpg 610w\" alt=\"\" \/><\/p>\n<p><a href=\"https:\/\/www.facebook.com\/profile.php?id=722132104556387&amp;ref=br_rs\" target=\"_blank\" rel=\"noopener\">Desculpa Qualquer Coisa<\/a><\/p>\n<p>Esse \u00e9 o terceiro ano que o bloco mais sapabi de S\u00e3o Paula mete o dedo no pr\u00e9-carnaval oficial da cidade para fazer todo mundo dar volta e meia atr\u00e1s do trio. O bloco Desculpa gosta de trocadilho, glitter e safadeza. Al\u00e9m da bateria, o bloco tem som comandado pelas DJs\u00a0Sol Lima &amp; Tha\u00eds Esmeraldo, Stefanie Dias &amp; Mar\u00edlia Castelli, Elky Araujo &amp; Sal Esa\u00fa, Grace Kelly e Renata Corr; e participa\u00e7\u00e3o das Maravilhosas Corpo de Baile.<\/p>\n<p>Quando? 23 de fevereiro, 15h, na\u00a0Rua Augusta,\u00a0entre as ruas Matias Aires e Fernando de Albuquerque<\/p>\n<p><img data-recalc-dims=\"1\" decoding=\"async\" class=\"aligncenter size-full wp-image-384764\" src=\"https:\/\/i0.wp.com\/www.hypeness.com.br\/wp-content\/uploads\/2019\/02\/Desculpa-Qualquer-Coisa-por-%40anacaat-2.jpg?w=600&#038;ssl=1\" sizes=\"(max-width: 960px) 100vw, 960px\" srcset=\"https:\/\/www.hypeness.com.br\/wp-content\/uploads\/2019\/02\/Desculpa-Qualquer-Coisa-por-@anacaat-2.jpg 960w, https:\/\/www.hypeness.com.br\/wp-content\/uploads\/2019\/02\/Desculpa-Qualquer-Coisa-por-@anacaat-2-300x200.jpg 300w, https:\/\/www.hypeness.com.br\/wp-content\/uploads\/2019\/02\/Desculpa-Qualquer-Coisa-por-@anacaat-2-768x512.jpg 768w\" alt=\"\" \/><\/p>\n<p><a href=\"https:\/\/www.facebook.com\/blocosiriricando\/?eid=ARBahRpY9GErO2DUoc35MfWjY-6jWeXqmrCoN5l1A8s5yDISgQmQbpLDo7BmHiMbgGvmrChvHfJdtyLt\" target=\"_blank\" rel=\"noopener\">Siriricando<\/a><\/p>\n<p>Bloco Siriricando \u00e9 um bloco feito para mulheres que amam mulheres, onde o protagonismo \u00e9 das minas l\u00e9sbicas e bis e todes s\u00e3o bem vindes para curtir um carnaval divertido, seguro e confort\u00e1vel.\u00a0Pelo terceiro ano, o Bloco bota o brejo na rua novamente, mostrando que as mulheres l\u00e9sbicas e bis resistem com deboche e alegria e nenhum governo fascista vai estragar a nossa divers\u00e3o.<\/p>\n<p>Quando? 24 de fevereiro, 15h, na\u00a0Pra\u00e7a Dom Jos\u00e9 Gaspar<\/p>\n<p><a href=\"https:\/\/www.facebook.com\/cpcusp\/\" target=\"_blank\" rel=\"noopener\">Bloco de Dona Yay\u00e1<\/a><\/p>\n<p>Em mar\u00e7o de 2000 nasceu o YAYARTES Bloco Carnavalesco Casa de Dona Yay\u00e1, dentro da Uni\u00e3o de Mulheres do Munic\u00edpio de S\u00e3o Paulo. O grupo foi pensado para chamar a aten\u00e7\u00e3o para a Casa da Dona Yay\u00e1, desocupada desde a d\u00e9cada de 60 com a morte de sua mais famosa moradora e caracterizada como patrim\u00f4nio hist\u00f3rico desde a d\u00e9cada de 70, e incentivar a discuss\u00e3o de seu uso pela comunidade. O bloco vem saindo \u00e0s ruas todo domingo anterior ao domingo de Carnaval, desde que surgiu, no tradicional bairro do Bixiga, em S\u00e3o Paulo. Em seu trajeto, que inclui uma parada obrigat\u00f3ria na Casa de Dona Yay\u00e1, nascida Sebastiana de Mello Freire, de rica e influente fam\u00edlia paulista, o bloco reaviva a mem\u00f3ria da figura feminina emblem\u00e1tica de Dona Yay\u00e1, uma mulher \u00e0 frente de seu tempo que cedo seria considerada insana e incapaz e confinada no casar\u00e3o em que hoje funciona o CPC \u2013 Centro de Preserva\u00e7\u00e3o Cultural da Universidade de S\u00e3o Paulo, espa\u00e7o aberto ao p\u00fablico desde 2004 para atividades como visitas, exposi\u00e7\u00f5es, oficinas e cursos.<\/p>\n<p>Quando? 24 de fevereiro, 15h, no Bixiga<\/p>\n<p><img data-recalc-dims=\"1\" decoding=\"async\" class=\"aligncenter size-full wp-image-384754\" src=\"https:\/\/i0.wp.com\/www.hypeness.com.br\/wp-content\/uploads\/2019\/02\/Bloco-Dona-Yaya_Amelinha-Teles_Divulgac%25CC%25A7a%25CC%2583o.jpg?w=600&#038;ssl=1\" sizes=\"(max-width: 960px) 100vw, 960px\" srcset=\"https:\/\/www.hypeness.com.br\/wp-content\/uploads\/2019\/02\/Bloco-Dona-Yaya_Amelinha-Teles_Divulgac\u0327a\u0303o.jpg 960w, https:\/\/www.hypeness.com.br\/wp-content\/uploads\/2019\/02\/Bloco-Dona-Yaya_Amelinha-Teles_Divulgac\u0327a\u0303o-300x200.jpg 300w, https:\/\/www.hypeness.com.br\/wp-content\/uploads\/2019\/02\/Bloco-Dona-Yaya_Amelinha-Teles_Divulgac\u0327a\u0303o-768x512.jpg 768w\" alt=\"\" \/><\/p>\n<p><a href=\"https:\/\/www.facebook.com\/blocopagu\/\" target=\"_blank\" rel=\"noopener\">Bloco Pagu<\/a><\/p>\n<p>O Bloco Pagu nasceu em Outubro de 2016 com a miss\u00e3o de exaltar a busca por equidade e respeito \u00e0 liberdade individual da mulher. Em pouco tempo tornou-se um dos mais expressivos blocos de carnaval de S\u00e3o Paulo, com uma bateria feminina com cem mulheres, entoa junto as interpretes principais, Barbara Eug\u00eania, Julia Valiengo (Trupe Ch\u00e1 de Boldo), Soledad e Raquel Tobias cl\u00e1ssicos da MPB que tornaram-se famosos na voz de \u00edcones musicais do pa\u00eds: de Carmem Miranda a Elis Regina, passando por Marisa Monte, Gal Costa, Maria Bethania, Dona Ivone Lara, Rita Lee, Alcione, Beth Carvalho, Baby do Brasil, Margareth Menezes, Elba Ramalho, entre outras.<\/p>\n<p>Quando? 5 de mar\u00e7o, 14h, no Centro<\/p>\n<p><img data-recalc-dims=\"1\" decoding=\"async\" class=\"aligncenter size-full wp-image-384758\" src=\"https:\/\/i0.wp.com\/www.hypeness.com.br\/wp-content\/uploads\/2019\/02\/Bloco-Pagu-2018-fotos-%40MarcosBacon.jpg?w=600&#038;ssl=1\" sizes=\"(max-width: 960px) 100vw, 960px\" srcset=\"https:\/\/www.hypeness.com.br\/wp-content\/uploads\/2019\/02\/Bloco-Pagu-2018-fotos-@MarcosBacon.jpg 960w, https:\/\/www.hypeness.com.br\/wp-content\/uploads\/2019\/02\/Bloco-Pagu-2018-fotos-@MarcosBacon-300x200.jpg 300w, https:\/\/www.hypeness.com.br\/wp-content\/uploads\/2019\/02\/Bloco-Pagu-2018-fotos-@MarcosBacon-768x512.jpg 768w\" alt=\"\" \/><\/p>\n<p><a href=\"https:\/\/www.facebook.com\/sigabemcaminhoneiras\/\" target=\"_blank\" rel=\"noopener\">Siga Bem Caminhoneira<\/a><\/p>\n<p>Este \u00e9 um bloco coletivo de visibilidade l\u00e9sbica e bissexual, um espa\u00e7o pras mulheres se sentirem livres, respeitadas, empoderadas e seguras.\u00a0Desde 2017, elas colocam seu bloco na rua pra celebrar a sexualidade, diversidade e resist\u00eancia. S\u00e3o mais de 100 mulheres unidas pra fazer um carnaval cheio de sapat\u00e3o, bi, r\u0336e\u0336b\u0336u\u0336c\u0336e\u0336t\u0336e\u0336i\u0336o\u0336, batuque, alegria e respeito.<\/p>\n<p>Quando? 9 de mar\u00e7o, 14h, na\u00a0Pra\u00e7a Emilio Miguel Abella, na Rep\u00fablica<\/p>\n<p><img data-recalc-dims=\"1\" decoding=\"async\" class=\"aligncenter size-full wp-image-384760\" src=\"https:\/\/i0.wp.com\/www.hypeness.com.br\/wp-content\/uploads\/2019\/02\/Bloco-Siga-Bem-Caminhoneira_fotos-Coletivo-Amapoa.jpg?w=600&#038;ssl=1\" sizes=\"(max-width: 960px) 100vw, 960px\" srcset=\"https:\/\/www.hypeness.com.br\/wp-content\/uploads\/2019\/02\/Bloco-Siga-Bem-Caminhoneira_fotos-Coletivo-Amapoa.jpg 960w, https:\/\/www.hypeness.com.br\/wp-content\/uploads\/2019\/02\/Bloco-Siga-Bem-Caminhoneira_fotos-Coletivo-Amapoa-300x200.jpg 300w, https:\/\/www.hypeness.com.br\/wp-content\/uploads\/2019\/02\/Bloco-Siga-Bem-Caminhoneira_fotos-Coletivo-Amapoa-768x512.jpg 768w\" alt=\"\" \/><\/p>\n<h3>Rio de Janeiro (RJ)<\/h3>\n<p><a href=\"https:\/\/www.facebook.com\/mulheresrodadas\/\" target=\"_blank\" rel=\"noopener\">Mulheres Rodadas<\/a><\/p>\n<p>O Bloco Mulheres Rodadas \u00e9 o primeiro bloco feminista do carnaval carioca. O grupo surgiu em 2015, como forma de protesto contra uma postagem machista feita na internet que dizia: \u201cN\u00e3o mere\u00e7o mulher rodada\u201d. Subvertendo a ordem e aproveitando o carnaval, o bloco perguntava: ainda cabe hoje algum r\u00f3tulo dado \u00e0s mulheres por conta de suas escolhas? Nos \u00faltimos cinco anos, o bloco levou milhares de pessoas \u00e0s ruas com uma banda majoritariamente formada por mulheres, com repercuss\u00e3o nacional e internacional.<\/p>\n<p>Quando? 6 de mar\u00e7o, 9h \u2013 local pr\u00f3ximo da data, pelo\u00a0<a href=\"https:\/\/www.facebook.com\/events\/2265077173769718\/\" target=\"_blank\" rel=\"noopener\">evento<\/a><\/p>\n<p><img data-recalc-dims=\"1\" decoding=\"async\" class=\"aligncenter size-full wp-image-384756\" src=\"https:\/\/i0.wp.com\/www.hypeness.com.br\/wp-content\/uploads\/2019\/02\/Bloco-Mulheres-Rodadas_Otavio-Sant-Anna.jpg?w=600&#038;ssl=1\" sizes=\"(max-width: 960px) 100vw, 960px\" srcset=\"https:\/\/www.hypeness.com.br\/wp-content\/uploads\/2019\/02\/Bloco-Mulheres-Rodadas_Otavio-Sant-Anna.jpg 960w, https:\/\/www.hypeness.com.br\/wp-content\/uploads\/2019\/02\/Bloco-Mulheres-Rodadas_Otavio-Sant-Anna-300x188.jpg 300w, https:\/\/www.hypeness.com.br\/wp-content\/uploads\/2019\/02\/Bloco-Mulheres-Rodadas_Otavio-Sant-Anna-768x482.jpg 768w\" alt=\"\" \/><\/p>\n<p><a href=\"https:\/\/www.facebook.com\/blocomdc\/\" target=\"_blank\" rel=\"noopener\">Mulheres de Chico<\/a><\/p>\n<p>Primeiro bloco de carnaval formado apenas por mulheres. O Mulheres de Chico homenageia o compositor Chico Buarque de Hollanda com arranjos originais.<\/p>\n<p>Quando? 9 de mar\u00e7o, 16h, no Leme \u2013 concentra mais n\u00e3o sai<\/p>\n<p><iframe loading=\"lazy\" src=\"https:\/\/www.youtube.com\/embed\/IR6-3wf_6-k?feature=oembed\" width=\"500\" height=\"281\" frameborder=\"0\" allowfullscreen=\"allowfullscreen\" data-mce-fragment=\"1\"><\/iframe><\/p>\n<p><a href=\"https:\/\/www.facebook.com\/Mulheres-da-Vila-221043304684506\/\" target=\"_blank\" rel=\"noopener\">Mulheres da Vila<\/a><\/p>\n<p>Fundado em 8 de mar\u00e7o de 2010, dia da mulher, o G.R.B.C. Mulheres da Vila \u00e9 exclusivamente formado por mulheres. Os \u00fanicos homens permitidos s\u00e3o o rei e o muso da bateria.<\/p>\n<p>Quando? ter\u00e7a de Carnaval na Av. 28 de Setembro em Vila Isabel<\/p>\n<p><a href=\"https:\/\/www.facebook.com\/batuquedasmeninas\/\" target=\"_blank\" rel=\"noopener\">O Batuque das Meninas<\/a><\/p>\n<p>Fundado em 2009, o bloco Batuque das Meninas \u00e9 formado apenas por mulheres oriundas das oficinas de percuss\u00e3o do Monobloco, Quizomba e Bangalafumenga. No repert\u00f3rio est\u00e3o\u00a0marchinhas, forr\u00f3, ijex\u00e1, ax\u00e9, pop, rock e funk carioca em ritmo de samba.<\/p>\n<p>Quando? Quarta de cinzas, 17h, no Largo do Machado<\/p>\n<p><a href=\"https:\/\/www.facebook.com\/blocotocoxona\/\" target=\"_blank\" rel=\"noopener\">Bloco Toco-xona<\/a><\/p>\n<p>Primeiro bloco LGBTQI+ de Carnaval fundado por mulheres l\u00e9sbicas que no repert\u00f3rio faz releituras de Madonna a \u00c9 o Tchan. Desde 2007 no Rio de Janeiro e h\u00e1 3 anos em S\u00e3o Paulo.<\/p>\n<div><\/div>\n","protected":false},"excerpt":{"rendered":"<p>Que as mulheres est\u00e3o ocupando todos os espa\u00e7os e mostrando sua pot\u00eancia em todas as \u00e1reas, da m\u00fasica \u00e0 ci\u00eancia, n\u00e3o \u00e9 novidade. Mas a gente acha o qu\u00ea? Pouco! Queremos mais \u2013 muito mais! As produ\u00e7\u00f5es culturais j\u00e1 passam pelas m\u00e3os delas em todos os n\u00edveis e chegam ao Carnaval cada vez mais fortes&#8230;.<a class=\"more-link\" href=\"http:\/\/blogdalucianaoliveira.com.br\/blog\/2019\/02\/19\/mulheres-lideram-36-blocos-de-carnaval-empoderados-por-todo-o-brasil\/\">Continue a leitura <span class=\"meta-nav\">&raquo;<\/span><\/a><\/p>\n","protected":false},"author":1,"featured_media":0,"comment_status":"closed","ping_status":"open","sticky":false,"template":"","format":"standard","meta":{"_exactmetrics_skip_tracking":false,"_exactmetrics_sitenote_active":false,"_exactmetrics_sitenote_note":"","_exactmetrics_sitenote_category":0,"jetpack_post_was_ever_published":false,"_jetpack_newsletter_access":"","_jetpack_dont_email_post_to_subs":false,"_jetpack_newsletter_tier_id":0,"_jetpack_memberships_contains_paywalled_content":false,"_jetpack_memberships_contains_paid_content":false,"footnotes":"","jetpack_publicize_message":"","jetpack_publicize_feature_enabled":true,"jetpack_social_post_already_shared":true,"jetpack_social_options":{"image_generator_settings":{"template":"highway","enabled":false},"version":2}},"categories":[1],"tags":[],"class_list":["post-20578","post","type-post","status-publish","format-standard","hentry","category-notas"],"jetpack_publicize_connections":[],"jetpack_sharing_enabled":true,"jetpack_featured_media_url":"","jetpack_shortlink":"https:\/\/wp.me\/p7wKYW-5lU","jetpack-related-posts":[],"_links":{"self":[{"href":"http:\/\/blogdalucianaoliveira.com.br\/blog\/wp-json\/wp\/v2\/posts\/20578","targetHints":{"allow":["GET"]}}],"collection":[{"href":"http:\/\/blogdalucianaoliveira.com.br\/blog\/wp-json\/wp\/v2\/posts"}],"about":[{"href":"http:\/\/blogdalucianaoliveira.com.br\/blog\/wp-json\/wp\/v2\/types\/post"}],"author":[{"embeddable":true,"href":"http:\/\/blogdalucianaoliveira.com.br\/blog\/wp-json\/wp\/v2\/users\/1"}],"replies":[{"embeddable":true,"href":"http:\/\/blogdalucianaoliveira.com.br\/blog\/wp-json\/wp\/v2\/comments?post=20578"}],"version-history":[{"count":1,"href":"http:\/\/blogdalucianaoliveira.com.br\/blog\/wp-json\/wp\/v2\/posts\/20578\/revisions"}],"predecessor-version":[{"id":20581,"href":"http:\/\/blogdalucianaoliveira.com.br\/blog\/wp-json\/wp\/v2\/posts\/20578\/revisions\/20581"}],"wp:attachment":[{"href":"http:\/\/blogdalucianaoliveira.com.br\/blog\/wp-json\/wp\/v2\/media?parent=20578"}],"wp:term":[{"taxonomy":"category","embeddable":true,"href":"http:\/\/blogdalucianaoliveira.com.br\/blog\/wp-json\/wp\/v2\/categories?post=20578"},{"taxonomy":"post_tag","embeddable":true,"href":"http:\/\/blogdalucianaoliveira.com.br\/blog\/wp-json\/wp\/v2\/tags?post=20578"}],"curies":[{"name":"wp","href":"https:\/\/api.w.org\/{rel}","templated":true}]}}