{"id":20588,"date":"2019-02-20T18:39:32","date_gmt":"2019-02-20T22:39:32","guid":{"rendered":"http:\/\/blogdalucianaoliveira.com.br\/blog\/?p=20588"},"modified":"2019-02-20T18:39:32","modified_gmt":"2019-02-20T22:39:32","slug":"sob-criticas-reforma-da-previdencia-chega-oficialmente-a-camara-dos-deputados","status":"publish","type":"post","link":"http:\/\/blogdalucianaoliveira.com.br\/blog\/2019\/02\/20\/sob-criticas-reforma-da-previdencia-chega-oficialmente-a-camara-dos-deputados\/","title":{"rendered":"Sob cr\u00edticas, reforma da Previd\u00eancia chega oficialmente \u00e0 C\u00e2mara dos Deputados"},"content":{"rendered":"<p><img data-recalc-dims=\"1\" loading=\"lazy\" decoding=\"async\" data-attachment-id=\"20589\" data-permalink=\"http:\/\/blogdalucianaoliveira.com.br\/blog\/2019\/02\/20\/sob-criticas-reforma-da-previdencia-chega-oficialmente-a-camara-dos-deputados\/6b0720d5-58e7-43a4-b819-fcc1a9336230\/\" data-orig-file=\"https:\/\/i0.wp.com\/blogdalucianaoliveira.com.br\/blog\/wp-content\/uploads\/2019\/02\/6B0720D5-58E7-43A4-B819-FCC1A9336230.jpeg?fit=640%2C426\" data-orig-size=\"640,426\" data-comments-opened=\"0\" data-image-meta=\"{&quot;aperture&quot;:&quot;0&quot;,&quot;credit&quot;:&quot;&quot;,&quot;camera&quot;:&quot;&quot;,&quot;caption&quot;:&quot;&quot;,&quot;created_timestamp&quot;:&quot;0&quot;,&quot;copyright&quot;:&quot;&quot;,&quot;focal_length&quot;:&quot;0&quot;,&quot;iso&quot;:&quot;0&quot;,&quot;shutter_speed&quot;:&quot;0&quot;,&quot;title&quot;:&quot;&quot;,&quot;orientation&quot;:&quot;0&quot;}\" data-image-title=\"6B0720D5-58E7-43A4-B819-FCC1A9336230\" data-image-description=\"\" data-image-caption=\"\" data-medium-file=\"https:\/\/i0.wp.com\/blogdalucianaoliveira.com.br\/blog\/wp-content\/uploads\/2019\/02\/6B0720D5-58E7-43A4-B819-FCC1A9336230.jpeg?fit=300%2C200\" data-large-file=\"https:\/\/i0.wp.com\/blogdalucianaoliveira.com.br\/blog\/wp-content\/uploads\/2019\/02\/6B0720D5-58E7-43A4-B819-FCC1A9336230.jpeg?fit=600%2C399\" src=\"https:\/\/i0.wp.com\/blogdalucianaoliveira.com.br\/blog\/wp-content\/uploads\/2019\/02\/6B0720D5-58E7-43A4-B819-FCC1A9336230.jpeg?resize=600%2C399\" alt=\"6B0720D5-58E7-43A4-B819-FCC1A9336230\" width=\"600\" height=\"399\" class=\"alignnone size-full wp-image-20589\" srcset=\"https:\/\/i0.wp.com\/blogdalucianaoliveira.com.br\/blog\/wp-content\/uploads\/2019\/02\/6B0720D5-58E7-43A4-B819-FCC1A9336230.jpeg?w=640 640w, https:\/\/i0.wp.com\/blogdalucianaoliveira.com.br\/blog\/wp-content\/uploads\/2019\/02\/6B0720D5-58E7-43A4-B819-FCC1A9336230.jpeg?resize=300%2C200 300w, https:\/\/i0.wp.com\/blogdalucianaoliveira.com.br\/blog\/wp-content\/uploads\/2019\/02\/6B0720D5-58E7-43A4-B819-FCC1A9336230.jpeg?resize=451%2C300 451w\" sizes=\"auto, (max-width: 600px) 100vw, 600px\" \/><\/p>\n<p>Opositores reagem \u00e0 medida com protestos na Casa e nas redes sociais<!--more--><\/p>\n<p>Cristiane Sampaio<br \/>\nBrasil de Fato<\/p>\n<p>A reforma da Previd\u00eancia do governo Bolsonaro (PSL) chegou \u00e0 C\u00e2mara dos Deputados nesta quarta-feira (20) e provocou a indigna\u00e7\u00e3o de diferentes setores da sociedade brasileira e da oposi\u00e7\u00e3o. A l\u00edder da minoria na C\u00e2mara dos Deputados, Jandira Feghali (PCdoB-RJ), refor\u00e7ou que a reforma dever\u00e1 enfrentar grande oposi\u00e7\u00e3o na Casa.<\/p>\n<p>A manifesta\u00e7\u00e3o veio logo ap\u00f3s o envio oficial da medida, que foi protocolada pelo governo na manh\u00e3 desta quarta, ap\u00f3s reuni\u00e3o de Jair Bolsonaro (PSL) e sua equipe com os presidentes da C\u00e2mara, Rodrigo Maia (DEM-RJ), e do Senado, Davi Alcolumbre (DEM-AP).<\/p>\n<p>\u201cN\u00f3s vamos fazer uma grande articula\u00e7\u00e3o pol\u00edtica dentro do Congresso e com os movimentos sociais. A lideran\u00e7a da minoria ser\u00e1 um polo de articula\u00e7\u00e3o dessas entidades todas da sociedade, mas tamb\u00e9m de especialistas que formulam [pesquisas]  no campo da Previd\u00eancia\u201d, afirmou Jandira Feghali.<\/p>\n<p>Ap\u00f3s o protocolo, o texto da reforma, que tem 66 p\u00e1ginas, foi registrado como Proposta de Emenda Constitucional (PEC) 6\/2019 e dever\u00e1 ser analisado pela Comiss\u00e3o de Constitui\u00e7\u00e3o e Justi\u00e7a (CCJ) da C\u00e2mara, que faz an\u00e1lise de constitucionalidade das mat\u00e9rias. Caso seja aprovado, dever\u00e1 ser enviado para um colegiado especial que ir\u00e1 avaliar o m\u00e9rito da proposta. Ainda n\u00e3o h\u00e1 relator para a mat\u00e9ria.<\/p>\n<p>Entre outras mudan\u00e7as, o texto da reforma prop\u00f5e idade m\u00ednima de 62 anos para mulheres e 65 anos para homens terem direito \u00e0 aposentadoria, e fixa em 20 anos o tempo m\u00ednimo de contribui\u00e7\u00e3o para o INSS.<\/p>\n<p>A proposta traz ainda diferentes regras de transi\u00e7\u00e3o. Para o caso de aposentadoria por tempo de contribui\u00e7\u00e3o, por exemplo, o tempo para a nova regra ser\u00e1 de oito anos para homens e 12 anos para mulheres, come\u00e7ando em 61 anos para eles e 56 para elas.<\/p>\n<p>Apesar de n\u00e3o ter tido tempo h\u00e1bil para estudar os detalhes do conte\u00fado da medida, a l\u00edder da minoria antecipou a cr\u00edtica de que as novas regras tendem a dificultar o acesso dos trabalhadores \u00e0 Previd\u00eancia. Ela sublinhou que a oposi\u00e7\u00e3o ir\u00e1 investir num forte debate de conte\u00fado para destrinchar a medida.<\/p>\n<p>\u201cO presidente Jair Bolsonaro se elegeu sem falar que faria a reforma da Previd\u00eancia. Ali\u00e1s, ele n\u00e3o falou do Brasil na sua elei\u00e7\u00e3o. N\u00f3s precisamos dizer \u00e0 sociedade o significado da Previd\u00eancia Social brasileira hoje para o futuro e, principalmente, o significado dessa reforma, que \u00e9 a n\u00e3o aposentadoria e o favorecimento dos bancos\u201d, completou.<\/p>\n<p>Protestos  <\/p>\n<p>Al\u00e9m de ser alvo de manifesta\u00e7\u00f5es de rua que aconteceram nesta quarta-feira em diferentes estados, a reforma tamb\u00e9m foi criticada pela bancada do PSOL, que recebeu Jair Bolsonaro na C\u00e2mara com um protesto.<\/p>\n<p>Portando laranjas e aventais da mesma cor, os deputados da legenda criticaram o suposto envolvimento de aliados do governo no esquema de candidaturas laranjas que gerou a primeira crise no Planalto e o envio da reforma da Previd\u00eancia, que tem car\u00e1ter impopular, em meio a esse cen\u00e1rio.<\/p>\n<p>Pelas redes sociais, parlamentares do PT tamb\u00e9m se manifestaram, como \u00e9 o caso do l\u00edder do partido na C\u00e2mara, Paulo Pimenta (RS). Em seu perfil no Twitter, ele afirmou que a proposta destr\u00f3i a Previd\u00eancia p\u00fablica. \u201cChamar o texto de reforma \u00e9 mais uma mentira\u201d, disse.<\/p>\n<p>A presidenta da sigla e atual deputada federal, Gleisi Hoffman (PR), criticou, tamb\u00e9m via Twitter, o tempo de transi\u00e7\u00e3o para a aposentadoria por tempo de contribui\u00e7\u00e3o.<\/p>\n<p>\u201cUma transi\u00e7\u00e3o de 20 anos j\u00e1 \u00e9 dura. De 12 anos \u00e9 impor uma mudan\u00e7a com grandes impactos em um per\u00edodo muito curto, o que desmente completamente o engodo do governo de que a reforma da Previd\u00eancia vai igualar pobres e ricos\u201d, disse a petista.<\/p>\n<p>O governo afirma que a reforma seria necess\u00e1ria para \u201ccombater desigualdades e privil\u00e9gios nos setores p\u00fablico e privado\u201d e economizar cerca de R$ 1,1 trilh\u00e3o no prazo de uma d\u00e9cada.<\/p>\n<p>Edi\u00e7\u00e3o: Pedro Ribeiro Nogueira<\/p>\n","protected":false},"excerpt":{"rendered":"<p>Opositores reagem \u00e0 medida com protestos na Casa e nas redes sociais<\/p>\n","protected":false},"author":1,"featured_media":0,"comment_status":"closed","ping_status":"open","sticky":false,"template":"","format":"standard","meta":{"_exactmetrics_skip_tracking":false,"_exactmetrics_sitenote_active":false,"_exactmetrics_sitenote_note":"","_exactmetrics_sitenote_category":0,"jetpack_post_was_ever_published":false,"_jetpack_newsletter_access":"","_jetpack_dont_email_post_to_subs":false,"_jetpack_newsletter_tier_id":0,"_jetpack_memberships_contains_paywalled_content":false,"_jetpack_memberships_contains_paid_content":false,"footnotes":"","jetpack_publicize_message":"","jetpack_publicize_feature_enabled":true,"jetpack_social_post_already_shared":true,"jetpack_social_options":{"image_generator_settings":{"template":"highway","enabled":false},"version":2}},"categories":[1],"tags":[],"class_list":["post-20588","post","type-post","status-publish","format-standard","hentry","category-notas"],"jetpack_publicize_connections":[],"jetpack_sharing_enabled":true,"jetpack_featured_media_url":"","jetpack_shortlink":"https:\/\/wp.me\/p7wKYW-5m4","jetpack-related-posts":[],"_links":{"self":[{"href":"http:\/\/blogdalucianaoliveira.com.br\/blog\/wp-json\/wp\/v2\/posts\/20588","targetHints":{"allow":["GET"]}}],"collection":[{"href":"http:\/\/blogdalucianaoliveira.com.br\/blog\/wp-json\/wp\/v2\/posts"}],"about":[{"href":"http:\/\/blogdalucianaoliveira.com.br\/blog\/wp-json\/wp\/v2\/types\/post"}],"author":[{"embeddable":true,"href":"http:\/\/blogdalucianaoliveira.com.br\/blog\/wp-json\/wp\/v2\/users\/1"}],"replies":[{"embeddable":true,"href":"http:\/\/blogdalucianaoliveira.com.br\/blog\/wp-json\/wp\/v2\/comments?post=20588"}],"version-history":[{"count":1,"href":"http:\/\/blogdalucianaoliveira.com.br\/blog\/wp-json\/wp\/v2\/posts\/20588\/revisions"}],"predecessor-version":[{"id":20590,"href":"http:\/\/blogdalucianaoliveira.com.br\/blog\/wp-json\/wp\/v2\/posts\/20588\/revisions\/20590"}],"wp:attachment":[{"href":"http:\/\/blogdalucianaoliveira.com.br\/blog\/wp-json\/wp\/v2\/media?parent=20588"}],"wp:term":[{"taxonomy":"category","embeddable":true,"href":"http:\/\/blogdalucianaoliveira.com.br\/blog\/wp-json\/wp\/v2\/categories?post=20588"},{"taxonomy":"post_tag","embeddable":true,"href":"http:\/\/blogdalucianaoliveira.com.br\/blog\/wp-json\/wp\/v2\/tags?post=20588"}],"curies":[{"name":"wp","href":"https:\/\/api.w.org\/{rel}","templated":true}]}}