{"id":20605,"date":"2019-02-21T19:25:29","date_gmt":"2019-02-21T23:25:29","guid":{"rendered":"http:\/\/blogdalucianaoliveira.com.br\/blog\/?p=20605"},"modified":"2019-02-21T19:25:29","modified_gmt":"2019-02-21T23:25:29","slug":"faltam-dois-votos-para-que-o-preconceito-vire-crime-de-racismo-julgamento-ainda-nao-tem-data-de-retorno","status":"publish","type":"post","link":"http:\/\/blogdalucianaoliveira.com.br\/blog\/2019\/02\/21\/faltam-dois-votos-para-que-o-preconceito-vire-crime-de-racismo-julgamento-ainda-nao-tem-data-de-retorno\/","title":{"rendered":"Faltam dois votos para que o preconceito vire crime de racismo. Julgamento ainda n\u00e3o tem data de retorno"},"content":{"rendered":"<p><img data-recalc-dims=\"1\" loading=\"lazy\" decoding=\"async\" data-attachment-id=\"10701\" data-permalink=\"http:\/\/blogdalucianaoliveira.com.br\/blog\/2017\/05\/17\/o-brasil-de-temer-tem-o-ano-mais-violento-para-a-comunidade-lgbt\/homofobia\/\" data-orig-file=\"https:\/\/i0.wp.com\/blogdalucianaoliveira.com.br\/blog\/wp-content\/uploads\/2017\/05\/homofobia.jpg?fit=640%2C376\" data-orig-size=\"640,376\" data-comments-opened=\"0\" data-image-meta=\"{&quot;aperture&quot;:&quot;0&quot;,&quot;credit&quot;:&quot;&quot;,&quot;camera&quot;:&quot;&quot;,&quot;caption&quot;:&quot;&quot;,&quot;created_timestamp&quot;:&quot;0&quot;,&quot;copyright&quot;:&quot;&quot;,&quot;focal_length&quot;:&quot;0&quot;,&quot;iso&quot;:&quot;0&quot;,&quot;shutter_speed&quot;:&quot;0&quot;,&quot;title&quot;:&quot;&quot;,&quot;orientation&quot;:&quot;0&quot;}\" data-image-title=\"homofobia\" data-image-description=\"\" data-image-caption=\"\" data-medium-file=\"https:\/\/i0.wp.com\/blogdalucianaoliveira.com.br\/blog\/wp-content\/uploads\/2017\/05\/homofobia.jpg?fit=300%2C176\" data-large-file=\"https:\/\/i0.wp.com\/blogdalucianaoliveira.com.br\/blog\/wp-content\/uploads\/2017\/05\/homofobia.jpg?fit=600%2C353\" class=\"alignnone size-full wp-image-10701\" src=\"https:\/\/i0.wp.com\/blogdalucianaoliveira.com.br\/blog\/wp-content\/uploads\/2017\/05\/homofobia.jpg?resize=600%2C353\" alt=\"homofobia\" width=\"600\" height=\"353\" srcset=\"https:\/\/i0.wp.com\/blogdalucianaoliveira.com.br\/blog\/wp-content\/uploads\/2017\/05\/homofobia.jpg?w=640 640w, https:\/\/i0.wp.com\/blogdalucianaoliveira.com.br\/blog\/wp-content\/uploads\/2017\/05\/homofobia.jpg?resize=300%2C176 300w, https:\/\/i0.wp.com\/blogdalucianaoliveira.com.br\/blog\/wp-content\/uploads\/2017\/05\/homofobia.jpg?resize=511%2C300 511w\" sizes=\"auto, (max-width: 600px) 100vw, 600px\" \/><\/p>\n<p>&nbsp;<\/p>\n<p>Carta Capital &#8211; Ap\u00f3s o quarto dia de julgamento no Supremo Tribunal Federal, os votos favor\u00e1veis \u00e0 criminaliza\u00e7\u00e3o da homotransfobia e o enquadramento do preconceito na Lei do Racismo j\u00e1 representam uma goleada no placar: 4 a 0. Al\u00e9m dessa a\u00e7\u00e3o, o Estado foi responsabilizado por omiss\u00e3o inconstitucional por todos os ministros votantes e a demora do Legislativo em criar um tipo penal espec\u00edfico para crimes homof\u00f3bicos foi duramente criticada na sess\u00e3o.<!--more--><\/p>\n<p>Para a proced\u00eancia das duas a\u00e7\u00f5es, s\u00e3o necess\u00e1rios que mais dois ministros votem a favor. O julgamento, por\u00e9m, n\u00e3o tem data prevista para ser retomado. Ao final da sess\u00e3o desta quinta-feira 21, o presidente Dias Toffoli disse que precisar\u00e1 \u201creordenar\u201d a pauta para considerar os demais processos.<\/p>\n<div id=\"attachment_61089\" class=\"wp-caption aligncenter\"><img data-recalc-dims=\"1\" loading=\"lazy\" decoding=\"async\" class=\"wp-image-61089 size-large\" src=\"https:\/\/i0.wp.com\/www.cartacapital.com.br\/wp-content\/uploads\/2019\/02\/FACHIN-1024x614.jpg?resize=600%2C360&#038;ssl=1\" sizes=\"auto, (max-width: 1024px) 100vw, 1024px\" srcset=\"https:\/\/www.cartacapital.com.br\/wp-content\/uploads\/2019\/02\/FACHIN-1024x614.jpg 1024w, https:\/\/www.cartacapital.com.br\/wp-content\/uploads\/2019\/02\/FACHIN-300x180.jpg 300w, https:\/\/www.cartacapital.com.br\/wp-content\/uploads\/2019\/02\/FACHIN-768x461.jpg 768w, https:\/\/www.cartacapital.com.br\/wp-content\/uploads\/2019\/02\/FACHIN.jpg 1200w\" alt=\"\" width=\"600\" height=\"360\" \/><\/p>\n<p class=\"wp-caption-text\">MINISTRO EDSON FACHIN VOTANDO NO JULGAMENTO SOBRE OMISS\u00c3O LEGISLATIVA EM CRIMINALIZAR ATOS DE HOMOFOBIA. FOTO: ROSINEI COUTINHO\/SCO\/STF<\/p>\n<\/div>\n<p><a href=\"https:\/\/www.cartacapital.com.br\/sociedade\/primeiro-a-votar-celso-de-mello-e-favoravel-a-criminalizar-homofobia\/\">Depois do hist\u00f3rico voto do ministro Celso de Mello<\/a>, Luiz Edson Fachin declarou que a demora legislativa possui um agravante ao se considerar as not\u00edcias de viola\u00e7\u00e3o dos direitos da popula\u00e7\u00e3o LGBTI, al\u00e9m de dados que apontam o Brasil como um dos mais perigosos para a comunidade. Citou, tamb\u00e9m, o compromisso do pa\u00eds com organismos internacionais, e repudiou discursos de \u00f3dio \u201cfeitos tamb\u00e9m por autoridades p\u00fablicas\u201d.<\/p>\n<p>\u201cN\u00e3o se trata de construir um tipo penal, mas de reconhecer a demora do Estado e aplicar, at\u00e9 que o congresso legisle, a Lei do Racismo\u201d, disse Fachin.<\/p>\n<p>Na sequ\u00eancia da sess\u00e3o, o voto de Alexandre de Moraes tratou primeiramente da omiss\u00e3o do legislativo, quest\u00e3o na qual se deteve com maiores cr\u00edticas. O ministro salientou que a homofobia e a transfobia s\u00e3o os \u00fanicos casos em que o Congresso n\u00e3o decidiu por punir condutas discriminat\u00f3rias ainda. Ele se colocou, entretanto, contr\u00e1rio \u00e0 estipula\u00e7\u00e3o de um prazo definido para que a lei seja criada \u2013 ponto contr\u00e1rio ao defendido por Celso de Mello e Fachin.<\/p>\n<p>Luis Roberto Barroso, quarto ministro a votar, defendeu que o STF deveria intervir na defesa dos direitos fundamentais da comunidade LGBTI, e n\u00e3o apenas na quest\u00e3o da\u00a0liberdade sexual, ressaltando a integridade f\u00edsica, ps\u00edquica e o direito \u00e0 vida. No voto, argumentou com casos j\u00e1 julgados pelo Supremo no passado e defendeu inclus\u00e3o da homotransfobia na Lei do Racismo at\u00e9 que exista uma legisla\u00e7\u00e3o aut\u00f4noma. Lembrou, tamb\u00e9m, que uma poss\u00edvel \u2013 e cada vez mais pr\u00f3xima \u2013 decis\u00e3o favor\u00e1vel pela criminaliza\u00e7\u00e3o\u00a0\u201dem nada diminuiria a relev\u00e2ncia religiosa\u201d e a liberdade de express\u00e3o, argumento utilizado pela bancada conservadora.<\/p>\n","protected":false},"excerpt":{"rendered":"<p>&nbsp; Carta Capital &#8211; Ap\u00f3s o quarto dia de julgamento no Supremo Tribunal Federal, os votos favor\u00e1veis \u00e0 criminaliza\u00e7\u00e3o da homotransfobia e o enquadramento do preconceito na Lei do Racismo j\u00e1 representam uma goleada no placar: 4 a 0. Al\u00e9m dessa a\u00e7\u00e3o, o Estado foi responsabilizado por omiss\u00e3o inconstitucional por todos os ministros votantes e&#8230;<a class=\"more-link\" href=\"http:\/\/blogdalucianaoliveira.com.br\/blog\/2019\/02\/21\/faltam-dois-votos-para-que-o-preconceito-vire-crime-de-racismo-julgamento-ainda-nao-tem-data-de-retorno\/\">Continue a leitura <span class=\"meta-nav\">&raquo;<\/span><\/a><\/p>\n","protected":false},"author":1,"featured_media":0,"comment_status":"closed","ping_status":"open","sticky":false,"template":"","format":"standard","meta":{"_exactmetrics_skip_tracking":false,"_exactmetrics_sitenote_active":false,"_exactmetrics_sitenote_note":"","_exactmetrics_sitenote_category":0,"jetpack_post_was_ever_published":false,"_jetpack_newsletter_access":"","_jetpack_dont_email_post_to_subs":false,"_jetpack_newsletter_tier_id":0,"_jetpack_memberships_contains_paywalled_content":false,"_jetpack_memberships_contains_paid_content":false,"footnotes":"","jetpack_publicize_message":"","jetpack_publicize_feature_enabled":true,"jetpack_social_post_already_shared":true,"jetpack_social_options":{"image_generator_settings":{"template":"highway","enabled":false},"version":2}},"categories":[1],"tags":[],"class_list":["post-20605","post","type-post","status-publish","format-standard","hentry","category-notas"],"jetpack_publicize_connections":[],"jetpack_sharing_enabled":true,"jetpack_featured_media_url":"","jetpack_shortlink":"https:\/\/wp.me\/p7wKYW-5ml","jetpack-related-posts":[],"_links":{"self":[{"href":"http:\/\/blogdalucianaoliveira.com.br\/blog\/wp-json\/wp\/v2\/posts\/20605","targetHints":{"allow":["GET"]}}],"collection":[{"href":"http:\/\/blogdalucianaoliveira.com.br\/blog\/wp-json\/wp\/v2\/posts"}],"about":[{"href":"http:\/\/blogdalucianaoliveira.com.br\/blog\/wp-json\/wp\/v2\/types\/post"}],"author":[{"embeddable":true,"href":"http:\/\/blogdalucianaoliveira.com.br\/blog\/wp-json\/wp\/v2\/users\/1"}],"replies":[{"embeddable":true,"href":"http:\/\/blogdalucianaoliveira.com.br\/blog\/wp-json\/wp\/v2\/comments?post=20605"}],"version-history":[{"count":1,"href":"http:\/\/blogdalucianaoliveira.com.br\/blog\/wp-json\/wp\/v2\/posts\/20605\/revisions"}],"predecessor-version":[{"id":20606,"href":"http:\/\/blogdalucianaoliveira.com.br\/blog\/wp-json\/wp\/v2\/posts\/20605\/revisions\/20606"}],"wp:attachment":[{"href":"http:\/\/blogdalucianaoliveira.com.br\/blog\/wp-json\/wp\/v2\/media?parent=20605"}],"wp:term":[{"taxonomy":"category","embeddable":true,"href":"http:\/\/blogdalucianaoliveira.com.br\/blog\/wp-json\/wp\/v2\/categories?post=20605"},{"taxonomy":"post_tag","embeddable":true,"href":"http:\/\/blogdalucianaoliveira.com.br\/blog\/wp-json\/wp\/v2\/tags?post=20605"}],"curies":[{"name":"wp","href":"https:\/\/api.w.org\/{rel}","templated":true}]}}