{"id":20609,"date":"2019-02-22T07:53:42","date_gmt":"2019-02-22T11:53:42","guid":{"rendered":"http:\/\/blogdalucianaoliveira.com.br\/blog\/?p=20609"},"modified":"2019-02-22T07:53:42","modified_gmt":"2019-02-22T11:53:42","slug":"crise-na-venezuela-guerra-estupida-e-perdida-antes-mesmo-de-comecar","status":"publish","type":"post","link":"http:\/\/blogdalucianaoliveira.com.br\/blog\/2019\/02\/22\/crise-na-venezuela-guerra-estupida-e-perdida-antes-mesmo-de-comecar\/","title":{"rendered":"Crise na Venezuela: Guerra est\u00fapida e perdida antes mesmo de come\u00e7ar"},"content":{"rendered":"<p><img data-recalc-dims=\"1\" loading=\"lazy\" decoding=\"async\" data-attachment-id=\"20610\" data-permalink=\"http:\/\/blogdalucianaoliveira.com.br\/blog\/2019\/02\/22\/crise-na-venezuela-guerra-estupida-e-perdida-antes-mesmo-de-comecar\/7db34688-d04c-4e6c-b3dc-4a8c7b46a104\/\" data-orig-file=\"https:\/\/i0.wp.com\/blogdalucianaoliveira.com.br\/blog\/wp-content\/uploads\/2019\/02\/7DB34688-D04C-4E6C-B3DC-4A8C7B46A104.jpeg?fit=700%2C700\" data-orig-size=\"700,700\" data-comments-opened=\"0\" data-image-meta=\"{&quot;aperture&quot;:&quot;10&quot;,&quot;credit&quot;:&quot;&quot;,&quot;camera&quot;:&quot;Canon EOS 7D&quot;,&quot;caption&quot;:&quot;&quot;,&quot;created_timestamp&quot;:&quot;1328359159&quot;,&quot;copyright&quot;:&quot;&quot;,&quot;focal_length&quot;:&quot;110&quot;,&quot;iso&quot;:&quot;400&quot;,&quot;shutter_speed&quot;:&quot;0.003125&quot;,&quot;title&quot;:&quot;&quot;,&quot;orientation&quot;:&quot;1&quot;}\" data-image-title=\"7DB34688-D04C-4E6C-B3DC-4A8C7B46A104\" data-image-description=\"\" data-image-caption=\"\" data-medium-file=\"https:\/\/i0.wp.com\/blogdalucianaoliveira.com.br\/blog\/wp-content\/uploads\/2019\/02\/7DB34688-D04C-4E6C-B3DC-4A8C7B46A104.jpeg?fit=300%2C300\" data-large-file=\"https:\/\/i0.wp.com\/blogdalucianaoliveira.com.br\/blog\/wp-content\/uploads\/2019\/02\/7DB34688-D04C-4E6C-B3DC-4A8C7B46A104.jpeg?fit=600%2C600\" src=\"https:\/\/i0.wp.com\/blogdalucianaoliveira.com.br\/blog\/wp-content\/uploads\/2019\/02\/7DB34688-D04C-4E6C-B3DC-4A8C7B46A104.jpeg?resize=600%2C600\" alt=\"7DB34688-D04C-4E6C-B3DC-4A8C7B46A104\" width=\"600\" height=\"600\" class=\"alignnone size-full wp-image-20610\" srcset=\"https:\/\/i0.wp.com\/blogdalucianaoliveira.com.br\/blog\/wp-content\/uploads\/2019\/02\/7DB34688-D04C-4E6C-B3DC-4A8C7B46A104.jpeg?w=700 700w, https:\/\/i0.wp.com\/blogdalucianaoliveira.com.br\/blog\/wp-content\/uploads\/2019\/02\/7DB34688-D04C-4E6C-B3DC-4A8C7B46A104.jpeg?resize=150%2C150 150w, https:\/\/i0.wp.com\/blogdalucianaoliveira.com.br\/blog\/wp-content\/uploads\/2019\/02\/7DB34688-D04C-4E6C-B3DC-4A8C7B46A104.jpeg?resize=300%2C300 300w\" sizes=\"auto, (max-width: 600px) 100vw, 600px\" \/><\/p>\n<p>O Brasil n\u00e3o vai declarar guerra \u00e0 Venezuela. Se atacar por acidente vai perder. \u00c9 que n\u00e3o h\u00e1 justificativa moral ou mesmo militar para um ataque a nosso vizinho que nunca nos fez mal. As For\u00e7as Armadas da Venezuela est\u00e3o embaladas por um sentimento nacionalista que tem poucos paralelos numa Am\u00e9rica Latina que, com raras exce\u00e7\u00f5es, presta total vassalagem a Washington. <!--more--><\/p>\n<p>Que dizer de nossas For\u00e7as Armadas? Seriam t\u00e3o nacionalistas ao ponto de atirar seus soldados quase imberbes numa guerra de interesse exclusivo americano?<\/p>\n<p>Os Estados Unidos perderam vergonhosamente a guerra do Vietn\u00e3. Do outro lado estava um ex\u00e9rcito nacionalista disposto a se matar em defesa da p\u00e1tria. Seus pr\u00f3prios soldados, sem motiva\u00e7\u00e3o e sem apoio da opini\u00e3o p\u00fablica, descontavam sua frustra\u00e7\u00e3o na maconha e nas deser\u00e7\u00f5es. Como conseq\u00fc\u00eancia, o Pent\u00e1gono mudou as regras do recrutamento. Acabou com alistamento obrigat\u00f3rio e agora paga soldados para matar ou morrer. Assim mesmo as m\u00e3es dos que foram mortos n\u00e3o tem direito a um funeral p\u00fablico.<\/p>\n<p>Gostaria de saber como, na hip\u00f3tese de um conflito armado com a Venezuela, nossas For\u00e7as Armadas conduzidas por um ministro das Rela\u00e7\u00f5es Exteriores buf\u00e3o v\u00e3o tratar os soldados mortos. V\u00e3o escond\u00ea-los? Ou v\u00e3o deixar que as m\u00e3es os chorem diante da televis\u00e3o? E os pr\u00f3prios soldados, que motiva\u00e7\u00e3o ter\u00e3o para lutar? Para defender a democracia na Venezuela? E se descobrirem que a democracia que est\u00e1 realmente em risco \u00e9 a nossa? E os oficiais, sobretudo aqueles que n\u00e3o est\u00e3o sob doutrina\u00e7\u00e3o cerrada norte-americana?<\/p>\n<p>Lembro-me do que me contava George Cabral, um rom\u00e2ntico jornalista comunista que havia se exilado na antiga Checoslov\u00e1quia nos anos 60, a prop\u00f3sito de uma campanha de m\u00e3es contra a participa\u00e7\u00e3o brasileira na guerra da Cor\u00e9ia. Os americanos pressionavam fortemente para isso. Numa grande manifesta\u00e7\u00e3o de rua, elas gritavam compassadamente: \u201cOs soldados, nossos filhos, n\u00e3o ir\u00e3o para a Cor\u00e9ia!\u201d. N\u00e3o foram. Naquele tempo, em plena Guerra Fria, havia estadistas no Catete. Agora somos a ral\u00e9 da diplomacia mundial e s\u00f3 temos buf\u00f5es no Planalto.<\/p>\n<p>Exclusivamente por culpa norte-americana em sua obsess\u00e3o de provar hegemonia econ\u00f4mica e militar no mundo, est\u00e1 sendo reconstitu\u00eddo de forma absolutamente imoral o mapa da guerra fria. Lembro-me que, logo ap\u00f3s a desestrutura\u00e7\u00e3o da Uni\u00e3o Sovi\u00e9tica, falava-se em todo mundo nos dividendos da paz. Havia uma esperan\u00e7a geral nesse sentido. Os americanos liquidaram com essas esperan\u00e7as na medida em que lan\u00e7aram a OTAN na conquista dos antigos pa\u00edses da esfera sovi\u00e9tica para encurralar militarmente a R\u00fassia.<\/p>\n<p>Em poucos anos foram incorporados \u00e0 OTAN nove pa\u00edses do Leste europeu violando acordos feitos com Gorbachev e Yeltsin. Tentaram tamb\u00e9m absorver a Ge\u00f3rgia e, com um golpe de Estado financiado pelo Departamento de Estado atrav\u00e9s de ONGs, a pr\u00f3pria Ucr\u00e2nia, nas costas da R\u00fassia. Nessa altura, a R\u00fassia, uma pot\u00eancia nuclear de primeira linha, havia recuperado tamb\u00e9m sua capacidade industrial militar convencional. Impediu o cerco ocidental \u00e0 Ge\u00f3rgia, garantiu os russ\u00f3filos da Ucr\u00e2nia e incorporou por plebiscito a Crimeia.<\/p>\n<p>Os americanos vociferaram e impuseram boicotes \u00e0 R\u00fassia mas a situa\u00e7\u00e3o geopol\u00edtica estava configurada: os EUA n\u00e3o mais mandavam no mundo inteiro. Assim mesmo, sob a belicista Hillary Clinton no Departamento de Estado, mataram Kadafi, dividiram a S\u00edria e liquidaram a L\u00edbia \u2013 hoje entregue a mil\u00edcias do petr\u00f3leo. Agora, aproveitando-se de uma debilidade do governo venezuelano que eles pr\u00f3prios ajudaram a promover com seus boicotes, pretendem trazer a guerra geopol\u00edtica do petr\u00f3leo paras as fronteiras brasileiras.<\/p>\n<p>\u00c9 surpreendente que a parte mais sensata do atual governo, os militares, n\u00e3o est\u00e1 se dando conta da trag\u00e9dia que se arma sobre o nosso povo, sem nenhuma raz\u00e3o, fabricada exclusivamente por amadores grotescos que um acidente eleitoral levou ao Planalto. Se n\u00e3o fosse tr\u00e1gico seria simplesmente surrealista. \u00c9 verdade que ouvi do general Mour\u00e3o, o vice-presidente, a observa\u00e7\u00e3o de que o Brasil n\u00e3o entraria em guerra que n\u00e3o fosse para vencer. Se isso representa o pensamento m\u00e9dio dos militares no governo, j\u00e1 \u00e9 o momento de eles tranquilizarem a na\u00e7\u00e3o de forma mais incisiva.<\/p>\n<p>Levantem-se, pois, m\u00e3es brasileiras dos soldados que se tornar\u00e3o bucha de canh\u00e3o num eventual conflito. Gritem nas ruas, gritem nas igrejas, gritem nas escolas e nas universidades, gritem compassadamente: \u201cOs soldados, nossos filhos, n\u00e3o ir\u00e3o para Caracas!\u201d<\/p>\n<p>Por Jos\u00e9 Carlos de Assis :Formado em Engenharia de Produ\u00e7\u00e3o, PhD em economia, professor de Economia Internacional, autor de mais de 20 livros sobre economia pol\u00edtica.<\/p>\n","protected":false},"excerpt":{"rendered":"<p>O Brasil n\u00e3o vai declarar guerra \u00e0 Venezuela. Se atacar por acidente vai perder. \u00c9 que n\u00e3o h\u00e1 justificativa moral ou mesmo militar para um ataque a nosso vizinho que nunca nos fez mal. As For\u00e7as Armadas da Venezuela est\u00e3o embaladas por um sentimento nacionalista que tem poucos paralelos numa Am\u00e9rica Latina que, com raras&#8230;<a class=\"more-link\" href=\"http:\/\/blogdalucianaoliveira.com.br\/blog\/2019\/02\/22\/crise-na-venezuela-guerra-estupida-e-perdida-antes-mesmo-de-comecar\/\">Continue a leitura <span class=\"meta-nav\">&raquo;<\/span><\/a><\/p>\n","protected":false},"author":1,"featured_media":0,"comment_status":"closed","ping_status":"open","sticky":false,"template":"","format":"standard","meta":{"_exactmetrics_skip_tracking":false,"_exactmetrics_sitenote_active":false,"_exactmetrics_sitenote_note":"","_exactmetrics_sitenote_category":0,"jetpack_post_was_ever_published":false,"_jetpack_newsletter_access":"","_jetpack_dont_email_post_to_subs":false,"_jetpack_newsletter_tier_id":0,"_jetpack_memberships_contains_paywalled_content":false,"_jetpack_memberships_contains_paid_content":false,"footnotes":"","jetpack_publicize_message":"","jetpack_publicize_feature_enabled":true,"jetpack_social_post_already_shared":true,"jetpack_social_options":{"image_generator_settings":{"template":"highway","enabled":false},"version":2}},"categories":[1],"tags":[],"class_list":["post-20609","post","type-post","status-publish","format-standard","hentry","category-notas"],"jetpack_publicize_connections":[],"jetpack_sharing_enabled":true,"jetpack_featured_media_url":"","jetpack_shortlink":"https:\/\/wp.me\/p7wKYW-5mp","jetpack-related-posts":[],"_links":{"self":[{"href":"http:\/\/blogdalucianaoliveira.com.br\/blog\/wp-json\/wp\/v2\/posts\/20609","targetHints":{"allow":["GET"]}}],"collection":[{"href":"http:\/\/blogdalucianaoliveira.com.br\/blog\/wp-json\/wp\/v2\/posts"}],"about":[{"href":"http:\/\/blogdalucianaoliveira.com.br\/blog\/wp-json\/wp\/v2\/types\/post"}],"author":[{"embeddable":true,"href":"http:\/\/blogdalucianaoliveira.com.br\/blog\/wp-json\/wp\/v2\/users\/1"}],"replies":[{"embeddable":true,"href":"http:\/\/blogdalucianaoliveira.com.br\/blog\/wp-json\/wp\/v2\/comments?post=20609"}],"version-history":[{"count":1,"href":"http:\/\/blogdalucianaoliveira.com.br\/blog\/wp-json\/wp\/v2\/posts\/20609\/revisions"}],"predecessor-version":[{"id":20611,"href":"http:\/\/blogdalucianaoliveira.com.br\/blog\/wp-json\/wp\/v2\/posts\/20609\/revisions\/20611"}],"wp:attachment":[{"href":"http:\/\/blogdalucianaoliveira.com.br\/blog\/wp-json\/wp\/v2\/media?parent=20609"}],"wp:term":[{"taxonomy":"category","embeddable":true,"href":"http:\/\/blogdalucianaoliveira.com.br\/blog\/wp-json\/wp\/v2\/categories?post=20609"},{"taxonomy":"post_tag","embeddable":true,"href":"http:\/\/blogdalucianaoliveira.com.br\/blog\/wp-json\/wp\/v2\/tags?post=20609"}],"curies":[{"name":"wp","href":"https:\/\/api.w.org\/{rel}","templated":true}]}}