{"id":20619,"date":"2019-02-23T11:20:26","date_gmt":"2019-02-23T15:20:26","guid":{"rendered":"http:\/\/blogdalucianaoliveira.com.br\/blog\/?p=20619"},"modified":"2019-02-23T11:21:30","modified_gmt":"2019-02-23T15:21:30","slug":"bloco-pirarucu-do-madeira-convida-folioes-para-desfile-neste-domingo","status":"publish","type":"post","link":"http:\/\/blogdalucianaoliveira.com.br\/blog\/2019\/02\/23\/bloco-pirarucu-do-madeira-convida-folioes-para-desfile-neste-domingo\/","title":{"rendered":"BLOCO PIRARUCU DO MADEIRA CONVIDA FOLI\u00d5ES PARA DESFILE NESTE DOMINGO"},"content":{"rendered":"<p><img data-recalc-dims=\"1\" loading=\"lazy\" decoding=\"async\" data-attachment-id=\"20621\" data-permalink=\"http:\/\/blogdalucianaoliveira.com.br\/blog\/2019\/02\/23\/bloco-pirarucu-do-madeira-convida-folioes-para-desfile-neste-domingo\/pi-4\/\" data-orig-file=\"https:\/\/i0.wp.com\/blogdalucianaoliveira.com.br\/blog\/wp-content\/uploads\/2019\/02\/pi.jpg?fit=800%2C533\" data-orig-size=\"800,533\" data-comments-opened=\"0\" data-image-meta=\"{&quot;aperture&quot;:&quot;0&quot;,&quot;credit&quot;:&quot;&quot;,&quot;camera&quot;:&quot;&quot;,&quot;caption&quot;:&quot;&quot;,&quot;created_timestamp&quot;:&quot;0&quot;,&quot;copyright&quot;:&quot;&quot;,&quot;focal_length&quot;:&quot;0&quot;,&quot;iso&quot;:&quot;0&quot;,&quot;shutter_speed&quot;:&quot;0&quot;,&quot;title&quot;:&quot;&quot;,&quot;orientation&quot;:&quot;0&quot;}\" data-image-title=\"pi\" data-image-description=\"\" data-image-caption=\"\" data-medium-file=\"https:\/\/i0.wp.com\/blogdalucianaoliveira.com.br\/blog\/wp-content\/uploads\/2019\/02\/pi.jpg?fit=300%2C200\" data-large-file=\"https:\/\/i0.wp.com\/blogdalucianaoliveira.com.br\/blog\/wp-content\/uploads\/2019\/02\/pi.jpg?fit=600%2C400\" src=\"https:\/\/i0.wp.com\/blogdalucianaoliveira.com.br\/blog\/wp-content\/uploads\/2019\/02\/pi.jpg?resize=600%2C400\" alt=\"pi\" width=\"600\" height=\"400\" class=\"alignnone size-full wp-image-20621\" srcset=\"https:\/\/i0.wp.com\/blogdalucianaoliveira.com.br\/blog\/wp-content\/uploads\/2019\/02\/pi.jpg?w=800 800w, https:\/\/i0.wp.com\/blogdalucianaoliveira.com.br\/blog\/wp-content\/uploads\/2019\/02\/pi.jpg?resize=300%2C200 300w, https:\/\/i0.wp.com\/blogdalucianaoliveira.com.br\/blog\/wp-content\/uploads\/2019\/02\/pi.jpg?resize=768%2C512 768w, https:\/\/i0.wp.com\/blogdalucianaoliveira.com.br\/blog\/wp-content\/uploads\/2019\/02\/pi.jpg?resize=450%2C300 450w\" sizes=\"auto, (max-width: 600px) 100vw, 600px\" \/><\/p>\n<p>\u201cV\u00e1 fantasiado, com muito amor e paz no cora\u00e7\u00e3o! \u201d, pede o fundador do bloco mais democr\u00e1tico de Porto Velho, Ernande Segismundo.<br \/>\nComo o bloco n\u00e3o vende nada, n\u00e3o tem cordas, nem abad\u00e1, todos podem participar da folia do Pirarucu do Madeira que completa neste carnaval 26 anos.<\/p>\n<p>O desfile tem tudo para ser hist\u00f3rico, pois as Escolas de Samba ser\u00e3o homenageadas com seus pavilh\u00f5es \u00e0 frente do cortejo popular momesco.<!--more--><\/p>\n<p><img data-recalc-dims=\"1\" loading=\"lazy\" decoding=\"async\" data-attachment-id=\"20622\" data-permalink=\"http:\/\/blogdalucianaoliveira.com.br\/blog\/2019\/02\/23\/bloco-pirarucu-do-madeira-convida-folioes-para-desfile-neste-domingo\/diplomatas-mestre-sala-copy\/\" data-orig-file=\"https:\/\/i0.wp.com\/blogdalucianaoliveira.com.br\/blog\/wp-content\/uploads\/2019\/02\/DIPLOMATAS-MESTRE-SALA-copy.jpg?fit=800%2C600\" data-orig-size=\"800,600\" data-comments-opened=\"0\" data-image-meta=\"{&quot;aperture&quot;:&quot;4&quot;,&quot;credit&quot;:&quot;&quot;,&quot;camera&quot;:&quot;Canon EOS REBEL T3i&quot;,&quot;caption&quot;:&quot;&quot;,&quot;created_timestamp&quot;:&quot;1438987205&quot;,&quot;copyright&quot;:&quot;&quot;,&quot;focal_length&quot;:&quot;18&quot;,&quot;iso&quot;:&quot;3200&quot;,&quot;shutter_speed&quot;:&quot;0.0166666666667&quot;,&quot;title&quot;:&quot;&quot;,&quot;orientation&quot;:&quot;1&quot;}\" data-image-title=\"DIPLOMATAS-MESTRE-SALA-copy\" data-image-description=\"\" data-image-caption=\"\" data-medium-file=\"https:\/\/i0.wp.com\/blogdalucianaoliveira.com.br\/blog\/wp-content\/uploads\/2019\/02\/DIPLOMATAS-MESTRE-SALA-copy.jpg?fit=300%2C225\" data-large-file=\"https:\/\/i0.wp.com\/blogdalucianaoliveira.com.br\/blog\/wp-content\/uploads\/2019\/02\/DIPLOMATAS-MESTRE-SALA-copy.jpg?fit=600%2C450\" src=\"https:\/\/i0.wp.com\/blogdalucianaoliveira.com.br\/blog\/wp-content\/uploads\/2019\/02\/DIPLOMATAS-MESTRE-SALA-copy.jpg?resize=600%2C450\" alt=\"DIPLOMATAS-MESTRE-SALA-copy\" width=\"600\" height=\"450\" class=\"alignnone size-full wp-image-20622\" srcset=\"https:\/\/i0.wp.com\/blogdalucianaoliveira.com.br\/blog\/wp-content\/uploads\/2019\/02\/DIPLOMATAS-MESTRE-SALA-copy.jpg?w=800 800w, https:\/\/i0.wp.com\/blogdalucianaoliveira.com.br\/blog\/wp-content\/uploads\/2019\/02\/DIPLOMATAS-MESTRE-SALA-copy.jpg?resize=300%2C225 300w, https:\/\/i0.wp.com\/blogdalucianaoliveira.com.br\/blog\/wp-content\/uploads\/2019\/02\/DIPLOMATAS-MESTRE-SALA-copy.jpg?resize=768%2C576 768w, https:\/\/i0.wp.com\/blogdalucianaoliveira.com.br\/blog\/wp-content\/uploads\/2019\/02\/DIPLOMATAS-MESTRE-SALA-copy.jpg?resize=400%2C300 400w\" sizes=\"auto, (max-width: 600px) 100vw, 600px\" \/><\/p>\n<p>\u201cA inten\u00e7\u00e3o \u00e9 mostrar a import\u00e2ncia e a for\u00e7a de uma tradi\u00e7\u00e3o que nasceu praticamente junto com a capital\u201d, diz Segismundo.<br \/>\nA marchinha composta pelo trio de ouro, Bainha, Oscar e Z\u00e9 Baixinho \u00e9 manifesto de afirma\u00e7\u00e3o cultural.<\/p>\n<p>\u201cDeixa Falar, Deixa pra l\u00e1<br \/>\nDane-se quem me odeia<br \/>\nEu sou eu, sou cultura brasileira<br \/>\nSou Pirarucu do Madeira<\/p>\n<p>Minha fantasia \u00e9 s\u00e9ria<br \/>\nMeu bloco respeita a tradi\u00e7\u00e3o<br \/>\nReverencia as Escolas de Samba<br \/>\nDe ontem<br \/>\nVivas no meu cora\u00e7\u00e3o.\u201d<\/p>\n<p><iframe loading=\"lazy\" src=\"https:\/\/www.facebook.com\/plugins\/video.php?href=https%3A%2F%2Fwww.facebook.com%2Fluciana.oliveira.75457%2Fvideos%2F2217440021665222%2F&#038;show_text=0&#038;width=560\" width=\"560\" height=\"315\" style=\"border:none;overflow:hidden\" scrolling=\"no\" frameborder=\"0\" allowTransparency=\"true\" allowFullScreen=\"true\"><\/iframe><\/p>\n<p>Quem arrasta o desfile \u00e9 a banda Puraqu\u00e9 que tem 12 integrantes e toca com os p\u00e9s no ch\u00e3o.<br \/>\nPor ser democr\u00e1tico, a cada ano novos bloquinhos se integram ao desfile que tem tamb\u00e9m grupos do teatro, de percuss\u00e3o, de protesto e de poesia. <\/p>\n<p><img data-recalc-dims=\"1\" loading=\"lazy\" decoding=\"async\" data-attachment-id=\"20620\" data-permalink=\"http:\/\/blogdalucianaoliveira.com.br\/blog\/2019\/02\/23\/bloco-pirarucu-do-madeira-convida-folioes-para-desfile-neste-domingo\/tea\/\" data-orig-file=\"https:\/\/i0.wp.com\/blogdalucianaoliveira.com.br\/blog\/wp-content\/uploads\/2019\/02\/tea.jpg?fit=602%2C960\" data-orig-size=\"602,960\" data-comments-opened=\"0\" data-image-meta=\"{&quot;aperture&quot;:&quot;0&quot;,&quot;credit&quot;:&quot;&quot;,&quot;camera&quot;:&quot;&quot;,&quot;caption&quot;:&quot;&quot;,&quot;created_timestamp&quot;:&quot;0&quot;,&quot;copyright&quot;:&quot;&quot;,&quot;focal_length&quot;:&quot;0&quot;,&quot;iso&quot;:&quot;0&quot;,&quot;shutter_speed&quot;:&quot;0&quot;,&quot;title&quot;:&quot;&quot;,&quot;orientation&quot;:&quot;0&quot;}\" data-image-title=\"tea\" data-image-description=\"\" data-image-caption=\"\" data-medium-file=\"https:\/\/i0.wp.com\/blogdalucianaoliveira.com.br\/blog\/wp-content\/uploads\/2019\/02\/tea.jpg?fit=188%2C300\" data-large-file=\"https:\/\/i0.wp.com\/blogdalucianaoliveira.com.br\/blog\/wp-content\/uploads\/2019\/02\/tea.jpg?fit=600%2C957\" src=\"https:\/\/i0.wp.com\/blogdalucianaoliveira.com.br\/blog\/wp-content\/uploads\/2019\/02\/tea.jpg?resize=600%2C957\" alt=\"tea\" width=\"600\" height=\"957\" class=\"alignnone size-full wp-image-20620\" srcset=\"https:\/\/i0.wp.com\/blogdalucianaoliveira.com.br\/blog\/wp-content\/uploads\/2019\/02\/tea.jpg?w=602 602w, https:\/\/i0.wp.com\/blogdalucianaoliveira.com.br\/blog\/wp-content\/uploads\/2019\/02\/tea.jpg?resize=188%2C300 188w\" sizes=\"auto, (max-width: 600px) 100vw, 600px\" \/><\/p>\n<p>\u201cNo Pirarucu a \u00fanica discuss\u00e3o que se instala todo carnaval \u00e9 para aumentar o percurso do bloco que come\u00e7a na esquina das ruas Pinheiro Machado e Rog\u00e9rio Weber, segue at\u00e9 a Tenreiro Aranha e retorna pela Carlos Gomes.\u201d<\/p>\n<p>O bloco h\u00e1 muitos anos decidiu fazer folia mais cedo, sem trio el\u00e9trico e com trajeto mais curto para garantir seguran\u00e7a aos foli\u00f5es.<\/p>\n<p>\u201cA ess\u00eancia do Pirarucu \u00e9 o carnaval tradi\u00e7\u00e3o que permite a participa\u00e7\u00e3o de crian\u00e7as, portadores de defici\u00eancias, idosos, de fam\u00edlias inteiras. N\u00f3s estimulamos a cultura democr\u00e1tica e de paz no carnaval\u201d. <\/p>\n<p>A concentra\u00e7\u00e3o \u00e9 a partir das 15 horas, ao lado do Poliesportivo Deroche Pequeno Franco.<\/p>\n","protected":false},"excerpt":{"rendered":"<p>\u201cV\u00e1 fantasiado, com muito amor e paz no cora\u00e7\u00e3o! \u201d, pede o fundador do bloco mais democr\u00e1tico de Porto Velho, Ernande Segismundo. Como o bloco n\u00e3o vende nada, n\u00e3o tem cordas, nem abad\u00e1, todos podem participar da folia do Pirarucu do Madeira que completa neste carnaval 26 anos. O desfile tem tudo para ser hist\u00f3rico,&#8230;<a class=\"more-link\" href=\"http:\/\/blogdalucianaoliveira.com.br\/blog\/2019\/02\/23\/bloco-pirarucu-do-madeira-convida-folioes-para-desfile-neste-domingo\/\">Continue a leitura <span class=\"meta-nav\">&raquo;<\/span><\/a><\/p>\n","protected":false},"author":1,"featured_media":0,"comment_status":"closed","ping_status":"open","sticky":false,"template":"","format":"standard","meta":{"_exactmetrics_skip_tracking":false,"_exactmetrics_sitenote_active":false,"_exactmetrics_sitenote_note":"","_exactmetrics_sitenote_category":0,"jetpack_post_was_ever_published":false,"_jetpack_newsletter_access":"","_jetpack_dont_email_post_to_subs":false,"_jetpack_newsletter_tier_id":0,"_jetpack_memberships_contains_paywalled_content":false,"_jetpack_memberships_contains_paid_content":false,"footnotes":"","jetpack_publicize_message":"","jetpack_publicize_feature_enabled":true,"jetpack_social_post_already_shared":true,"jetpack_social_options":{"image_generator_settings":{"template":"highway","enabled":false},"version":2}},"categories":[1],"tags":[],"class_list":["post-20619","post","type-post","status-publish","format-standard","hentry","category-notas"],"jetpack_publicize_connections":[],"jetpack_sharing_enabled":true,"jetpack_featured_media_url":"","jetpack_shortlink":"https:\/\/wp.me\/p7wKYW-5mz","jetpack-related-posts":[],"_links":{"self":[{"href":"http:\/\/blogdalucianaoliveira.com.br\/blog\/wp-json\/wp\/v2\/posts\/20619","targetHints":{"allow":["GET"]}}],"collection":[{"href":"http:\/\/blogdalucianaoliveira.com.br\/blog\/wp-json\/wp\/v2\/posts"}],"about":[{"href":"http:\/\/blogdalucianaoliveira.com.br\/blog\/wp-json\/wp\/v2\/types\/post"}],"author":[{"embeddable":true,"href":"http:\/\/blogdalucianaoliveira.com.br\/blog\/wp-json\/wp\/v2\/users\/1"}],"replies":[{"embeddable":true,"href":"http:\/\/blogdalucianaoliveira.com.br\/blog\/wp-json\/wp\/v2\/comments?post=20619"}],"version-history":[{"count":2,"href":"http:\/\/blogdalucianaoliveira.com.br\/blog\/wp-json\/wp\/v2\/posts\/20619\/revisions"}],"predecessor-version":[{"id":20624,"href":"http:\/\/blogdalucianaoliveira.com.br\/blog\/wp-json\/wp\/v2\/posts\/20619\/revisions\/20624"}],"wp:attachment":[{"href":"http:\/\/blogdalucianaoliveira.com.br\/blog\/wp-json\/wp\/v2\/media?parent=20619"}],"wp:term":[{"taxonomy":"category","embeddable":true,"href":"http:\/\/blogdalucianaoliveira.com.br\/blog\/wp-json\/wp\/v2\/categories?post=20619"},{"taxonomy":"post_tag","embeddable":true,"href":"http:\/\/blogdalucianaoliveira.com.br\/blog\/wp-json\/wp\/v2\/tags?post=20619"}],"curies":[{"name":"wp","href":"https:\/\/api.w.org\/{rel}","templated":true}]}}