{"id":2071,"date":"2016-07-02T14:16:24","date_gmt":"2016-07-02T18:16:24","guid":{"rendered":"http:\/\/blogdalucianaoliveira.com.br\/blog\/?p=2071"},"modified":"2016-07-02T14:18:35","modified_gmt":"2016-07-02T18:18:35","slug":"piada-do-dia-governo-temer-declara-guerra-ao-jornal-new-york-times","status":"publish","type":"post","link":"http:\/\/blogdalucianaoliveira.com.br\/blog\/2016\/07\/02\/piada-do-dia-governo-temer-declara-guerra-ao-jornal-new-york-times\/","title":{"rendered":"Piada do dia: Governo Temer declara &#8220;guerra&#8221; ao jornal &#8216;New York Times&#8217;"},"content":{"rendered":"<p><img data-recalc-dims=\"1\" loading=\"lazy\" decoding=\"async\" data-attachment-id=\"2072\" data-permalink=\"http:\/\/blogdalucianaoliveira.com.br\/blog\/2016\/07\/02\/piada-do-dia-governo-temer-declara-guerra-ao-jornal-new-york-times\/image-453\/\" data-orig-file=\"https:\/\/i0.wp.com\/blogdalucianaoliveira.com.br\/blog\/wp-content\/uploads\/2016\/07\/image-7.jpeg?fit=720%2C457\" data-orig-size=\"720,457\" data-comments-opened=\"0\" data-image-meta=\"{&quot;aperture&quot;:&quot;0&quot;,&quot;credit&quot;:&quot;&quot;,&quot;camera&quot;:&quot;&quot;,&quot;caption&quot;:&quot;&quot;,&quot;created_timestamp&quot;:&quot;0&quot;,&quot;copyright&quot;:&quot;&quot;,&quot;focal_length&quot;:&quot;0&quot;,&quot;iso&quot;:&quot;0&quot;,&quot;shutter_speed&quot;:&quot;0&quot;,&quot;title&quot;:&quot;&quot;,&quot;orientation&quot;:&quot;0&quot;}\" data-image-title=\"image\" data-image-description=\"\" data-image-caption=\"\" data-medium-file=\"https:\/\/i0.wp.com\/blogdalucianaoliveira.com.br\/blog\/wp-content\/uploads\/2016\/07\/image-7.jpeg?fit=300%2C190\" data-large-file=\"https:\/\/i0.wp.com\/blogdalucianaoliveira.com.br\/blog\/wp-content\/uploads\/2016\/07\/image-7.jpeg?fit=600%2C381\" src=\"https:\/\/i0.wp.com\/blogdalucianaoliveira.com.br\/blog\/wp-content\/uploads\/2016\/07\/image-7.jpeg?resize=600%2C381\" alt=\"image\" width=\"600\" height=\"381\" class=\"alignnone size-full wp-image-2072\" srcset=\"https:\/\/i0.wp.com\/blogdalucianaoliveira.com.br\/blog\/wp-content\/uploads\/2016\/07\/image-7.jpeg?w=720 720w, https:\/\/i0.wp.com\/blogdalucianaoliveira.com.br\/blog\/wp-content\/uploads\/2016\/07\/image-7.jpeg?resize=300%2C190 300w, https:\/\/i0.wp.com\/blogdalucianaoliveira.com.br\/blog\/wp-content\/uploads\/2016\/07\/image-7.jpeg?resize=473%2C300 473w\" sizes=\"auto, (max-width: 600px) 100vw, 600px\" \/><\/p>\n<p>Pois \u00e9&#8230;<\/p>\n<p>O interino ficou puto, porque o ve\u00edculo chamou o Brasil de &#8220;medalha de ouro&#8221; da corrup\u00e7\u00e3o. <!--more--><\/p>\n<p>Em defesa do governo, o embaixador do Brasil em Washington, Luiz Alberto Figueireido, disse que o pa\u00eds &#8220;deveria ser premiado com uma medalha pela coragem na luta contra a corrup\u00e7\u00e3o&#8221;.<\/p>\n<p>\u00c9 ou n\u00e3o uma boa piada? <\/p>\n<p>Um governo que nomeou uma dezena de ministros investigados por corrup\u00e7\u00e3o dizer isso?!<\/p>\n<p>Tr\u00eas ministros j\u00e1 ca\u00edram ap\u00f3s dela\u00e7\u00f5es na Lava Jato. <\/p>\n<p>E o interino ainda quer posar de pombo com o peito estufado, com p\u00edfios 13% de aprova\u00e7\u00e3o. <\/p>\n<p>Pode rir! Rir muito dessa not\u00edcia! <\/p>\n<p>H\u00e1 risos que d\u00e3o vontade de chorar e l\u00e1grimas que d\u00e3o vontade de rir.  <\/p>\n","protected":false},"excerpt":{"rendered":"<p>Pois \u00e9&#8230; O interino ficou puto, porque o ve\u00edculo chamou o Brasil de &#8220;medalha de ouro&#8221; da corrup\u00e7\u00e3o.<\/p>\n","protected":false},"author":1,"featured_media":0,"comment_status":"closed","ping_status":"open","sticky":false,"template":"","format":"standard","meta":{"_exactmetrics_skip_tracking":false,"_exactmetrics_sitenote_active":false,"_exactmetrics_sitenote_note":"","_exactmetrics_sitenote_category":0,"jetpack_post_was_ever_published":false,"_jetpack_newsletter_access":"","_jetpack_dont_email_post_to_subs":false,"_jetpack_newsletter_tier_id":0,"_jetpack_memberships_contains_paywalled_content":false,"_jetpack_memberships_contains_paid_content":false,"footnotes":"","jetpack_publicize_message":"","jetpack_publicize_feature_enabled":true,"jetpack_social_post_already_shared":true,"jetpack_social_options":{"image_generator_settings":{"template":"highway","enabled":false},"version":2}},"categories":[1],"tags":[],"class_list":["post-2071","post","type-post","status-publish","format-standard","hentry","category-notas"],"jetpack_publicize_connections":[],"jetpack_sharing_enabled":true,"jetpack_featured_media_url":"","jetpack_shortlink":"https:\/\/wp.me\/p7wKYW-xp","jetpack-related-posts":[],"_links":{"self":[{"href":"http:\/\/blogdalucianaoliveira.com.br\/blog\/wp-json\/wp\/v2\/posts\/2071","targetHints":{"allow":["GET"]}}],"collection":[{"href":"http:\/\/blogdalucianaoliveira.com.br\/blog\/wp-json\/wp\/v2\/posts"}],"about":[{"href":"http:\/\/blogdalucianaoliveira.com.br\/blog\/wp-json\/wp\/v2\/types\/post"}],"author":[{"embeddable":true,"href":"http:\/\/blogdalucianaoliveira.com.br\/blog\/wp-json\/wp\/v2\/users\/1"}],"replies":[{"embeddable":true,"href":"http:\/\/blogdalucianaoliveira.com.br\/blog\/wp-json\/wp\/v2\/comments?post=2071"}],"version-history":[{"count":4,"href":"http:\/\/blogdalucianaoliveira.com.br\/blog\/wp-json\/wp\/v2\/posts\/2071\/revisions"}],"predecessor-version":[{"id":2076,"href":"http:\/\/blogdalucianaoliveira.com.br\/blog\/wp-json\/wp\/v2\/posts\/2071\/revisions\/2076"}],"wp:attachment":[{"href":"http:\/\/blogdalucianaoliveira.com.br\/blog\/wp-json\/wp\/v2\/media?parent=2071"}],"wp:term":[{"taxonomy":"category","embeddable":true,"href":"http:\/\/blogdalucianaoliveira.com.br\/blog\/wp-json\/wp\/v2\/categories?post=2071"},{"taxonomy":"post_tag","embeddable":true,"href":"http:\/\/blogdalucianaoliveira.com.br\/blog\/wp-json\/wp\/v2\/tags?post=2071"}],"curies":[{"name":"wp","href":"https:\/\/api.w.org\/{rel}","templated":true}]}}