{"id":208,"date":"2016-05-04T19:58:15","date_gmt":"2016-05-04T23:58:15","guid":{"rendered":"http:\/\/blogdalucianaoliveira.com.br\/blog\/?p=208"},"modified":"2016-05-04T20:01:53","modified_gmt":"2016-05-05T00:01:53","slug":"era-so-o-que-faltava-ne-dilma-se-safar-por-pedalar-so-porque-o-relator-pedalou","status":"publish","type":"post","link":"http:\/\/blogdalucianaoliveira.com.br\/blog\/2016\/05\/04\/era-so-o-que-faltava-ne-dilma-se-safar-por-pedalar-so-porque-o-relator-pedalou\/","title":{"rendered":"Era s\u00f3 o que faltava n\u00e9?  Dilma se safar por pedalar, s\u00f3 porque o relator pedalou"},"content":{"rendered":"<p><img data-recalc-dims=\"1\" loading=\"lazy\" decoding=\"async\" data-attachment-id=\"209\" data-permalink=\"http:\/\/blogdalucianaoliveira.com.br\/blog\/2016\/05\/04\/era-so-o-que-faltava-ne-dilma-se-safar-por-pedalar-so-porque-o-relator-pedalou\/image-24\/\" data-orig-file=\"https:\/\/i0.wp.com\/blogdalucianaoliveira.com.br\/blog\/wp-content\/uploads\/2016\/05\/image-21.jpeg?fit=750%2C410\" data-orig-size=\"750,410\" data-comments-opened=\"0\" data-image-meta=\"{&quot;aperture&quot;:&quot;0&quot;,&quot;credit&quot;:&quot;&quot;,&quot;camera&quot;:&quot;&quot;,&quot;caption&quot;:&quot;&quot;,&quot;created_timestamp&quot;:&quot;0&quot;,&quot;copyright&quot;:&quot;&quot;,&quot;focal_length&quot;:&quot;0&quot;,&quot;iso&quot;:&quot;0&quot;,&quot;shutter_speed&quot;:&quot;0&quot;,&quot;title&quot;:&quot;&quot;,&quot;orientation&quot;:&quot;0&quot;}\" data-image-title=\"image\" data-image-description=\"\" data-image-caption=\"\" data-medium-file=\"https:\/\/i0.wp.com\/blogdalucianaoliveira.com.br\/blog\/wp-content\/uploads\/2016\/05\/image-21.jpeg?fit=300%2C164\" data-large-file=\"https:\/\/i0.wp.com\/blogdalucianaoliveira.com.br\/blog\/wp-content\/uploads\/2016\/05\/image-21.jpeg?fit=600%2C328\" class=\"alignnone size-full wp-image-209\" src=\"https:\/\/i0.wp.com\/blogdalucianaoliveira.com.br\/blog\/wp-content\/uploads\/2016\/05\/image-21.jpeg?resize=600%2C328\" alt=\"image\" width=\"600\" height=\"328\" srcset=\"https:\/\/i0.wp.com\/blogdalucianaoliveira.com.br\/blog\/wp-content\/uploads\/2016\/05\/image-21.jpeg?w=750 750w, https:\/\/i0.wp.com\/blogdalucianaoliveira.com.br\/blog\/wp-content\/uploads\/2016\/05\/image-21.jpeg?resize=300%2C164 300w, https:\/\/i0.wp.com\/blogdalucianaoliveira.com.br\/blog\/wp-content\/uploads\/2016\/05\/image-21.jpeg?resize=549%2C300 549w\" sizes=\"auto, (max-width: 600px) 100vw, 600px\" \/><\/p>\n<p>Para surpresa de ningu\u00e9m, o relator da Comiss\u00e3o Especial do Impeachment, senador Antonio Anastasia (PSDB-MG), recomendou a abertura de processo de impedimento de mandato da presidente Dilma Rousseff.<\/p>\n<p>Em Minas, estado que governou, deputados o acusam de\u00a0n\u00e3o cumprir a Lei de Diretrizes Or\u00e7ament\u00e1rias, de pedalar com dinheiro da sa\u00fade e educa\u00e7\u00e3o.<!--more--><\/p>\n<p>Anastasia\u00a0estabeleceu um percentual menor que os 12% para sa\u00fade e menor que os 25% para educa\u00e7\u00e3o, segundo dados do\u00a0Tribunal de Contas de Minas Gerais.<\/p>\n<p>A Uni\u00e3o estaria cobrando do estado algo pr\u00f3ximo de R$ 7 bilh\u00f5es de reposi\u00e7\u00e3o do fundo de Previd\u00eancia, dinheiro que gastou e nunca rep\u00f4s.<\/p>\n<p>E da\u00ed?<\/p>\n<p>Quem espera coer\u00eancia do Senado? Quem imagina uma an\u00e1lise sensata de parlamentares enrolados com a justi\u00e7a at\u00e9 o pesco\u00e7o, com o cadafalso de Dilma armado?<\/p>\n<p>Sei, voc\u00ea sabe, todos sabem o que est\u00e1 ocorrendo, mas vamos fingir que n\u00e3o sabemos.<\/p>\n<p>Fora Dilma!<\/p>\n<p>Voc\u00ea come\u00e7ou a pedalar h\u00e1 pouco tempo e quer ultrapassar a elite da pedalada?<\/p>\n<p>&nbsp;<\/p>\n","protected":false},"excerpt":{"rendered":"<p>Para surpresa de ningu\u00e9m, o relator da Comiss\u00e3o Especial do Impeachment, senador Antonio Anastasia (PSDB-MG), recomendou a abertura de processo de impedimento de mandato da presidente Dilma Rousseff. Em Minas, estado que governou, deputados o acusam de\u00a0n\u00e3o cumprir a Lei de Diretrizes Or\u00e7ament\u00e1rias, de pedalar com dinheiro da sa\u00fade e educa\u00e7\u00e3o.<\/p>\n","protected":false},"author":1,"featured_media":0,"comment_status":"closed","ping_status":"open","sticky":false,"template":"","format":"standard","meta":{"_exactmetrics_skip_tracking":false,"_exactmetrics_sitenote_active":false,"_exactmetrics_sitenote_note":"","_exactmetrics_sitenote_category":0,"jetpack_post_was_ever_published":false,"_jetpack_newsletter_access":"","_jetpack_dont_email_post_to_subs":false,"_jetpack_newsletter_tier_id":0,"_jetpack_memberships_contains_paywalled_content":false,"_jetpack_memberships_contains_paid_content":false,"footnotes":"","jetpack_publicize_message":"","jetpack_publicize_feature_enabled":true,"jetpack_social_post_already_shared":false,"jetpack_social_options":{"image_generator_settings":{"template":"highway","enabled":false},"version":2}},"categories":[1],"tags":[],"class_list":["post-208","post","type-post","status-publish","format-standard","hentry","category-notas"],"jetpack_publicize_connections":[],"jetpack_sharing_enabled":true,"jetpack_featured_media_url":"","jetpack_shortlink":"https:\/\/wp.me\/p7wKYW-3m","jetpack-related-posts":[],"_links":{"self":[{"href":"http:\/\/blogdalucianaoliveira.com.br\/blog\/wp-json\/wp\/v2\/posts\/208","targetHints":{"allow":["GET"]}}],"collection":[{"href":"http:\/\/blogdalucianaoliveira.com.br\/blog\/wp-json\/wp\/v2\/posts"}],"about":[{"href":"http:\/\/blogdalucianaoliveira.com.br\/blog\/wp-json\/wp\/v2\/types\/post"}],"author":[{"embeddable":true,"href":"http:\/\/blogdalucianaoliveira.com.br\/blog\/wp-json\/wp\/v2\/users\/1"}],"replies":[{"embeddable":true,"href":"http:\/\/blogdalucianaoliveira.com.br\/blog\/wp-json\/wp\/v2\/comments?post=208"}],"version-history":[{"count":7,"href":"http:\/\/blogdalucianaoliveira.com.br\/blog\/wp-json\/wp\/v2\/posts\/208\/revisions"}],"predecessor-version":[{"id":216,"href":"http:\/\/blogdalucianaoliveira.com.br\/blog\/wp-json\/wp\/v2\/posts\/208\/revisions\/216"}],"wp:attachment":[{"href":"http:\/\/blogdalucianaoliveira.com.br\/blog\/wp-json\/wp\/v2\/media?parent=208"}],"wp:term":[{"taxonomy":"category","embeddable":true,"href":"http:\/\/blogdalucianaoliveira.com.br\/blog\/wp-json\/wp\/v2\/categories?post=208"},{"taxonomy":"post_tag","embeddable":true,"href":"http:\/\/blogdalucianaoliveira.com.br\/blog\/wp-json\/wp\/v2\/tags?post=208"}],"curies":[{"name":"wp","href":"https:\/\/api.w.org\/{rel}","templated":true}]}}