{"id":20814,"date":"2019-03-14T12:33:21","date_gmt":"2019-03-14T16:33:21","guid":{"rendered":"http:\/\/blogdalucianaoliveira.com.br\/blog\/?p=20814"},"modified":"2019-03-14T12:35:04","modified_gmt":"2019-03-14T16:35:04","slug":"a-culpa-de-bolsonaro","status":"publish","type":"post","link":"http:\/\/blogdalucianaoliveira.com.br\/blog\/2019\/03\/14\/a-culpa-de-bolsonaro\/","title":{"rendered":"A culpa de Bolsonaro"},"content":{"rendered":"<p><img data-recalc-dims=\"1\" loading=\"lazy\" decoding=\"async\" data-attachment-id=\"20815\" data-permalink=\"http:\/\/blogdalucianaoliveira.com.br\/blog\/2019\/03\/14\/a-culpa-de-bolsonaro\/6ff83fbe-faba-4f4d-84a6-ca38d768b905\/\" data-orig-file=\"https:\/\/i0.wp.com\/blogdalucianaoliveira.com.br\/blog\/wp-content\/uploads\/2019\/03\/6FF83FBE-FABA-4F4D-84A6-CA38D768B905.jpeg?fit=511%2C268\" data-orig-size=\"511,268\" data-comments-opened=\"0\" data-image-meta=\"{&quot;aperture&quot;:&quot;0&quot;,&quot;credit&quot;:&quot;&quot;,&quot;camera&quot;:&quot;&quot;,&quot;caption&quot;:&quot;&quot;,&quot;created_timestamp&quot;:&quot;0&quot;,&quot;copyright&quot;:&quot;&quot;,&quot;focal_length&quot;:&quot;0&quot;,&quot;iso&quot;:&quot;0&quot;,&quot;shutter_speed&quot;:&quot;0&quot;,&quot;title&quot;:&quot;&quot;,&quot;orientation&quot;:&quot;1&quot;}\" data-image-title=\"6FF83FBE-FABA-4F4D-84A6-CA38D768B905\" data-image-description=\"\" data-image-caption=\"\" data-medium-file=\"https:\/\/i0.wp.com\/blogdalucianaoliveira.com.br\/blog\/wp-content\/uploads\/2019\/03\/6FF83FBE-FABA-4F4D-84A6-CA38D768B905.jpeg?fit=300%2C157\" data-large-file=\"https:\/\/i0.wp.com\/blogdalucianaoliveira.com.br\/blog\/wp-content\/uploads\/2019\/03\/6FF83FBE-FABA-4F4D-84A6-CA38D768B905.jpeg?fit=511%2C268\" src=\"https:\/\/i0.wp.com\/blogdalucianaoliveira.com.br\/blog\/wp-content\/uploads\/2019\/03\/6FF83FBE-FABA-4F4D-84A6-CA38D768B905.jpeg?resize=511%2C268\" alt=\"6FF83FBE-FABA-4F4D-84A6-CA38D768B905\" width=\"511\" height=\"268\" class=\"alignnone size-full wp-image-20815\" srcset=\"https:\/\/i0.wp.com\/blogdalucianaoliveira.com.br\/blog\/wp-content\/uploads\/2019\/03\/6FF83FBE-FABA-4F4D-84A6-CA38D768B905.jpeg?w=511 511w, https:\/\/i0.wp.com\/blogdalucianaoliveira.com.br\/blog\/wp-content\/uploads\/2019\/03\/6FF83FBE-FABA-4F4D-84A6-CA38D768B905.jpeg?resize=300%2C157 300w\" sizes=\"auto, (max-width: 511px) 100vw, 511px\" \/><\/p>\n<p>Bolsonaro n\u00e3o disparou contra as v\u00edtimas da escola em Suzano. <\/p>\n<p>Mas, devemos sim relacionar o massacre \u00e0 sua postura e discurso de culto \u00e0s armas com apelo ao \u00f3dio. <!--more--><\/p>\n<p>Bolsonaro n\u00e3o fez uma defesa s\u00e9ria do seu projeto de flexibiliza\u00e7\u00e3o de posse de armas. <\/p>\n<p>E isso era poss\u00edvel sim. <\/p>\n<p>Mas, ele defendeu mais armas \u00e0 popula\u00e7\u00e3o disparando o gatilho mental do \u00f3dio. <\/p>\n<p>Vou lembrar s\u00f3 algumas balas de \u00f3dio que ele disparou:<\/p>\n<p>\u201cS\u00f3 vai mudar, infelizmente, se um dia n\u00f3s partirmos para uma guerra civil aqui dentro, e fazendo o trabalho que o regime militar n\u00e3o fez: matando uns 30 mil\u201d. <\/p>\n<p>\u201c[O policial] entra, resolve o problema e, se matar 10, 15 ou 20, com 10 ou 30 tiros cada um, ele tem que ser condecorado, e n\u00e3o processado\u201d.<\/p>\n<p>Preferiu a morte a um filho gay. \u201cPara mim \u00e9 a morte. Digo mais: prefiro que morra num acidente do que apare\u00e7a com um bigodudo por a\u00ed. Para mim ele vai ter morrido mesmo.\u201d<\/p>\n<p>\u201cVamos fuzilar a petralhada\u201d, disse no Acre. <\/p>\n<p>A uma crian\u00e7a de 1 ano ele perguntou: \u201cvoc\u00ea sabe atirar?\u201d.<\/p>\n<p>O gatilho mental \u00e9 facilmente disparado por quem alcan\u00e7a as massas. <\/p>\n<p>Por essas e outras, Bolsonaro \u00e9 sempre culpado de alguma forma por crimes que tem a loucura, o \u00f3dio ou preconceito como motiva\u00e7\u00e3o. <\/p>\n<p>Por isso ele \u00e9 associado a massacres praticados por quem o apoiou na campanha e se exibiu com armas nas redes sociais como ele e os filhos orientaram. <\/p>\n<p>Falou em \u00f3dio, vem \u00e0 mem\u00f3ria o comportamento e as falas de Bolsonaro com forte apelo \u00e0 viol\u00eancia. <\/p>\n<p>O pa\u00eds vai ter que se curar disso. <\/p>\n<p>Como? Com a sociedade admitindo que tomou o caminho errado. N\u00e3o com um pol\u00edtico em si, mas com a ades\u00e3o \u00e0 uma cultura de \u00f3dio.<\/p>\n","protected":false},"excerpt":{"rendered":"<p>Bolsonaro n\u00e3o disparou contra as v\u00edtimas da escola em Suzano. Mas, devemos sim relacionar o massacre \u00e0 sua postura e discurso de culto \u00e0s armas com apelo ao \u00f3dio.<\/p>\n","protected":false},"author":1,"featured_media":0,"comment_status":"closed","ping_status":"open","sticky":false,"template":"","format":"standard","meta":{"_exactmetrics_skip_tracking":false,"_exactmetrics_sitenote_active":false,"_exactmetrics_sitenote_note":"","_exactmetrics_sitenote_category":0,"jetpack_post_was_ever_published":false,"_jetpack_newsletter_access":"","_jetpack_dont_email_post_to_subs":false,"_jetpack_newsletter_tier_id":0,"_jetpack_memberships_contains_paywalled_content":false,"_jetpack_memberships_contains_paid_content":false,"footnotes":"","jetpack_publicize_message":"","jetpack_publicize_feature_enabled":true,"jetpack_social_post_already_shared":true,"jetpack_social_options":{"image_generator_settings":{"template":"highway","enabled":false},"version":2}},"categories":[1],"tags":[],"class_list":["post-20814","post","type-post","status-publish","format-standard","hentry","category-notas"],"jetpack_publicize_connections":[],"jetpack_sharing_enabled":true,"jetpack_featured_media_url":"","jetpack_shortlink":"https:\/\/wp.me\/p7wKYW-5pI","jetpack-related-posts":[],"_links":{"self":[{"href":"http:\/\/blogdalucianaoliveira.com.br\/blog\/wp-json\/wp\/v2\/posts\/20814","targetHints":{"allow":["GET"]}}],"collection":[{"href":"http:\/\/blogdalucianaoliveira.com.br\/blog\/wp-json\/wp\/v2\/posts"}],"about":[{"href":"http:\/\/blogdalucianaoliveira.com.br\/blog\/wp-json\/wp\/v2\/types\/post"}],"author":[{"embeddable":true,"href":"http:\/\/blogdalucianaoliveira.com.br\/blog\/wp-json\/wp\/v2\/users\/1"}],"replies":[{"embeddable":true,"href":"http:\/\/blogdalucianaoliveira.com.br\/blog\/wp-json\/wp\/v2\/comments?post=20814"}],"version-history":[{"count":2,"href":"http:\/\/blogdalucianaoliveira.com.br\/blog\/wp-json\/wp\/v2\/posts\/20814\/revisions"}],"predecessor-version":[{"id":20817,"href":"http:\/\/blogdalucianaoliveira.com.br\/blog\/wp-json\/wp\/v2\/posts\/20814\/revisions\/20817"}],"wp:attachment":[{"href":"http:\/\/blogdalucianaoliveira.com.br\/blog\/wp-json\/wp\/v2\/media?parent=20814"}],"wp:term":[{"taxonomy":"category","embeddable":true,"href":"http:\/\/blogdalucianaoliveira.com.br\/blog\/wp-json\/wp\/v2\/categories?post=20814"},{"taxonomy":"post_tag","embeddable":true,"href":"http:\/\/blogdalucianaoliveira.com.br\/blog\/wp-json\/wp\/v2\/tags?post=20814"}],"curies":[{"name":"wp","href":"https:\/\/api.w.org\/{rel}","templated":true}]}}