{"id":20823,"date":"2019-03-16T06:36:33","date_gmt":"2019-03-16T10:36:33","guid":{"rendered":"http:\/\/blogdalucianaoliveira.com.br\/blog\/?p=20823"},"modified":"2019-03-16T06:36:33","modified_gmt":"2019-03-16T10:36:33","slug":"galinhas-se-unem-e-matam-a-bicadas-raposa-que-invadiu-galinheiro","status":"publish","type":"post","link":"http:\/\/blogdalucianaoliveira.com.br\/blog\/2019\/03\/16\/galinhas-se-unem-e-matam-a-bicadas-raposa-que-invadiu-galinheiro\/","title":{"rendered":"Galinhas se unem e matam a bicadas raposa que invadiu galinheiro"},"content":{"rendered":"<p><img data-recalc-dims=\"1\" loading=\"lazy\" decoding=\"async\" data-attachment-id=\"20824\" data-permalink=\"http:\/\/blogdalucianaoliveira.com.br\/blog\/2019\/03\/16\/galinhas-se-unem-e-matam-a-bicadas-raposa-que-invadiu-galinheiro\/c3765c16-c31d-4847-bef6-f9b3bc355b57\/\" data-orig-file=\"https:\/\/i0.wp.com\/blogdalucianaoliveira.com.br\/blog\/wp-content\/uploads\/2019\/03\/C3765C16-C31D-4847-BEF6-F9B3BC355B57.jpeg?fit=980%2C599\" data-orig-size=\"980,599\" data-comments-opened=\"0\" data-image-meta=\"{&quot;aperture&quot;:&quot;0&quot;,&quot;credit&quot;:&quot;&quot;,&quot;camera&quot;:&quot;&quot;,&quot;caption&quot;:&quot;&quot;,&quot;created_timestamp&quot;:&quot;0&quot;,&quot;copyright&quot;:&quot;&quot;,&quot;focal_length&quot;:&quot;0&quot;,&quot;iso&quot;:&quot;0&quot;,&quot;shutter_speed&quot;:&quot;0&quot;,&quot;title&quot;:&quot;&quot;,&quot;orientation&quot;:&quot;0&quot;}\" data-image-title=\"C3765C16-C31D-4847-BEF6-F9B3BC355B57\" data-image-description=\"\" data-image-caption=\"\" data-medium-file=\"https:\/\/i0.wp.com\/blogdalucianaoliveira.com.br\/blog\/wp-content\/uploads\/2019\/03\/C3765C16-C31D-4847-BEF6-F9B3BC355B57.jpeg?fit=300%2C183\" data-large-file=\"https:\/\/i0.wp.com\/blogdalucianaoliveira.com.br\/blog\/wp-content\/uploads\/2019\/03\/C3765C16-C31D-4847-BEF6-F9B3BC355B57.jpeg?fit=600%2C367\" src=\"https:\/\/i0.wp.com\/blogdalucianaoliveira.com.br\/blog\/wp-content\/uploads\/2019\/03\/C3765C16-C31D-4847-BEF6-F9B3BC355B57.jpeg?resize=600%2C367\" alt=\"C3765C16-C31D-4847-BEF6-F9B3BC355B57\" width=\"600\" height=\"367\" class=\"alignnone size-full wp-image-20824\" srcset=\"https:\/\/i0.wp.com\/blogdalucianaoliveira.com.br\/blog\/wp-content\/uploads\/2019\/03\/C3765C16-C31D-4847-BEF6-F9B3BC355B57.jpeg?w=980 980w, https:\/\/i0.wp.com\/blogdalucianaoliveira.com.br\/blog\/wp-content\/uploads\/2019\/03\/C3765C16-C31D-4847-BEF6-F9B3BC355B57.jpeg?resize=300%2C183 300w, https:\/\/i0.wp.com\/blogdalucianaoliveira.com.br\/blog\/wp-content\/uploads\/2019\/03\/C3765C16-C31D-4847-BEF6-F9B3BC355B57.jpeg?resize=768%2C469 768w, https:\/\/i0.wp.com\/blogdalucianaoliveira.com.br\/blog\/wp-content\/uploads\/2019\/03\/C3765C16-C31D-4847-BEF6-F9B3BC355B57.jpeg?resize=491%2C300 491w\" sizes=\"auto, (max-width: 600px) 100vw, 600px\" \/><\/p>\n<p>Predador entrou no galp\u00e3o e ficou preso l\u00e1 dentro, pois as portas s\u00e3o fechadas automaticamente ao cair da noite e s\u00f3 podem ser abertas do lado de fora<!--more--><\/p>\n<p>No El Pa\u00eds <\/p>\n<p>Uma raposa que, ao cair da noite, entrou em um galinheiro na Bretanha, no leste da Fran\u00e7a, foi encontrada morta na manh\u00e3 seguinte, v\u00edtima das bicadas das aves. O predador entrou no galp\u00e3o da escola agr\u00edcola Le Gros Ch\u00eane e ficou preso no interior sem possibilidade de fuga, j\u00e1 que as portas do galinheiro se fecham automaticamente ao anoitecer e s\u00f3 podem ser abertas pelo lado de fora.<\/p>\n<p>Alunos da escola Le Gros Ch\u00eane descobriram o corpo do mam\u00edfero quando faziam suas rondas para controlar as galinhas na manh\u00e3 seguinte. \u201cEm um canto encontramos a raposa morta\u201d, explicou Pascal Daniel, chefe da granja da escola. \u201cAs galinhas s\u00e3o muito \u00e1geis, houve um efeito de manada e a atacaram com seus bicos\u201d, detalhou. O animal era uma raposa jovem, com apenas seis ou sete meses, que se viu preso e cercado pelas galinhas.<\/p>\n","protected":false},"excerpt":{"rendered":"<p>Predador entrou no galp\u00e3o e ficou preso l\u00e1 dentro, pois as portas s\u00e3o fechadas automaticamente ao cair da noite e s\u00f3 podem ser abertas do lado de fora<\/p>\n","protected":false},"author":1,"featured_media":0,"comment_status":"closed","ping_status":"open","sticky":false,"template":"","format":"standard","meta":{"_exactmetrics_skip_tracking":false,"_exactmetrics_sitenote_active":false,"_exactmetrics_sitenote_note":"","_exactmetrics_sitenote_category":0,"jetpack_post_was_ever_published":false,"_jetpack_newsletter_access":"","_jetpack_dont_email_post_to_subs":false,"_jetpack_newsletter_tier_id":0,"_jetpack_memberships_contains_paywalled_content":false,"_jetpack_memberships_contains_paid_content":false,"footnotes":"","jetpack_publicize_message":"","jetpack_publicize_feature_enabled":true,"jetpack_social_post_already_shared":true,"jetpack_social_options":{"image_generator_settings":{"template":"highway","enabled":false},"version":2}},"categories":[1],"tags":[],"class_list":["post-20823","post","type-post","status-publish","format-standard","hentry","category-notas"],"jetpack_publicize_connections":[],"jetpack_sharing_enabled":true,"jetpack_featured_media_url":"","jetpack_shortlink":"https:\/\/wp.me\/p7wKYW-5pR","jetpack-related-posts":[],"_links":{"self":[{"href":"http:\/\/blogdalucianaoliveira.com.br\/blog\/wp-json\/wp\/v2\/posts\/20823","targetHints":{"allow":["GET"]}}],"collection":[{"href":"http:\/\/blogdalucianaoliveira.com.br\/blog\/wp-json\/wp\/v2\/posts"}],"about":[{"href":"http:\/\/blogdalucianaoliveira.com.br\/blog\/wp-json\/wp\/v2\/types\/post"}],"author":[{"embeddable":true,"href":"http:\/\/blogdalucianaoliveira.com.br\/blog\/wp-json\/wp\/v2\/users\/1"}],"replies":[{"embeddable":true,"href":"http:\/\/blogdalucianaoliveira.com.br\/blog\/wp-json\/wp\/v2\/comments?post=20823"}],"version-history":[{"count":1,"href":"http:\/\/blogdalucianaoliveira.com.br\/blog\/wp-json\/wp\/v2\/posts\/20823\/revisions"}],"predecessor-version":[{"id":20825,"href":"http:\/\/blogdalucianaoliveira.com.br\/blog\/wp-json\/wp\/v2\/posts\/20823\/revisions\/20825"}],"wp:attachment":[{"href":"http:\/\/blogdalucianaoliveira.com.br\/blog\/wp-json\/wp\/v2\/media?parent=20823"}],"wp:term":[{"taxonomy":"category","embeddable":true,"href":"http:\/\/blogdalucianaoliveira.com.br\/blog\/wp-json\/wp\/v2\/categories?post=20823"},{"taxonomy":"post_tag","embeddable":true,"href":"http:\/\/blogdalucianaoliveira.com.br\/blog\/wp-json\/wp\/v2\/tags?post=20823"}],"curies":[{"name":"wp","href":"https:\/\/api.w.org\/{rel}","templated":true}]}}