{"id":20845,"date":"2019-03-18T12:29:25","date_gmt":"2019-03-18T16:29:25","guid":{"rendered":"http:\/\/blogdalucianaoliveira.com.br\/blog\/?p=20845"},"modified":"2019-03-18T12:29:25","modified_gmt":"2019-03-18T16:29:25","slug":"capitalismo-esta-sob-seria-ameaca-alerta-economista-que-previu-crise-global-de-2008","status":"publish","type":"post","link":"http:\/\/blogdalucianaoliveira.com.br\/blog\/2019\/03\/18\/capitalismo-esta-sob-seria-ameaca-alerta-economista-que-previu-crise-global-de-2008\/","title":{"rendered":"Capitalismo est\u00e1 \u2018sob s\u00e9ria amea\u00e7a\u2019, alerta economista que previu crise global de 2008"},"content":{"rendered":"<p><img data-recalc-dims=\"1\" loading=\"lazy\" decoding=\"async\" data-attachment-id=\"20846\" data-permalink=\"http:\/\/blogdalucianaoliveira.com.br\/blog\/2019\/03\/18\/capitalismo-esta-sob-seria-ameaca-alerta-economista-que-previu-crise-global-de-2008\/3c40acbc-967a-4595-ac03-ccf988e0fb6a\/\" data-orig-file=\"https:\/\/i0.wp.com\/blogdalucianaoliveira.com.br\/blog\/wp-content\/uploads\/2019\/03\/3C40ACBC-967A-4595-AC03-CCF988E0FB6A.jpeg?fit=768%2C432\" data-orig-size=\"768,432\" data-comments-opened=\"0\" data-image-meta=\"{&quot;aperture&quot;:&quot;0&quot;,&quot;credit&quot;:&quot;&quot;,&quot;camera&quot;:&quot;&quot;,&quot;caption&quot;:&quot;&quot;,&quot;created_timestamp&quot;:&quot;0&quot;,&quot;copyright&quot;:&quot;&quot;,&quot;focal_length&quot;:&quot;0&quot;,&quot;iso&quot;:&quot;0&quot;,&quot;shutter_speed&quot;:&quot;0&quot;,&quot;title&quot;:&quot;&quot;,&quot;orientation&quot;:&quot;0&quot;}\" data-image-title=\"3C40ACBC-967A-4595-AC03-CCF988E0FB6A\" data-image-description=\"\" data-image-caption=\"\" data-medium-file=\"https:\/\/i0.wp.com\/blogdalucianaoliveira.com.br\/blog\/wp-content\/uploads\/2019\/03\/3C40ACBC-967A-4595-AC03-CCF988E0FB6A.jpeg?fit=300%2C169\" data-large-file=\"https:\/\/i0.wp.com\/blogdalucianaoliveira.com.br\/blog\/wp-content\/uploads\/2019\/03\/3C40ACBC-967A-4595-AC03-CCF988E0FB6A.jpeg?fit=600%2C338\" class=\"alignnone size-full wp-image-20846\" src=\"https:\/\/i0.wp.com\/blogdalucianaoliveira.com.br\/blog\/wp-content\/uploads\/2019\/03\/3C40ACBC-967A-4595-AC03-CCF988E0FB6A.jpeg?resize=600%2C338\" alt=\"3C40ACBC-967A-4595-AC03-CCF988E0FB6A\" width=\"600\" height=\"338\" srcset=\"https:\/\/i0.wp.com\/blogdalucianaoliveira.com.br\/blog\/wp-content\/uploads\/2019\/03\/3C40ACBC-967A-4595-AC03-CCF988E0FB6A.jpeg?w=768 768w, https:\/\/i0.wp.com\/blogdalucianaoliveira.com.br\/blog\/wp-content\/uploads\/2019\/03\/3C40ACBC-967A-4595-AC03-CCF988E0FB6A.jpeg?resize=300%2C169 300w, https:\/\/i0.wp.com\/blogdalucianaoliveira.com.br\/blog\/wp-content\/uploads\/2019\/03\/3C40ACBC-967A-4595-AC03-CCF988E0FB6A.jpeg?resize=533%2C300 533w\" sizes=\"auto, (max-width: 600px) 100vw, 600px\" \/><\/p>\n<p class=\"story-body__introduction\">Na BBC &#8211; O capitalismo est\u00e1 &#8220;sob uma s\u00e9ria amea\u00e7a&#8221; porque &#8220;parou de prover as massas&#8221;.<\/p>\n<p><!--more--><\/p>\n<p>E, &#8220;quando isso acontece, as massas se rebelam contra o capitalismo&#8221;, adverte Raghuram Rajan, ex-economista-chefe do <a class=\"story-body__link\" href=\"https:\/\/www.bbc.com\/portuguese\/topics\/84bab5a3-426e-4051-86a3-00f0b085ef8e\">Fundo Monet\u00e1rio Internacional<\/a> (FMI).<\/p>\n<p>Em 2005, Rajan tamb\u00e9m alertou que a complexidade dos produtos financeiros havia ampliado o risco de um &#8220;colapso catastr\u00f3fico&#8221;.<\/p>\n<p>Na \u00e9poca, a elite financeira n\u00e3o levou em considera\u00e7\u00e3o suas preocupa\u00e7\u00f5es. Mas, tr\u00eas anos depois, a crise econ\u00f4mica global provou que ele estava certo.<\/p>\n<p>E agora Rajan, que tamb\u00e9m \u00e9 ex-diretor do Banco Central da \u00cdndia, faz outro alerta.<\/p>\n<p>&#8220;Acho que o capitalismo est\u00e1 sob grave amea\u00e7a porque n\u00e3o conseguiu atender \u00e0s necessidades de muitos, e quando isso acontece, h\u00e1 muitas revoltas contra o capitalismo&#8221;, disse ao programa Today da BBC Radio 4.<\/p>\n<p>&#8220;Acredito que isso pode acontecer mais cedo do que se imagina.&#8221;<\/p>\n<h2 class=\"story-body__crosshead\">Os defeitos do capitalismo<\/h2>\n<p>Rajan, que foi apontado como um poss\u00edvel sucessor do canadense Mark Carney \u00e0 frente do Banco da Inglaterra, acaba de publicar o livro <i>The Third Pillar: How Markets and the State Leave the Community Behind<\/i> (&#8220;O Terceiro Pilar: Como os Mercados e o Estado Deixam a Comunidade Para Tr\u00e1s&#8221;, em tradu\u00e7\u00e3o livre), em que adverte sobre as defici\u00eancias do capitalismo.<\/p>\n<p>O economista enfatiza que os governos n\u00e3o podem mais ignorar a desigualdade social em suas pol\u00edticas econ\u00f4micas.<\/p>\n<figure class=\"media-landscape has-caption full-width\"><span class=\"image-and-copyright-container\"><img data-recalc-dims=\"1\" loading=\"lazy\" decoding=\"async\" class=\"responsive-image__img js-image-replace\" src=\"https:\/\/i0.wp.com\/ichef.bbci.co.uk\/news\/375\/cpsprodpb\/15D1D\/production\/_106037398_gettyimages-83883841.jpg?resize=600%2C338&#038;ssl=1\" alt=\"Corretor de Wall Street preocupado com a crise financeira em 2008\" width=\"600\" height=\"338\" data-highest-encountered-width=\"375\" \/><span class=\"off-screen\">Direito de imagem<\/span><span class=\"story-image-copyright\">GETTY IMAGES<\/span><\/span><figcaption class=\"media-caption\"><span class=\"off-screen\">Image caption<\/span><span class=\"media-caption__text\">Em 2005, Rajam havia alertado sobre o &#8216;colapso catastr\u00f3fico&#8217; que acabou ocorrendo em 2008<\/span><\/figcaption><\/figure>\n<p>No passado, era poss\u00edvel conseguir um emprego de classe m\u00e9dia com uma &#8220;educa\u00e7\u00e3o mediana&#8221;, exemplifica Rajan, que agora \u00e9 professor da Universidade de Chicago, nos EUA.<\/p>\n<p>Mas o panorama mudou na esteira da crise financeira global de 2008 e da ado\u00e7\u00e3o de medidas de austeridade.<\/p>\n<p>&#8220;Agora, se voc\u00ea realmente quer ser bem sucedido, precisa de uma boa educa\u00e7\u00e3o&#8221;, diz ele.<\/p>\n<p>&#8220;E, infelizmente, as mesmas comunidades que s\u00e3o afetadas pela globaliza\u00e7\u00e3o do com\u00e9rcio e da informa\u00e7\u00e3o tendem a ser as comunidades com escolas em m\u00e1s condi\u00e7\u00f5es, onde h\u00e1 aumento da criminalidade, aumento das mazelas sociais e n\u00e3o \u00e9 poss\u00edvel preparar seus membros para a economia global&#8221;, disse ele \u00e0 BBC.<\/p>\n<p>\u00c9 por isso que Rajan acredita que o capitalismo est\u00e1 desmoronando: porque n\u00e3o oferece igualdade de oportunidades.<\/p>\n<p>&#8220;N\u00e3o est\u00e1 proporcionando oportunidades iguais e, de fato, as pessoas est\u00e3o ficando em uma situa\u00e7\u00e3o muito pior.&#8221;<\/p>\n<p>O que n\u00e3o significa, no entanto, que o capitalismo n\u00e3o possa ser salvo, esclarece Rajan.<\/p>\n<figure class=\"media-landscape has-caption full-width\"><span class=\"image-and-copyright-container\"><img data-recalc-dims=\"1\" loading=\"lazy\" decoding=\"async\" class=\"responsive-image__img js-image-replace\" src=\"https:\/\/i0.wp.com\/ichef.bbci.co.uk\/news\/375\/cpsprodpb\/13662\/production\/_105985497_auesterity-protest.jpg?resize=600%2C338&#038;ssl=1\" alt=\"Manifestantes protestam em Londres pelo fim das medidas de austeridade que acreditam afetar suas oportunidades econ\u00f4micas\" width=\"600\" height=\"338\" data-highest-encountered-width=\"375\" \/><span class=\"off-screen\">Direito de imagem<\/span><span class=\"story-image-copyright\">SOPA IMAGES<\/span><\/span><figcaption class=\"media-caption\"><span class=\"off-screen\">Image caption<\/span><span class=\"media-caption__text\">Manifestantes protestam em Londres pelo fim das medidas de austeridade que acreditam afetar suas oportunidades econ\u00f4micas<\/span><\/figcaption><\/figure>\n<p>Na opini\u00e3o dele, regimes autorit\u00e1rios surgem &#8220;quando todos os meios de produ\u00e7\u00e3o s\u00e3o socializados&#8221;.<\/p>\n<p>&#8220;O que voc\u00ea precisa \u00e9 de um equil\u00edbrio, voc\u00ea tem de melhorar as oportunidades.&#8221;<\/p>\n<p>A democracia, enxerga ele, desempenha um papel importante nesse processo de renova\u00e7\u00e3o do capitalismo.<\/p>\n<p>&#8220;\u00c9 por isso que a democracia de livre mercado era um sistema equilibrado, mas precisamos recuperar esse equil\u00edbrio novamente&#8221;, insiste.<\/p>\n<h2 class=\"story-body__crosshead\">Outras amea\u00e7as<\/h2>\n<p>De qualquer maneira, n\u00e3o \u00e9 apenas o futuro do capitalismo no longo prazo que preocupa Rajan.<\/p>\n<p>Um relat\u00f3rio da ag\u00eancia de avalia\u00e7\u00e3o de risco S&amp;P Global Ratings indica que \u00e9 poss\u00edvel haver outra crise de cr\u00e9dito global, devido ao aumento de 50% na d\u00edvida mundial desde a crise passada.<\/p>\n<p>O informe explica que, desde 2008, a d\u00edvida dos governos cresceu em 77%, enquanto a d\u00edvida corporativa subiu em 51%.<\/p>\n<p>Analistas argumentam, no entanto, que \u00e9 improv\u00e1vel que a pr\u00f3xima recess\u00e3o seja t\u00e3o s\u00e9ria quanto a causada pelo terremoto financeiro de 2008.<\/p>\n<p>Mas Rajan aconselha estar sempre alerta em rela\u00e7\u00e3o \u00e0 pr\u00f3xima crise, porque &#8220;essa \u00e9 a \u00fanica maneira de evitar que isso aconte\u00e7a&#8221;.<\/p>\n<figure class=\"media-landscape has-caption full-width\"><span class=\"image-and-copyright-container\"><img data-recalc-dims=\"1\" loading=\"lazy\" decoding=\"async\" class=\"responsive-image__img js-image-replace\" src=\"https:\/\/i0.wp.com\/ichef.bbci.co.uk\/news\/375\/cpsprodpb\/C0DD\/production\/_106037394_gettyimages-597643040.jpg?resize=600%2C338&#038;ssl=1\" alt=\"Impress\u00e3o de notas de US$ 100\" width=\"600\" height=\"338\" data-highest-encountered-width=\"375\" \/><span class=\"off-screen\">Direito de imagem<\/span><span class=\"story-image-copyright\">GETTY IMAGES<\/span><\/span><figcaption class=\"media-caption\"><span class=\"off-screen\">Image caption<\/span><span class=\"media-caption__text\">&#8216;H\u00e1 muito dinheiro f\u00e1cil&#8217;, diz Rajan<\/span><\/figcaption><\/figure>\n<p>Ele diz ainda que uma de suas preocupa\u00e7\u00f5es \u00e9 &#8220;a enorme quantidade de acomoda\u00e7\u00e3o ou relaxamento monet\u00e1rio que ocorreu desde a crise global, e a quantidade de liquidez que se espalhou pelos mercados&#8221;.<\/p>\n<p>Em outras palavras, taxas de juros muito baixas e muita impress\u00e3o de dinheiro.<\/p>\n<p>&#8220;\u00c9 dinheiro f\u00e1cil. E o que acontece quando voc\u00ea recebe dinheiro f\u00e1cil \u00e9 que fica mal acostumado&#8221;, diz ele.<\/p>\n<p>&#8220;H\u00e1 mais alavancagem [t\u00e9cnica usada para multiplicar a rentabilidade por meio do endividamento]. Endividamento que depende do dinheiro f\u00e1cil para o refinanciamento. E, no final, isso acaba quando o dinheiro f\u00e1cil acaba&#8221;, acrescenta.<\/p>\n<p>O que permanece nesses casos, no entanto, \u00e9 o endividamento, que ele considera a fonte das dificuldades do setor financeiro.<\/p>\n<p>Por essa raz\u00e3o, o economista acredita que a pr\u00f3xima crise poderia ser causada pelas mesmas medidas que foram impostas para nos salvar da \u00faltima.<\/p>\n<p>&#8220;Chega um ponto em que temos de dizer: &#8216;Precisamos normalizar as coisas&#8217;. Porque se n\u00e3o normalizarmos, o sistema \u00e9 redefinido para um estado em que se torna vulner\u00e1vel a mudan\u00e7as nas condi\u00e7\u00f5es financeiras&#8221;, explicou.<\/p>\n","protected":false},"excerpt":{"rendered":"<p>Na BBC &#8211; O capitalismo est\u00e1 &#8220;sob uma s\u00e9ria amea\u00e7a&#8221; porque &#8220;parou de prover as massas&#8221;.<\/p>\n","protected":false},"author":1,"featured_media":0,"comment_status":"closed","ping_status":"open","sticky":false,"template":"","format":"standard","meta":{"_exactmetrics_skip_tracking":false,"_exactmetrics_sitenote_active":false,"_exactmetrics_sitenote_note":"","_exactmetrics_sitenote_category":0,"jetpack_post_was_ever_published":false,"_jetpack_newsletter_access":"","_jetpack_dont_email_post_to_subs":false,"_jetpack_newsletter_tier_id":0,"_jetpack_memberships_contains_paywalled_content":false,"_jetpack_memberships_contains_paid_content":false,"footnotes":"","jetpack_publicize_message":"","jetpack_publicize_feature_enabled":true,"jetpack_social_post_already_shared":true,"jetpack_social_options":{"image_generator_settings":{"template":"highway","enabled":false},"version":2}},"categories":[1],"tags":[],"class_list":["post-20845","post","type-post","status-publish","format-standard","hentry","category-notas"],"jetpack_publicize_connections":[],"jetpack_sharing_enabled":true,"jetpack_featured_media_url":"","jetpack_shortlink":"https:\/\/wp.me\/p7wKYW-5qd","jetpack-related-posts":[],"_links":{"self":[{"href":"http:\/\/blogdalucianaoliveira.com.br\/blog\/wp-json\/wp\/v2\/posts\/20845","targetHints":{"allow":["GET"]}}],"collection":[{"href":"http:\/\/blogdalucianaoliveira.com.br\/blog\/wp-json\/wp\/v2\/posts"}],"about":[{"href":"http:\/\/blogdalucianaoliveira.com.br\/blog\/wp-json\/wp\/v2\/types\/post"}],"author":[{"embeddable":true,"href":"http:\/\/blogdalucianaoliveira.com.br\/blog\/wp-json\/wp\/v2\/users\/1"}],"replies":[{"embeddable":true,"href":"http:\/\/blogdalucianaoliveira.com.br\/blog\/wp-json\/wp\/v2\/comments?post=20845"}],"version-history":[{"count":1,"href":"http:\/\/blogdalucianaoliveira.com.br\/blog\/wp-json\/wp\/v2\/posts\/20845\/revisions"}],"predecessor-version":[{"id":20847,"href":"http:\/\/blogdalucianaoliveira.com.br\/blog\/wp-json\/wp\/v2\/posts\/20845\/revisions\/20847"}],"wp:attachment":[{"href":"http:\/\/blogdalucianaoliveira.com.br\/blog\/wp-json\/wp\/v2\/media?parent=20845"}],"wp:term":[{"taxonomy":"category","embeddable":true,"href":"http:\/\/blogdalucianaoliveira.com.br\/blog\/wp-json\/wp\/v2\/categories?post=20845"},{"taxonomy":"post_tag","embeddable":true,"href":"http:\/\/blogdalucianaoliveira.com.br\/blog\/wp-json\/wp\/v2\/tags?post=20845"}],"curies":[{"name":"wp","href":"https:\/\/api.w.org\/{rel}","templated":true}]}}