{"id":20854,"date":"2019-03-18T20:19:09","date_gmt":"2019-03-19T00:19:09","guid":{"rendered":"http:\/\/blogdalucianaoliveira.com.br\/blog\/?p=20854"},"modified":"2019-03-18T20:30:21","modified_gmt":"2019-03-19T00:30:21","slug":"avisei-que-ele-ia-me-matar","status":"publish","type":"post","link":"http:\/\/blogdalucianaoliveira.com.br\/blog\/2019\/03\/18\/avisei-que-ele-ia-me-matar\/","title":{"rendered":"Avisei que ele ia me matar"},"content":{"rendered":"<p><img data-recalc-dims=\"1\" loading=\"lazy\" decoding=\"async\" data-attachment-id=\"20855\" data-permalink=\"http:\/\/blogdalucianaoliveira.com.br\/blog\/2019\/03\/18\/avisei-que-ele-ia-me-matar\/aprem\/\" data-orig-file=\"https:\/\/i0.wp.com\/blogdalucianaoliveira.com.br\/blog\/wp-content\/uploads\/2019\/03\/aprem.jpg?fit=850%2C495\" data-orig-size=\"850,495\" data-comments-opened=\"0\" data-image-meta=\"{&quot;aperture&quot;:&quot;0&quot;,&quot;credit&quot;:&quot;&quot;,&quot;camera&quot;:&quot;&quot;,&quot;caption&quot;:&quot;&quot;,&quot;created_timestamp&quot;:&quot;0&quot;,&quot;copyright&quot;:&quot;&quot;,&quot;focal_length&quot;:&quot;0&quot;,&quot;iso&quot;:&quot;0&quot;,&quot;shutter_speed&quot;:&quot;0&quot;,&quot;title&quot;:&quot;&quot;,&quot;orientation&quot;:&quot;1&quot;}\" data-image-title=\"aprem\" data-image-description=\"\" data-image-caption=\"\" data-medium-file=\"https:\/\/i0.wp.com\/blogdalucianaoliveira.com.br\/blog\/wp-content\/uploads\/2019\/03\/aprem.jpg?fit=300%2C175\" data-large-file=\"https:\/\/i0.wp.com\/blogdalucianaoliveira.com.br\/blog\/wp-content\/uploads\/2019\/03\/aprem.jpg?fit=600%2C349\" class=\"alignnone size-full wp-image-20855\" src=\"https:\/\/i0.wp.com\/blogdalucianaoliveira.com.br\/blog\/wp-content\/uploads\/2019\/03\/aprem.jpg?resize=600%2C349\" alt=\"aprem\" width=\"600\" height=\"349\" srcset=\"https:\/\/i0.wp.com\/blogdalucianaoliveira.com.br\/blog\/wp-content\/uploads\/2019\/03\/aprem.jpg?w=850 850w, https:\/\/i0.wp.com\/blogdalucianaoliveira.com.br\/blog\/wp-content\/uploads\/2019\/03\/aprem.jpg?resize=300%2C175 300w, https:\/\/i0.wp.com\/blogdalucianaoliveira.com.br\/blog\/wp-content\/uploads\/2019\/03\/aprem.jpg?resize=768%2C447 768w, https:\/\/i0.wp.com\/blogdalucianaoliveira.com.br\/blog\/wp-content\/uploads\/2019\/03\/aprem.jpg?resize=515%2C300 515w\" sizes=\"auto, (max-width: 600px) 100vw, 600px\" \/><\/p>\n<p>N\u00e3o deu tempo de \u201cresolver na segunda-feira\u201d tudo o que os policiais pediram, para sobreviver \u00e0s amea\u00e7as do meu ex-marido.<\/p>\n<p>Fui assassinada a pauladas no domingo.<\/p>\n<p>Meu pai tentou me salvar, mas acabou ferido gravemente.<\/p>\n<p>Nem queiram imaginar como doeu cada golpe, principalmente porque eu pedi socorro.<\/p>\n<p>Eu n\u00e3o queria morrer.<!--more--><\/p>\n<p>Um dia antes, meu ex-marido me agrediu e fiz o que era certo, chamei a pol\u00edcia.<\/p>\n<p>Ele foi preso, mas liberado mediante o pagamento de fian\u00e7a de quatro mil reais.<\/p>\n<p>Fui morta em Candeias, munic\u00edpio que fica uns 25 km de dist\u00e2ncia da capital, Porto Velho.<\/p>\n<p>Num \u00e1udio que mandei a uma amiga, conto como fui orientada a proceder.<\/p>\n<p>\u201cEu falei com os policiais daqui e eles me mandaram novamente pra delegacia, segunda-feira de manh\u00e3, n\u00e9, porque n\u00e3o foi apresentada marcas no meu corpo e que se eu n\u00e3o conseguir por l\u00e1 eles v\u00e3o registrar uma ocorr\u00eancia aqui no Candeias, pra me mandar novamente no IML de Porto Velho pra poder fazer a ocorr\u00eancia e facilitar o meu div\u00f3rcio\u201d.<\/p>\n<p>Olha a dificuldade de garantir prote\u00e7\u00e3o!<\/p>\n<p>Mas, acreditei que ia dar para fazer tudo certinho e evitar o pior.<\/p>\n<p>Pensei at\u00e9 em n\u00e3o ir trabalhar por uns tempos. Eu era professora.<\/p>\n<p>Tamb\u00e9m falei disso no \u00e1udio.<\/p>\n<p>\u201cEu t\u00f4 pensando seriamente em ficar afastada pela minha seguran\u00e7a e pela seguran\u00e7a de voc\u00eas tamb\u00e9m. Eu tenho medo, aquele homem \u00e9 forte. Tu n\u00e3o tem ideia da for\u00e7a daquele homem! No s\u00e1bado de manh\u00e3 que eu tava fugindo, foi preciso uns quatro homens na rua segurar ele e os policiais quando chegaram j\u00e1 foram sacando a arma. Ele tem uma for\u00e7a descomunal. \u201d<\/p>\n<p>Como tantas mulheres mortas por ex-companheiros, eu avisei.<\/p>\n<p>Quando vi a imprensa noticiar 21 casos de feminic\u00eddio s\u00f3 na primeira semana de janeiro deste ano, n\u00e3o imaginei que me tornaria tamb\u00e9m um n\u00famero nessa vergonhosa estat\u00edstica.<\/p>\n<p>Em 2018 foram 1173 registros, 12% a mais que em 2017.<\/p>\n<p>N\u00e3o sei qual o n\u00famero da minha morte, mas \u00e9 o de uma mulher que tentou se manter viva.<\/p>\n<p>Imploro pelas que lutam para sobreviver \u00e0 obsess\u00e3o e \u00f3dio de homens com quem vivem ou deixaram de viver.<\/p>\n<p>N\u00e3o esque\u00e7am as que tiveram suas vidas interrompidas.<\/p>\n<p>Fa\u00e7am de n\u00f3s luta di\u00e1ria para garantir atendimento adequado \u00e0s v\u00edtimas e prote\u00e7\u00e3o \u00e0s que sentem amea\u00e7adas.<\/p>\n<p>Delegacia Da Mulher que n\u00e3o funciona 24 horas, n\u00e3o cumpre sua finalidade, pois estamos vulner\u00e1veis \u00e0 viol\u00eancia todo dia e a qualquer hora.<\/p>\n<p>Parem de nos obrigar a pedir socorro em delegacia comum. Esse tipo de crime exige atendimento especializado \u00e0s v\u00edtimas de agress\u00e3o e tentativas de feminic\u00eddio.<\/p>\n<p>Levem a s\u00e9rio nossos pedidos de socorro.<\/p>\n<p>Parem de permitir que nos matem!<\/p>\n<p>Nenhuma mulher merece o epit\u00e1fio: podia estar viva.<\/p>\n<p>&nbsp;<\/p>\n<p>O crime:\u00a0https:\/\/g1.globo.com\/ro\/rondonia\/noticia\/2019\/03\/18\/professora-morta-por-ex-marido-tentava-se-separar-de-suspeito-ha-dois-meses-diz-amiga.ghtmlhttps:\/\/g1.globo.com\/ro\/rondonia\/noticia\/2019\/03\/18\/professora-morta-por-ex-marido-tentava-se-separar-de-suspeito-ha-dois-meses-diz-amiga.ghtml<\/p>\n<p>\u00c1udio:\u00a0<a href=\"https:\/\/soundcloud.com\/rondoniaovivo-web-jornal\/exclusivo-professora-alertou-que-marido-era-violento-e-temia-pela-vida\">https:\/\/soundcloud.com\/rondoniaovivo-web-jornal\/exclusivo-professora-alertou-que-marido-era-violento-e-temia-pela-vida<\/a><\/p>\n<p>\u00c1udio:\u00a0https:\/\/soundcloud.com\/rondoniaovivo-web-jornal\/professora-alertou-que-marido-era-violento-e-temia-pela-vida<\/p>\n","protected":false},"excerpt":{"rendered":"<p>N\u00e3o deu tempo de \u201cresolver na segunda-feira\u201d tudo o que os policiais pediram, para sobreviver \u00e0s amea\u00e7as do meu ex-marido. Fui assassinada a pauladas no domingo. Meu pai tentou me salvar, mas acabou ferido gravemente. Nem queiram imaginar como doeu cada golpe, principalmente porque eu pedi socorro. Eu n\u00e3o queria morrer.<\/p>\n","protected":false},"author":1,"featured_media":0,"comment_status":"closed","ping_status":"open","sticky":false,"template":"","format":"standard","meta":{"_exactmetrics_skip_tracking":false,"_exactmetrics_sitenote_active":false,"_exactmetrics_sitenote_note":"","_exactmetrics_sitenote_category":0,"jetpack_post_was_ever_published":false,"_jetpack_newsletter_access":"","_jetpack_dont_email_post_to_subs":false,"_jetpack_newsletter_tier_id":0,"_jetpack_memberships_contains_paywalled_content":false,"_jetpack_memberships_contains_paid_content":false,"footnotes":"","jetpack_publicize_message":"","jetpack_publicize_feature_enabled":true,"jetpack_social_post_already_shared":true,"jetpack_social_options":{"image_generator_settings":{"template":"highway","enabled":false},"version":2}},"categories":[1],"tags":[],"class_list":["post-20854","post","type-post","status-publish","format-standard","hentry","category-notas"],"jetpack_publicize_connections":[],"jetpack_sharing_enabled":true,"jetpack_featured_media_url":"","jetpack_shortlink":"https:\/\/wp.me\/p7wKYW-5qm","jetpack-related-posts":[],"_links":{"self":[{"href":"http:\/\/blogdalucianaoliveira.com.br\/blog\/wp-json\/wp\/v2\/posts\/20854","targetHints":{"allow":["GET"]}}],"collection":[{"href":"http:\/\/blogdalucianaoliveira.com.br\/blog\/wp-json\/wp\/v2\/posts"}],"about":[{"href":"http:\/\/blogdalucianaoliveira.com.br\/blog\/wp-json\/wp\/v2\/types\/post"}],"author":[{"embeddable":true,"href":"http:\/\/blogdalucianaoliveira.com.br\/blog\/wp-json\/wp\/v2\/users\/1"}],"replies":[{"embeddable":true,"href":"http:\/\/blogdalucianaoliveira.com.br\/blog\/wp-json\/wp\/v2\/comments?post=20854"}],"version-history":[{"count":4,"href":"http:\/\/blogdalucianaoliveira.com.br\/blog\/wp-json\/wp\/v2\/posts\/20854\/revisions"}],"predecessor-version":[{"id":20859,"href":"http:\/\/blogdalucianaoliveira.com.br\/blog\/wp-json\/wp\/v2\/posts\/20854\/revisions\/20859"}],"wp:attachment":[{"href":"http:\/\/blogdalucianaoliveira.com.br\/blog\/wp-json\/wp\/v2\/media?parent=20854"}],"wp:term":[{"taxonomy":"category","embeddable":true,"href":"http:\/\/blogdalucianaoliveira.com.br\/blog\/wp-json\/wp\/v2\/categories?post=20854"},{"taxonomy":"post_tag","embeddable":true,"href":"http:\/\/blogdalucianaoliveira.com.br\/blog\/wp-json\/wp\/v2\/tags?post=20854"}],"curies":[{"name":"wp","href":"https:\/\/api.w.org\/{rel}","templated":true}]}}