{"id":20860,"date":"2019-03-18T20:52:12","date_gmt":"2019-03-19T00:52:12","guid":{"rendered":"http:\/\/blogdalucianaoliveira.com.br\/blog\/?p=20860"},"modified":"2019-03-18T20:52:12","modified_gmt":"2019-03-19T00:52:12","slug":"violencia-contra-mulher-impede-inscricao-na-oab-por-falta-de-idoneidade-moral","status":"publish","type":"post","link":"http:\/\/blogdalucianaoliveira.com.br\/blog\/2019\/03\/18\/violencia-contra-mulher-impede-inscricao-na-oab-por-falta-de-idoneidade-moral\/","title":{"rendered":"Viol\u00eancia contra mulher impede inscri\u00e7\u00e3o na OAB por falta de idoneidade moral"},"content":{"rendered":"<p><img data-recalc-dims=\"1\" loading=\"lazy\" decoding=\"async\" data-attachment-id=\"20861\" data-permalink=\"http:\/\/blogdalucianaoliveira.com.br\/blog\/2019\/03\/18\/violencia-contra-mulher-impede-inscricao-na-oab-por-falta-de-idoneidade-moral\/4f96626e-9f3a-48cd-8c2f-07c0dda9c285\/\" data-orig-file=\"https:\/\/i0.wp.com\/blogdalucianaoliveira.com.br\/blog\/wp-content\/uploads\/2019\/03\/4F96626E-9F3A-48CD-8C2F-07C0DDA9C285.png?fit=600%2C363\" data-orig-size=\"600,363\" data-comments-opened=\"0\" data-image-meta=\"{&quot;aperture&quot;:&quot;0&quot;,&quot;credit&quot;:&quot;&quot;,&quot;camera&quot;:&quot;&quot;,&quot;caption&quot;:&quot;&quot;,&quot;created_timestamp&quot;:&quot;0&quot;,&quot;copyright&quot;:&quot;&quot;,&quot;focal_length&quot;:&quot;0&quot;,&quot;iso&quot;:&quot;0&quot;,&quot;shutter_speed&quot;:&quot;0&quot;,&quot;title&quot;:&quot;&quot;,&quot;orientation&quot;:&quot;0&quot;}\" data-image-title=\"4F96626E-9F3A-48CD-8C2F-07C0DDA9C285\" data-image-description=\"\" data-image-caption=\"\" data-medium-file=\"https:\/\/i0.wp.com\/blogdalucianaoliveira.com.br\/blog\/wp-content\/uploads\/2019\/03\/4F96626E-9F3A-48CD-8C2F-07C0DDA9C285.png?fit=300%2C182\" data-large-file=\"https:\/\/i0.wp.com\/blogdalucianaoliveira.com.br\/blog\/wp-content\/uploads\/2019\/03\/4F96626E-9F3A-48CD-8C2F-07C0DDA9C285.png?fit=600%2C363\" src=\"https:\/\/i0.wp.com\/blogdalucianaoliveira.com.br\/blog\/wp-content\/uploads\/2019\/03\/4F96626E-9F3A-48CD-8C2F-07C0DDA9C285.png?resize=600%2C363\" alt=\"4F96626E-9F3A-48CD-8C2F-07C0DDA9C285\" width=\"600\" height=\"363\" class=\"alignnone size-full wp-image-20861\" srcset=\"https:\/\/i0.wp.com\/blogdalucianaoliveira.com.br\/blog\/wp-content\/uploads\/2019\/03\/4F96626E-9F3A-48CD-8C2F-07C0DDA9C285.png?w=600 600w, https:\/\/i0.wp.com\/blogdalucianaoliveira.com.br\/blog\/wp-content\/uploads\/2019\/03\/4F96626E-9F3A-48CD-8C2F-07C0DDA9C285.png?resize=300%2C182 300w, https:\/\/i0.wp.com\/blogdalucianaoliveira.com.br\/blog\/wp-content\/uploads\/2019\/03\/4F96626E-9F3A-48CD-8C2F-07C0DDA9C285.png?resize=496%2C300 496w\" sizes=\"auto, (max-width: 600px) 100vw, 600px\" \/><\/p>\n<p>S\u00famula foi aprovada pelo Conselho Federal da Ordem nesta segunda-feira,18<!--more--><\/p>\n<p>No Migalhas <\/p>\n<p>O Conselho Federal da OAB aprovou nesta segunda-feira, 18, s\u00famula segundo a qual a viol\u00eancia contra a mulher constitui fator apto a caracterizar a aus\u00eancia de idoneidade moral necess\u00e1ria para inscri\u00e7\u00e3o na OAB. <\/p>\n<p>&#8220;Requisitos para inscri\u00e7\u00e3o nos quadros da OAB. Inidoneidade moral. A pr\u00e1tica de viol\u00eancia contra a mulher, assim definida na Conven\u00e7\u00e3o Interamericana de Bel\u00e9m do Par\u00e1, constitui fator apto a demonstrar a aus\u00eancia de idoneidade moral para a inscri\u00e7\u00e3o de bacharel em Direito nos quadros da OAB, independentemente da inst\u00e2ncia criminal. Assegurado ao Conselho Seccional a an\u00e1lise das circunst\u00e2ncias de cada caso concreto.&#8221;<\/p>\n<p>OAB j\u00e1 barrou inscri\u00e7\u00e3o de bacharel por viol\u00eancia dom\u00e9stica<\/p>\n<p>Em 2017, a OAB\/MS indeferiu pedido de inscri\u00e7\u00e3o de um bacharel em Direito, pois pesava contra ele processo criminal de viol\u00eancia dom\u00e9stica. Na \u00e9poca, a conselheira Eclair Nantes, relatora do processo, negou a inscri\u00e7\u00e3o por considerar que a idoneidade \u00e9 um pr\u00e9-requisito para pessoas que queiram exercer a profiss\u00e3o da advocacia:<\/p>\n<p>&#8220;A conduta perpetrada pelo requerente est\u00e1 em desacordo com os padr\u00f5es de honestidade, respeitabilidade, dignidade exigidos pela sociedade e principalmente por esta comunidade profissional, que tem como princ\u00edpio zelar pelos fracos e oprimidos.&#8221;<\/p>\n<p>Idoneidade<\/p>\n<p>O argumento da idoneidade usado em 2017 pela OAB\/MS tamb\u00e9m foi invocado no caso recente do bacharel em Direito preso em flagrante sob a acusa\u00e7\u00e3o de tentativa de feminic\u00eddio. Ele havia passado na OAB quatro dias antes do ataque. <\/p>\n<p>A seccional da OAB no Rio de Janeiro destacou, na ocasi\u00e3o, que n\u00e3o basta ter conhecimento jur\u00eddico, e informou que avaliava se o bacharel teria &#8220;idoneidade moral&#8221; para atuar como advogado. A OAB Mulher fez acompanhamento do caso junto \u00e0 Diretoria de Mulheres da institui\u00e7\u00e3o. Essa diretoria requereu \u00e0 presid\u00eancia da Ordem que haja a devida responsabiliza\u00e7\u00e3o do agressor, conforme o C\u00f3digo de \u00c9tica e Disciplina da Seccional.<\/p>\n","protected":false},"excerpt":{"rendered":"<p>S\u00famula foi aprovada pelo Conselho Federal da Ordem nesta segunda-feira,18<\/p>\n","protected":false},"author":1,"featured_media":0,"comment_status":"closed","ping_status":"open","sticky":false,"template":"","format":"standard","meta":{"_exactmetrics_skip_tracking":false,"_exactmetrics_sitenote_active":false,"_exactmetrics_sitenote_note":"","_exactmetrics_sitenote_category":0,"jetpack_post_was_ever_published":false,"_jetpack_newsletter_access":"","_jetpack_dont_email_post_to_subs":false,"_jetpack_newsletter_tier_id":0,"_jetpack_memberships_contains_paywalled_content":false,"_jetpack_memberships_contains_paid_content":false,"footnotes":"","jetpack_publicize_message":"","jetpack_publicize_feature_enabled":true,"jetpack_social_post_already_shared":true,"jetpack_social_options":{"image_generator_settings":{"template":"highway","enabled":false},"version":2}},"categories":[1],"tags":[],"class_list":["post-20860","post","type-post","status-publish","format-standard","hentry","category-notas"],"jetpack_publicize_connections":[],"jetpack_sharing_enabled":true,"jetpack_featured_media_url":"","jetpack_shortlink":"https:\/\/wp.me\/p7wKYW-5qs","jetpack-related-posts":[],"_links":{"self":[{"href":"http:\/\/blogdalucianaoliveira.com.br\/blog\/wp-json\/wp\/v2\/posts\/20860","targetHints":{"allow":["GET"]}}],"collection":[{"href":"http:\/\/blogdalucianaoliveira.com.br\/blog\/wp-json\/wp\/v2\/posts"}],"about":[{"href":"http:\/\/blogdalucianaoliveira.com.br\/blog\/wp-json\/wp\/v2\/types\/post"}],"author":[{"embeddable":true,"href":"http:\/\/blogdalucianaoliveira.com.br\/blog\/wp-json\/wp\/v2\/users\/1"}],"replies":[{"embeddable":true,"href":"http:\/\/blogdalucianaoliveira.com.br\/blog\/wp-json\/wp\/v2\/comments?post=20860"}],"version-history":[{"count":1,"href":"http:\/\/blogdalucianaoliveira.com.br\/blog\/wp-json\/wp\/v2\/posts\/20860\/revisions"}],"predecessor-version":[{"id":20862,"href":"http:\/\/blogdalucianaoliveira.com.br\/blog\/wp-json\/wp\/v2\/posts\/20860\/revisions\/20862"}],"wp:attachment":[{"href":"http:\/\/blogdalucianaoliveira.com.br\/blog\/wp-json\/wp\/v2\/media?parent=20860"}],"wp:term":[{"taxonomy":"category","embeddable":true,"href":"http:\/\/blogdalucianaoliveira.com.br\/blog\/wp-json\/wp\/v2\/categories?post=20860"},{"taxonomy":"post_tag","embeddable":true,"href":"http:\/\/blogdalucianaoliveira.com.br\/blog\/wp-json\/wp\/v2\/tags?post=20860"}],"curies":[{"name":"wp","href":"https:\/\/api.w.org\/{rel}","templated":true}]}}