{"id":20887,"date":"2019-03-20T10:38:39","date_gmt":"2019-03-20T14:38:39","guid":{"rendered":"http:\/\/blogdalucianaoliveira.com.br\/blog\/?p=20887"},"modified":"2019-03-20T10:38:39","modified_gmt":"2019-03-20T14:38:39","slug":"brasileiros-nunca-foram-tao-infelizes-diz-estudo","status":"publish","type":"post","link":"http:\/\/blogdalucianaoliveira.com.br\/blog\/2019\/03\/20\/brasileiros-nunca-foram-tao-infelizes-diz-estudo\/","title":{"rendered":"Brasileiros nunca foram t\u00e3o infelizes, diz estudo"},"content":{"rendered":"<p><img data-recalc-dims=\"1\" loading=\"lazy\" decoding=\"async\" data-attachment-id=\"20888\" data-permalink=\"http:\/\/blogdalucianaoliveira.com.br\/blog\/2019\/03\/20\/brasileiros-nunca-foram-tao-infelizes-diz-estudo\/enem-abertura-portoes-uniceub-11nov2018\/\" data-orig-file=\"https:\/\/i0.wp.com\/blogdalucianaoliveira.com.br\/blog\/wp-content\/uploads\/2019\/03\/7E047035-6AF8-4213-BCDB-2BF86EC14DBD.jpeg?fit=868%2C644\" data-orig-size=\"868,644\" data-comments-opened=\"0\" data-image-meta=\"{&quot;aperture&quot;:&quot;22&quot;,&quot;credit&quot;:&quot;Poder 360&quot;,&quot;camera&quot;:&quot;Canon EOS 5D Mark III&quot;,&quot;caption&quot;:&quot;Enem - Abertura dos porto\\u00f5es do segundo doa de provas do Enem 2018, no UniCeub. Brasilia, 11-11-2018. Foto: S\\u00e9rgio Lima\\\/Poder360&quot;,&quot;created_timestamp&quot;:&quot;1541933513&quot;,&quot;copyright&quot;:&quot;\\u00a9Sergio Lima\\\/Poder 360&quot;,&quot;focal_length&quot;:&quot;24&quot;,&quot;iso&quot;:&quot;100&quot;,&quot;shutter_speed&quot;:&quot;0.05&quot;,&quot;title&quot;:&quot;Enem-Abertura-Portoes-UniCeub-11Nov2018&quot;,&quot;orientation&quot;:&quot;0&quot;}\" data-image-title=\"Enem-Abertura-Portoes-UniCeub-11Nov2018\" data-image-description=\"\" data-image-caption=\"\" data-medium-file=\"https:\/\/i0.wp.com\/blogdalucianaoliveira.com.br\/blog\/wp-content\/uploads\/2019\/03\/7E047035-6AF8-4213-BCDB-2BF86EC14DBD.jpeg?fit=300%2C223\" data-large-file=\"https:\/\/i0.wp.com\/blogdalucianaoliveira.com.br\/blog\/wp-content\/uploads\/2019\/03\/7E047035-6AF8-4213-BCDB-2BF86EC14DBD.jpeg?fit=600%2C445\" class=\"alignnone size-full wp-image-20888\" src=\"https:\/\/i0.wp.com\/blogdalucianaoliveira.com.br\/blog\/wp-content\/uploads\/2019\/03\/7E047035-6AF8-4213-BCDB-2BF86EC14DBD.jpeg?resize=600%2C445\" alt=\"Enem-Abertura-Portoes-UniCeub-11Nov2018\" width=\"600\" height=\"445\" srcset=\"https:\/\/i0.wp.com\/blogdalucianaoliveira.com.br\/blog\/wp-content\/uploads\/2019\/03\/7E047035-6AF8-4213-BCDB-2BF86EC14DBD.jpeg?w=868 868w, https:\/\/i0.wp.com\/blogdalucianaoliveira.com.br\/blog\/wp-content\/uploads\/2019\/03\/7E047035-6AF8-4213-BCDB-2BF86EC14DBD.jpeg?resize=300%2C223 300w, https:\/\/i0.wp.com\/blogdalucianaoliveira.com.br\/blog\/wp-content\/uploads\/2019\/03\/7E047035-6AF8-4213-BCDB-2BF86EC14DBD.jpeg?resize=768%2C570 768w, https:\/\/i0.wp.com\/blogdalucianaoliveira.com.br\/blog\/wp-content\/uploads\/2019\/03\/7E047035-6AF8-4213-BCDB-2BF86EC14DBD.jpeg?resize=404%2C300 404w\" sizes=\"auto, (max-width: 600px) 100vw, 600px\" \/><\/p>\n<p>Pa\u00eds bate recorde de insatisfa\u00e7\u00e3o pol\u00edtica<br \/>\nEsta \u00e9 a 7\u00aa edi\u00e7\u00e3o do estudo<!--more--><\/p>\n<p>Poder 360 &#8211; O <em>World Happiness Report<\/em> (<a href=\"https:\/\/static.poder360.com.br\/2019\/03\/relatorio-mundial-da-felicidade-20.mar_.2019.pdf\" target=\"_blank\" rel=\"noopener\">\u00edntegra<\/a>), relat\u00f3rio mundial sobre a felicidade feito pela empresa de pesquisas Gallup, indica que os brasileiros nunca foram t\u00e3o infelizes como em 2018.<\/p>\n<p>A metodologia da Gallup considera \u00edndices sociais, como renda, e a aplica\u00e7\u00e3o de 1 question\u00e1rio. O Brasil fechou o ano com 6.200 pontos, menor n\u00famero da s\u00e9rie hist\u00f3rica.<\/p>\n<p>Os principais motivos que levaram a esse \u00e1pice de infelicidade foram a crise financeira, a sensa\u00e7\u00e3o de inseguran\u00e7a na pol\u00edtica e a falta de confian\u00e7a em l\u00edderes do Estado, diz a pesquisa. O Brasil bateu tamb\u00e9m bateu o recorde de todos os pa\u00edses em toda a s\u00e9rie hist\u00f3rica na descren\u00e7a com os l\u00edderes da pol\u00edtica nacional, de acordo com a base de dados da Gallup.<\/p>\n<p>O relat\u00f3rio \u00e9 uma pesquisa hist\u00f3rica sobre o estado de felicidade global. Esta \u00e9 a 7\u00aa edi\u00e7\u00e3o do relat\u00f3rio, que come\u00e7ou a computar a sua s\u00e9rie hist\u00f3rica em 2006. Ele classifica 156 pa\u00edses pelo qu\u00e3o felizes seus cidad\u00e3os se consideram.\u00a0O Relat\u00f3rio Mundial da Felicidade de 2019 tem como foco a \u201cfelicidade e comunidades\u201d.<\/p>\n<p>A pesquisa buscou avaliar de que forma a percep\u00e7\u00e3o da felicidade evoluiu nos \u00faltimos 12 anos, com foco nas m\u00eddias sociais, normas sociais, conflitos e pol\u00edticas governamentais que impulsionaram essas mudan\u00e7as. A conclus\u00e3o do estudo \u00e9 que h\u00e1 uma onda global de infelicidade, motivada tanto pela desconfian\u00e7a em l\u00edderes pol\u00edticos quanto pelo consumo de informa\u00e7\u00e3o pelas redes sociais.<\/p>\n","protected":false},"excerpt":{"rendered":"<p>Pa\u00eds bate recorde de insatisfa\u00e7\u00e3o pol\u00edtica Esta \u00e9 a 7\u00aa edi\u00e7\u00e3o do estudo<\/p>\n","protected":false},"author":1,"featured_media":0,"comment_status":"closed","ping_status":"open","sticky":false,"template":"","format":"standard","meta":{"_exactmetrics_skip_tracking":false,"_exactmetrics_sitenote_active":false,"_exactmetrics_sitenote_note":"","_exactmetrics_sitenote_category":0,"jetpack_post_was_ever_published":false,"_jetpack_newsletter_access":"","_jetpack_dont_email_post_to_subs":false,"_jetpack_newsletter_tier_id":0,"_jetpack_memberships_contains_paywalled_content":false,"_jetpack_memberships_contains_paid_content":false,"footnotes":"","jetpack_publicize_message":"","jetpack_publicize_feature_enabled":true,"jetpack_social_post_already_shared":true,"jetpack_social_options":{"image_generator_settings":{"template":"highway","enabled":false},"version":2}},"categories":[1],"tags":[],"class_list":["post-20887","post","type-post","status-publish","format-standard","hentry","category-notas"],"jetpack_publicize_connections":[],"jetpack_sharing_enabled":true,"jetpack_featured_media_url":"","jetpack_shortlink":"https:\/\/wp.me\/p7wKYW-5qT","jetpack-related-posts":[],"_links":{"self":[{"href":"http:\/\/blogdalucianaoliveira.com.br\/blog\/wp-json\/wp\/v2\/posts\/20887","targetHints":{"allow":["GET"]}}],"collection":[{"href":"http:\/\/blogdalucianaoliveira.com.br\/blog\/wp-json\/wp\/v2\/posts"}],"about":[{"href":"http:\/\/blogdalucianaoliveira.com.br\/blog\/wp-json\/wp\/v2\/types\/post"}],"author":[{"embeddable":true,"href":"http:\/\/blogdalucianaoliveira.com.br\/blog\/wp-json\/wp\/v2\/users\/1"}],"replies":[{"embeddable":true,"href":"http:\/\/blogdalucianaoliveira.com.br\/blog\/wp-json\/wp\/v2\/comments?post=20887"}],"version-history":[{"count":1,"href":"http:\/\/blogdalucianaoliveira.com.br\/blog\/wp-json\/wp\/v2\/posts\/20887\/revisions"}],"predecessor-version":[{"id":20889,"href":"http:\/\/blogdalucianaoliveira.com.br\/blog\/wp-json\/wp\/v2\/posts\/20887\/revisions\/20889"}],"wp:attachment":[{"href":"http:\/\/blogdalucianaoliveira.com.br\/blog\/wp-json\/wp\/v2\/media?parent=20887"}],"wp:term":[{"taxonomy":"category","embeddable":true,"href":"http:\/\/blogdalucianaoliveira.com.br\/blog\/wp-json\/wp\/v2\/categories?post=20887"},{"taxonomy":"post_tag","embeddable":true,"href":"http:\/\/blogdalucianaoliveira.com.br\/blog\/wp-json\/wp\/v2\/tags?post=20887"}],"curies":[{"name":"wp","href":"https:\/\/api.w.org\/{rel}","templated":true}]}}