{"id":20893,"date":"2019-03-20T10:54:57","date_gmt":"2019-03-20T14:54:57","guid":{"rendered":"http:\/\/blogdalucianaoliveira.com.br\/blog\/?p=20893"},"modified":"2019-03-20T10:54:57","modified_gmt":"2019-03-20T14:54:57","slug":"o-objetivo-da-reforma-da-previdencia-e-entrega-la-aos-bancos-diz-presidente-da-cgtb","status":"publish","type":"post","link":"http:\/\/blogdalucianaoliveira.com.br\/blog\/2019\/03\/20\/o-objetivo-da-reforma-da-previdencia-e-entrega-la-aos-bancos-diz-presidente-da-cgtb\/","title":{"rendered":"O objetivo da reforma da Previd\u00eancia \u00e9 entreg\u00e1-la aos bancos, diz presidente da CGTB"},"content":{"rendered":"<p><img data-recalc-dims=\"1\" loading=\"lazy\" decoding=\"async\" data-attachment-id=\"20894\" data-permalink=\"http:\/\/blogdalucianaoliveira.com.br\/blog\/2019\/03\/20\/o-objetivo-da-reforma-da-previdencia-e-entrega-la-aos-bancos-diz-presidente-da-cgtb\/c307f4c8-ae99-4ca9-ac13-5e8af9553ed4\/\" data-orig-file=\"https:\/\/i0.wp.com\/blogdalucianaoliveira.com.br\/blog\/wp-content\/uploads\/2019\/03\/C307F4C8-AE99-4CA9-AC13-5E8AF9553ED4.jpeg?fit=640%2C426\" data-orig-size=\"640,426\" data-comments-opened=\"0\" data-image-meta=\"{&quot;aperture&quot;:&quot;0&quot;,&quot;credit&quot;:&quot;&quot;,&quot;camera&quot;:&quot;&quot;,&quot;caption&quot;:&quot;&quot;,&quot;created_timestamp&quot;:&quot;0&quot;,&quot;copyright&quot;:&quot;&quot;,&quot;focal_length&quot;:&quot;0&quot;,&quot;iso&quot;:&quot;0&quot;,&quot;shutter_speed&quot;:&quot;0&quot;,&quot;title&quot;:&quot;&quot;,&quot;orientation&quot;:&quot;0&quot;}\" data-image-title=\"C307F4C8-AE99-4CA9-AC13-5E8AF9553ED4\" data-image-description=\"\" data-image-caption=\"\" data-medium-file=\"https:\/\/i0.wp.com\/blogdalucianaoliveira.com.br\/blog\/wp-content\/uploads\/2019\/03\/C307F4C8-AE99-4CA9-AC13-5E8AF9553ED4.jpeg?fit=300%2C200\" data-large-file=\"https:\/\/i0.wp.com\/blogdalucianaoliveira.com.br\/blog\/wp-content\/uploads\/2019\/03\/C307F4C8-AE99-4CA9-AC13-5E8AF9553ED4.jpeg?fit=600%2C399\" src=\"https:\/\/i0.wp.com\/blogdalucianaoliveira.com.br\/blog\/wp-content\/uploads\/2019\/03\/C307F4C8-AE99-4CA9-AC13-5E8AF9553ED4.jpeg?resize=600%2C399\" alt=\"C307F4C8-AE99-4CA9-AC13-5E8AF9553ED4\" width=\"600\" height=\"399\" class=\"alignnone size-full wp-image-20894\" srcset=\"https:\/\/i0.wp.com\/blogdalucianaoliveira.com.br\/blog\/wp-content\/uploads\/2019\/03\/C307F4C8-AE99-4CA9-AC13-5E8AF9553ED4.jpeg?w=640 640w, https:\/\/i0.wp.com\/blogdalucianaoliveira.com.br\/blog\/wp-content\/uploads\/2019\/03\/C307F4C8-AE99-4CA9-AC13-5E8AF9553ED4.jpeg?resize=300%2C200 300w, https:\/\/i0.wp.com\/blogdalucianaoliveira.com.br\/blog\/wp-content\/uploads\/2019\/03\/C307F4C8-AE99-4CA9-AC13-5E8AF9553ED4.jpeg?resize=451%2C300 451w\" sizes=\"auto, (max-width: 600px) 100vw, 600px\" \/><\/p>\n<p>Ubiraci Dantas Oliveira considera a reforma um crime; centrais sindicais marcam mobiliza\u00e7\u00e3o nacional para sexta-feira<!--more--><\/p>\n<p>Juca Guimar\u00e3es<br \/>\nBrasil de Fato <\/p>\n<p>Dez centrais sindicais do pa\u00eds, junto aos principais movimentos populares do campo e da cidade, convocam para a pr\u00f3xima sexta-feira (22) o Dia Nacional de Luta Contra a Reforma da Previd\u00eancia do governo Bolsonaro (PSL).<\/p>\n<p>Em entrevista ao Brasil de Fato, o presidente da Central Geral dos Trabalhadores (CGTB), Ubiraci Dantas Oliveira, conhecido como Bira, critica as manobras do governo para aprovar a reforma e aponta os principais problemas que as mudan\u00e7as causar\u00e3o ao pa\u00eds.<\/p>\n<p>A proposta acaba com o sistema de reparti\u00e7\u00e3o solid\u00e1ria com tr\u00eas fontes de arrecada\u00e7\u00e3o (governo, empresas e trabalhadores) para o modelo de capitaliza\u00e7\u00e3o individual. A gest\u00e3o das contribui\u00e7\u00f5es fica na m\u00e3o dos bancos, que v\u00e3o cobrar taxa de administra\u00e7\u00e3o. A \u00fanica fonte de recursos ser\u00e1 a contribui\u00e7\u00e3o dos trabalhadores.<\/p>\n<p>Outra mudan\u00e7a \u00e9 o fim das aposentadorias por idade e por tempo de contribui\u00e7\u00e3o. As duas modalidades ser\u00e3o substitu\u00eddas por uma regra \u00fanica: para a maioria dos trabalhadores, a idade m\u00ednima passa a ser de 65 anos para os homens e de 62 anos para as mulheres, com 20 anos de contribui\u00e7\u00e3o, no m\u00ednimo. Por\u00e9m, nessas condi\u00e7\u00f5es, o aposentado vai receber cerca de 60% da m\u00e9dia da sua renda. Para receber o valor integral, ser\u00e1 necess\u00e1rio completar 40 anos de contribui\u00e7\u00e3o.<\/p>\n<p>Confira os melhores momentos:<\/p>\n<p>Brasil de Fato: O Brasil precisa efetivamente de uma reforma da Previd\u00eancia?<\/p>\n<p>Bira: Ela n\u00e3o \u00e9 necess\u00e1ria. O governo vive falando em d\u00e9ficit, em rombo da Previd\u00eancia e \u00e9 uma grande mentira. Ela \u00e9 superavit\u00e1ria, n\u00e3o falta dinheiro. Eles tiram da receita [da Seguridade Social, onde est\u00e1 inclu\u00edda a receita e despesa com o INSS] 30% com a desvincula\u00e7\u00e3o de recursos que v\u00eam da Confins, da CSLL, do PIS-Pasep e das loterias. Isso soma mais de R$ 113,4 bilh\u00f5es. E ainda tem as desonera\u00e7\u00f5es, porque os empres\u00e1rios, particularmente os internacionais, n\u00e3o pagam nada para o INSS ou pagam muito pouco. S\u00e3o quase R$ 141 bilh\u00f5es de desonera\u00e7\u00f5es. Al\u00e9m disso, tem uma coisa que \u00e9 muito grave: a sonega\u00e7\u00e3o. Quem deveria pagar o INSS simplesmente n\u00e3o paga. Teve uma CPI [Comiss\u00e3o Parlamentar de Inqu\u00e9rito] no Senado e a conclus\u00e3o foi que as grandes empresas e os bancos devem R$ 450 bilh\u00f5es para  a Previd\u00eancia.<\/p>\n<p>Mas o governo tamb\u00e9m diz que a crise s\u00f3 vai acabar se tiver a reforma.<\/p>\n<p>\u00c9 verdade que a pol\u00edtica econ\u00f4mica que o governo est\u00e1 impondo ao pa\u00eds, que \u00e9 de recess\u00e3o e desemprego, \u00e9 a tal pol\u00edtica neoliberal. Isso aumenta o desemprego e cai a arrecada\u00e7\u00e3o, mas mesmo assim a Previd\u00eancia Social \u00e9 superavit\u00e1ria.<\/p>\n<p>Qual o objetivo da PEC de Bolsonaro?<\/p>\n<p>\u00c9 entregar a Previd\u00eancia para os bancos. \u00c9 a capitaliza\u00e7\u00e3o, que no Chile fez crescer substancialmente o n\u00famero de suic\u00eddio de idosos, porque n\u00e3o tinham como se manter.<\/p>\n<p>E qual o principal problema dessa reforma?<\/p>\n<p>Ela vira as costas para o povo. Olha s\u00f3, idade m\u00ednima de 62 e 65 anos: o que vai acontecer? A pessoa vai se aposentar na hora da morte. Tem gente que come\u00e7a aos 16 anos. Se fosse s\u00f3 os 35 anos de contribui\u00e7\u00e3o como \u00e9 o certo, o justo, daria para aposentar. Agora eles querem 65 anos de idade. Quem come\u00e7a aos 16, que \u00e9 o caso dos pobres, n\u00e3o vai conseguir. J\u00e1 os ricos, a classe m\u00e9dia: o que eles fazem? Primeiro se formam, fazem mestrado, para depois ir trabalhar. O pobre n\u00e3o. Eu comecei a trabalhar com 14 anos de idade e at\u00e9 agora eu n\u00e3o me aposentei. Imagina o que vai acontecer com os outros companheiros da na\u00e7\u00e3o brasileira? Isso \u00e9 um crime.<\/p>\n<p>Como a Previd\u00eancia seria entregue para os bancos?<\/p>\n<p>\u00c9 a tal da capitaliza\u00e7\u00e3o. \u00c9 o seguinte, eles entregam tudo para os bancos, os empregados sozinhos pagam [as contribui\u00e7\u00f5es], patr\u00f5es e governo n\u00e3o pagam mais. Fica tudo nos ombros dos empregados. E, al\u00e9m disso, vai aumentar o tempo para se aposentar de 15 anos para 20 anos [na regra da idade m\u00ednima]. Em termos gerais, n\u00e3o existe mais trabalhador que fica 40 anos ou 50 anos em um emprego. A realidade \u00e9 que o povo passa longo per\u00edodos entre um emprego com carteira assinada e outro. Fica muito mais dif\u00edcil se aposentar.<\/p>\n<p>Para as professoras, a situa\u00e7\u00e3o \u00e9 ainda mais dif\u00edcil?<\/p>\n<p>Isso, a proposta aumenta em dez anos a idade m\u00ednima para as professoras. Quero ver quem \u00e9 que consegue ficar 40 anos dando aula. Elas v\u00e3o ficar pagando INSS, mas n\u00e3o v\u00e3o se aposentar. E tem tamb\u00e9m a maldade com os trabalhadores rurais que v\u00e3o ter uma idade m\u00ednima igual a dos trabalhadores urbanos e ter\u00e3o que contribuir com R$ 300 para o INSS. Tem muitas manobras nessa reforma para prejudicar a popula\u00e7\u00e3o.<\/p>\n<p>Quais manobras?<\/p>\n<p>A principal \u00e9 desconstitucionalizar as regras da Previd\u00eancia. Eles tiram tudo da Constitui\u00e7\u00e3o e jogam para leis complementares. Da\u00ed eles v\u00e3o precisar de menos votos [no Congresso] para fazer qualquer mudan\u00e7a que prejudica a classe trabalhadora. Essa reforma abre as portas para reformas bem piores no futuro.<\/p>\n<p>As leis de prote\u00e7\u00e3o social est\u00e3o em risco?<\/p>\n<p>Evidente. \u00c9 o que est\u00e1 em jogo. O presidente da C\u00e2mara, que apoia a reforma [Rodrigo Maia] disse que d\u00e1 para trabalhar at\u00e9 os 80 anos. Quero ver a m\u00e3e dele, o pai dele ou ele trabalhar at\u00e9 os 80 anos carregando cana nas costas, fazendo trabalho de pedreiro. A aposentadoria tem que significar o seguinte: trabalhei a vida toda, agora quero ter os meus \u00faltimos anos de vida, passeando e me divertindo. Os caras querem que a gente morra, querem que a gente n\u00e3o exista. Eles n\u00e3o t\u00eam amor pelo ser humano. N\u00e3o \u00e9 \u00e0 toa que eles ficam com arminha na m\u00e3o, ficam promovendo \u00f3dio contra as pessoas. \u00c9 o quadro que esse cidad\u00e3o quer para o Brasil, por isso, est\u00e1 tirando tudo. \u00c9 reforma trabalhista, \u00e9 reforma da Previd\u00eancia.<\/p>\n<p>E quais as consequ\u00eancias?<\/p>\n<p>Sem a Previd\u00eancia como \u00e9 hoje, vai se aprofundar a recess\u00e3o, vai aumentar a crise. Vai crescer o desemprego e a viol\u00eancia. Vamos perder ind\u00fastrias, n\u00e3o vai haver desenvolvimento de cient\u00edfico e tecnol\u00f3gico no pa\u00eds.<\/p>\n<p>Acompanhe no Brasil de Fato, nesta sexta-feira (22), as mobiliza\u00e7\u00f5es de trabalhadores pelo Brasil contra a PEC da Previd\u00eancia.<\/p>\n<p>Edi\u00e7\u00e3o: Aline Carrijo<\/p>\n","protected":false},"excerpt":{"rendered":"<p>Ubiraci Dantas Oliveira considera a reforma um crime; centrais sindicais marcam mobiliza\u00e7\u00e3o nacional para sexta-feira<\/p>\n","protected":false},"author":1,"featured_media":0,"comment_status":"closed","ping_status":"open","sticky":false,"template":"","format":"standard","meta":{"_exactmetrics_skip_tracking":false,"_exactmetrics_sitenote_active":false,"_exactmetrics_sitenote_note":"","_exactmetrics_sitenote_category":0,"jetpack_post_was_ever_published":false,"_jetpack_newsletter_access":"","_jetpack_dont_email_post_to_subs":false,"_jetpack_newsletter_tier_id":0,"_jetpack_memberships_contains_paywalled_content":false,"_jetpack_memberships_contains_paid_content":false,"footnotes":"","jetpack_publicize_message":"","jetpack_publicize_feature_enabled":true,"jetpack_social_post_already_shared":true,"jetpack_social_options":{"image_generator_settings":{"template":"highway","enabled":false},"version":2}},"categories":[1],"tags":[],"class_list":["post-20893","post","type-post","status-publish","format-standard","hentry","category-notas"],"jetpack_publicize_connections":[],"jetpack_sharing_enabled":true,"jetpack_featured_media_url":"","jetpack_shortlink":"https:\/\/wp.me\/p7wKYW-5qZ","jetpack-related-posts":[],"_links":{"self":[{"href":"http:\/\/blogdalucianaoliveira.com.br\/blog\/wp-json\/wp\/v2\/posts\/20893","targetHints":{"allow":["GET"]}}],"collection":[{"href":"http:\/\/blogdalucianaoliveira.com.br\/blog\/wp-json\/wp\/v2\/posts"}],"about":[{"href":"http:\/\/blogdalucianaoliveira.com.br\/blog\/wp-json\/wp\/v2\/types\/post"}],"author":[{"embeddable":true,"href":"http:\/\/blogdalucianaoliveira.com.br\/blog\/wp-json\/wp\/v2\/users\/1"}],"replies":[{"embeddable":true,"href":"http:\/\/blogdalucianaoliveira.com.br\/blog\/wp-json\/wp\/v2\/comments?post=20893"}],"version-history":[{"count":1,"href":"http:\/\/blogdalucianaoliveira.com.br\/blog\/wp-json\/wp\/v2\/posts\/20893\/revisions"}],"predecessor-version":[{"id":20895,"href":"http:\/\/blogdalucianaoliveira.com.br\/blog\/wp-json\/wp\/v2\/posts\/20893\/revisions\/20895"}],"wp:attachment":[{"href":"http:\/\/blogdalucianaoliveira.com.br\/blog\/wp-json\/wp\/v2\/media?parent=20893"}],"wp:term":[{"taxonomy":"category","embeddable":true,"href":"http:\/\/blogdalucianaoliveira.com.br\/blog\/wp-json\/wp\/v2\/categories?post=20893"},{"taxonomy":"post_tag","embeddable":true,"href":"http:\/\/blogdalucianaoliveira.com.br\/blog\/wp-json\/wp\/v2\/tags?post=20893"}],"curies":[{"name":"wp","href":"https:\/\/api.w.org\/{rel}","templated":true}]}}