{"id":20896,"date":"2019-03-20T13:19:45","date_gmt":"2019-03-20T17:19:45","guid":{"rendered":"http:\/\/blogdalucianaoliveira.com.br\/blog\/?p=20896"},"modified":"2019-03-20T13:19:45","modified_gmt":"2019-03-20T17:19:45","slug":"pela-primeira-vez-em-22-anos-enem-tera-supervisao-do-governo","status":"publish","type":"post","link":"http:\/\/blogdalucianaoliveira.com.br\/blog\/2019\/03\/20\/pela-primeira-vez-em-22-anos-enem-tera-supervisao-do-governo\/","title":{"rendered":"Pela primeira vez em 22 anos, Enem ter\u00e1 \u201csupervis\u00e3o\u201d do governo"},"content":{"rendered":"<p><img data-recalc-dims=\"1\" loading=\"lazy\" decoding=\"async\" data-attachment-id=\"20897\" data-permalink=\"http:\/\/blogdalucianaoliveira.com.br\/blog\/2019\/03\/20\/pela-primeira-vez-em-22-anos-enem-tera-supervisao-do-governo\/2a3aca65-5473-4c6b-a873-a55e9ff0c17c\/\" data-orig-file=\"https:\/\/i0.wp.com\/blogdalucianaoliveira.com.br\/blog\/wp-content\/uploads\/2019\/03\/2A3ACA65-5473-4C6B-A873-A55E9FF0C17C.png?fit=768%2C462\" data-orig-size=\"768,462\" data-comments-opened=\"0\" data-image-meta=\"{&quot;aperture&quot;:&quot;0&quot;,&quot;credit&quot;:&quot;&quot;,&quot;camera&quot;:&quot;&quot;,&quot;caption&quot;:&quot;&quot;,&quot;created_timestamp&quot;:&quot;0&quot;,&quot;copyright&quot;:&quot;&quot;,&quot;focal_length&quot;:&quot;0&quot;,&quot;iso&quot;:&quot;0&quot;,&quot;shutter_speed&quot;:&quot;0&quot;,&quot;title&quot;:&quot;&quot;,&quot;orientation&quot;:&quot;0&quot;}\" data-image-title=\"2A3ACA65-5473-4C6B-A873-A55E9FF0C17C\" data-image-description=\"\" data-image-caption=\"\" data-medium-file=\"https:\/\/i0.wp.com\/blogdalucianaoliveira.com.br\/blog\/wp-content\/uploads\/2019\/03\/2A3ACA65-5473-4C6B-A873-A55E9FF0C17C.png?fit=300%2C180\" data-large-file=\"https:\/\/i0.wp.com\/blogdalucianaoliveira.com.br\/blog\/wp-content\/uploads\/2019\/03\/2A3ACA65-5473-4C6B-A873-A55E9FF0C17C.png?fit=600%2C361\" src=\"https:\/\/i0.wp.com\/blogdalucianaoliveira.com.br\/blog\/wp-content\/uploads\/2019\/03\/2A3ACA65-5473-4C6B-A873-A55E9FF0C17C.png?resize=600%2C361\" alt=\"2A3ACA65-5473-4C6B-A873-A55E9FF0C17C\" width=\"600\" height=\"361\" class=\"alignnone size-full wp-image-20897\" srcset=\"https:\/\/i0.wp.com\/blogdalucianaoliveira.com.br\/blog\/wp-content\/uploads\/2019\/03\/2A3ACA65-5473-4C6B-A873-A55E9FF0C17C.png?w=768 768w, https:\/\/i0.wp.com\/blogdalucianaoliveira.com.br\/blog\/wp-content\/uploads\/2019\/03\/2A3ACA65-5473-4C6B-A873-A55E9FF0C17C.png?resize=300%2C180 300w, https:\/\/i0.wp.com\/blogdalucianaoliveira.com.br\/blog\/wp-content\/uploads\/2019\/03\/2A3ACA65-5473-4C6B-A873-A55E9FF0C17C.png?resize=499%2C300 499w\" sizes=\"auto, (max-width: 600px) 100vw, 600px\" \/><\/p>\n<p>Desde a cria\u00e7\u00e3o do exame, nem o Minist\u00e9rio da Educa\u00e7\u00e3o, nem o pr\u00f3prio presidente da rep\u00fablica havia interferido na elabora\u00e7\u00e3o das provas<\/p>\n<p>Mais uma pol\u00eamica envolvendo o Minist\u00e9rio da Educa\u00e7\u00e3o aconteceu nesta quarta-feira 20. A pasta criou uma comiss\u00e3o com tr\u00eas pessoas escolhidas para \u201cavaliar\u201d as quest\u00f5es do Exame Nacional do Ensino M\u00e9dio (Enem). O jornal O Estado de S. Paulo revelou que o grupo inclui um ex-aluno do ministro Ricardo V\u00e9lez Rodr\u00edguez.<br \/>\nO grupo ter\u00e1 acesso \u00e0 \u00e1rea restrita de seguran\u00e7a m\u00e1xima onde ficam guardadas as provas. Os nomes escolhidos pelo ministro v\u00e3o verificar se as perguntas do exame s\u00e3o pertinentes com a realidade social, de modo a assegurar um perfil consensual do exame.<\/p>\n","protected":false},"excerpt":{"rendered":"<p>Desde a cria\u00e7\u00e3o do exame, nem o Minist\u00e9rio da Educa\u00e7\u00e3o, nem o pr\u00f3prio presidente da rep\u00fablica havia interferido na elabora\u00e7\u00e3o das provas Mais uma pol\u00eamica envolvendo o Minist\u00e9rio da Educa\u00e7\u00e3o aconteceu nesta quarta-feira 20. A pasta criou uma comiss\u00e3o com tr\u00eas pessoas escolhidas para \u201cavaliar\u201d as quest\u00f5es do Exame Nacional do Ensino M\u00e9dio (Enem). O&#8230;<a class=\"more-link\" href=\"http:\/\/blogdalucianaoliveira.com.br\/blog\/2019\/03\/20\/pela-primeira-vez-em-22-anos-enem-tera-supervisao-do-governo\/\">Continue a leitura <span class=\"meta-nav\">&raquo;<\/span><\/a><\/p>\n","protected":false},"author":1,"featured_media":0,"comment_status":"closed","ping_status":"open","sticky":false,"template":"","format":"standard","meta":{"_exactmetrics_skip_tracking":false,"_exactmetrics_sitenote_active":false,"_exactmetrics_sitenote_note":"","_exactmetrics_sitenote_category":0,"jetpack_post_was_ever_published":false,"_jetpack_newsletter_access":"","_jetpack_dont_email_post_to_subs":false,"_jetpack_newsletter_tier_id":0,"_jetpack_memberships_contains_paywalled_content":false,"_jetpack_memberships_contains_paid_content":false,"footnotes":"","jetpack_publicize_message":"","jetpack_publicize_feature_enabled":true,"jetpack_social_post_already_shared":true,"jetpack_social_options":{"image_generator_settings":{"template":"highway","enabled":false},"version":2}},"categories":[1],"tags":[],"class_list":["post-20896","post","type-post","status-publish","format-standard","hentry","category-notas"],"jetpack_publicize_connections":[],"jetpack_sharing_enabled":true,"jetpack_featured_media_url":"","jetpack_shortlink":"https:\/\/wp.me\/p7wKYW-5r2","jetpack-related-posts":[],"_links":{"self":[{"href":"http:\/\/blogdalucianaoliveira.com.br\/blog\/wp-json\/wp\/v2\/posts\/20896","targetHints":{"allow":["GET"]}}],"collection":[{"href":"http:\/\/blogdalucianaoliveira.com.br\/blog\/wp-json\/wp\/v2\/posts"}],"about":[{"href":"http:\/\/blogdalucianaoliveira.com.br\/blog\/wp-json\/wp\/v2\/types\/post"}],"author":[{"embeddable":true,"href":"http:\/\/blogdalucianaoliveira.com.br\/blog\/wp-json\/wp\/v2\/users\/1"}],"replies":[{"embeddable":true,"href":"http:\/\/blogdalucianaoliveira.com.br\/blog\/wp-json\/wp\/v2\/comments?post=20896"}],"version-history":[{"count":1,"href":"http:\/\/blogdalucianaoliveira.com.br\/blog\/wp-json\/wp\/v2\/posts\/20896\/revisions"}],"predecessor-version":[{"id":20898,"href":"http:\/\/blogdalucianaoliveira.com.br\/blog\/wp-json\/wp\/v2\/posts\/20896\/revisions\/20898"}],"wp:attachment":[{"href":"http:\/\/blogdalucianaoliveira.com.br\/blog\/wp-json\/wp\/v2\/media?parent=20896"}],"wp:term":[{"taxonomy":"category","embeddable":true,"href":"http:\/\/blogdalucianaoliveira.com.br\/blog\/wp-json\/wp\/v2\/categories?post=20896"},{"taxonomy":"post_tag","embeddable":true,"href":"http:\/\/blogdalucianaoliveira.com.br\/blog\/wp-json\/wp\/v2\/tags?post=20896"}],"curies":[{"name":"wp","href":"https:\/\/api.w.org\/{rel}","templated":true}]}}