{"id":20902,"date":"2019-03-21T10:12:09","date_gmt":"2019-03-21T14:12:09","guid":{"rendered":"http:\/\/blogdalucianaoliveira.com.br\/blog\/?p=20902"},"modified":"2019-03-21T10:12:09","modified_gmt":"2019-03-21T14:12:09","slug":"moro-tem-de-aprender-que-nao-e-mais-deus","status":"publish","type":"post","link":"http:\/\/blogdalucianaoliveira.com.br\/blog\/2019\/03\/21\/moro-tem-de-aprender-que-nao-e-mais-deus\/","title":{"rendered":"Moro tem de aprender que n\u00e3o \u00e9 mais Deus"},"content":{"rendered":"<p><img data-recalc-dims=\"1\" loading=\"lazy\" decoding=\"async\" data-attachment-id=\"20903\" data-permalink=\"http:\/\/blogdalucianaoliveira.com.br\/blog\/2019\/03\/21\/moro-tem-de-aprender-que-nao-e-mais-deus\/e7b11600-77ac-45df-ba99-85e6308b002b\/\" data-orig-file=\"https:\/\/i0.wp.com\/blogdalucianaoliveira.com.br\/blog\/wp-content\/uploads\/2019\/03\/E7B11600-77AC-45DF-BA99-85E6308B002B.jpeg?fit=600%2C332\" data-orig-size=\"600,332\" data-comments-opened=\"0\" data-image-meta=\"{&quot;aperture&quot;:&quot;0&quot;,&quot;credit&quot;:&quot;&quot;,&quot;camera&quot;:&quot;&quot;,&quot;caption&quot;:&quot;&quot;,&quot;created_timestamp&quot;:&quot;0&quot;,&quot;copyright&quot;:&quot;&quot;,&quot;focal_length&quot;:&quot;0&quot;,&quot;iso&quot;:&quot;0&quot;,&quot;shutter_speed&quot;:&quot;0&quot;,&quot;title&quot;:&quot;&quot;,&quot;orientation&quot;:&quot;0&quot;}\" data-image-title=\"E7B11600-77AC-45DF-BA99-85E6308B002B\" data-image-description=\"\" data-image-caption=\"\" data-medium-file=\"https:\/\/i0.wp.com\/blogdalucianaoliveira.com.br\/blog\/wp-content\/uploads\/2019\/03\/E7B11600-77AC-45DF-BA99-85E6308B002B.jpeg?fit=300%2C166\" data-large-file=\"https:\/\/i0.wp.com\/blogdalucianaoliveira.com.br\/blog\/wp-content\/uploads\/2019\/03\/E7B11600-77AC-45DF-BA99-85E6308B002B.jpeg?fit=600%2C332\" src=\"https:\/\/i0.wp.com\/blogdalucianaoliveira.com.br\/blog\/wp-content\/uploads\/2019\/03\/E7B11600-77AC-45DF-BA99-85E6308B002B.jpeg?resize=600%2C332\" alt=\"E7B11600-77AC-45DF-BA99-85E6308B002B\" width=\"600\" height=\"332\" class=\"alignnone size-full wp-image-20903\" srcset=\"https:\/\/i0.wp.com\/blogdalucianaoliveira.com.br\/blog\/wp-content\/uploads\/2019\/03\/E7B11600-77AC-45DF-BA99-85E6308B002B.jpeg?w=600 600w, https:\/\/i0.wp.com\/blogdalucianaoliveira.com.br\/blog\/wp-content\/uploads\/2019\/03\/E7B11600-77AC-45DF-BA99-85E6308B002B.jpeg?resize=300%2C166 300w, https:\/\/i0.wp.com\/blogdalucianaoliveira.com.br\/blog\/wp-content\/uploads\/2019\/03\/E7B11600-77AC-45DF-BA99-85E6308B002B.jpeg?resize=542%2C300 542w\" sizes=\"auto, (max-width: 600px) 100vw, 600px\" \/><\/p>\n<p>DCM, por Fernando Brito &#8211; Uma vez, durante o primeiro governo de Brizola, perguntei ao comandante dos Bombeiros como era a estrutura para manter impec\u00e1veis aqueles velhos caminh\u00f5es vermelhos, de 40 ou 50 anos, que a corpora\u00e7\u00e3o mantinha, enquanto os carros. no servi\u00e7o p\u00fablico, se degradavam em quatro ou cinco anos . E a resposta veio, bem simples: \u201cBrito, nos Bombeiros tem cadeia\u201d.<!--more--><\/p>\n<p>Moro perdeu a cadeia e enfrenta dificuldades em colocar em curso a m\u00e1quina de persegui\u00e7\u00e3o que sonhou montar no Minist\u00e9rio da Justi\u00e7a.<\/p>\n<p>Quis bancar o reizinho, correndo a encaminhar seu \u201cpacote anticrime\u201d antes da reforma da Previd\u00eancia e deu-se mal, vendo-o ser fatiado e relegado \u00e0 fila. Partiu para a intimida\u00e7\u00e3o do Supremo e tomou uma derrota significativa. Levou uma \u201cenquadrada\u201d do \u201cchefe\u201d Bolsonaro com o epis\u00f3dio da demiss\u00e3o da suplente de um conselho.<\/p>\n<p>Assim, cheio de riscos e arranh\u00f5es, saiu amassado de sua imprudente tentativa de reagir ao \u201cbanho-maria\u201d em que Rodrigo Maia colocou  seu \u201cpacote\u201d e, em meio aos conflitos j\u00e1 dur\u00edssimos da reforma previdenci\u00e1ria, despachou cobran\u00e7as, via Whatsapp, ao Presidente da C\u00e2mara.<\/p>\n<p>A traulitada de ser chamado de \u201cfuncion\u00e1rio do Bolsonaro\u201d \u00e9 destas que deixa os danos vis\u00edveis a todos.<\/p>\n<p>Se me perdoam o segundo aforismo do dia, quem n\u00e3o sabe calar, n\u00e3o sabe falar.<\/p>\n<p>N\u00e3o h\u00e1 escada mais dif\u00edcil de descer que a da soberba e n\u00e3o est\u00e1 f\u00e1cil para S\u00e9rgio Moro entender que decaiu da condi\u00e7\u00e3o de deus onipotente que ostentou durante os anos de Lava Jato.<\/p>\n<p>O fato de a ele tudo ser permitido, em raz\u00e3o de sua miss\u00e3o de destruir Lula, e o medo que inspirava em todos em que ousassem opor-se ou mesmo colocar reparos em suas a\u00e7\u00f5es atrabali\u00e1rias: eram \u201ccorruptos\u201d ou, com muito favor, \u201cdefensores dos corruptos\u201d.<\/p>\n<p>Agora, divulgou um \u00e1udio respondendo a Maia, como voc\u00ea pode ver abaixo.<\/p>\n<p>Como disse outro dia um ministro do STF, pode espernear \u00e0 vontade.<\/p>\n<p>N\u00e3o tem mais a cadeia, n\u00e3o tem mais a m\u00eddia.<\/p>\n<p>Ficou s\u00f3 com o apelo \u201cpadr\u00e3o Cunha\u201d de que \u201cDeus aben\u00e7oe esta grande na\u00e7\u00e3o\u201d.<\/p>\n<p>Mas ele n\u00e3o \u00e9 mais Deus.<\/p>\n","protected":false},"excerpt":{"rendered":"<p>DCM, por Fernando Brito &#8211; Uma vez, durante o primeiro governo de Brizola, perguntei ao comandante dos Bombeiros como era a estrutura para manter impec\u00e1veis aqueles velhos caminh\u00f5es vermelhos, de 40 ou 50 anos, que a corpora\u00e7\u00e3o mantinha, enquanto os carros. no servi\u00e7o p\u00fablico, se degradavam em quatro ou cinco anos . E a resposta&#8230;<a class=\"more-link\" href=\"http:\/\/blogdalucianaoliveira.com.br\/blog\/2019\/03\/21\/moro-tem-de-aprender-que-nao-e-mais-deus\/\">Continue a leitura <span class=\"meta-nav\">&raquo;<\/span><\/a><\/p>\n","protected":false},"author":1,"featured_media":0,"comment_status":"closed","ping_status":"open","sticky":false,"template":"","format":"standard","meta":{"_exactmetrics_skip_tracking":false,"_exactmetrics_sitenote_active":false,"_exactmetrics_sitenote_note":"","_exactmetrics_sitenote_category":0,"jetpack_post_was_ever_published":false,"_jetpack_newsletter_access":"","_jetpack_dont_email_post_to_subs":false,"_jetpack_newsletter_tier_id":0,"_jetpack_memberships_contains_paywalled_content":false,"_jetpack_memberships_contains_paid_content":false,"footnotes":"","jetpack_publicize_message":"","jetpack_publicize_feature_enabled":true,"jetpack_social_post_already_shared":true,"jetpack_social_options":{"image_generator_settings":{"template":"highway","enabled":false},"version":2}},"categories":[1],"tags":[],"class_list":["post-20902","post","type-post","status-publish","format-standard","hentry","category-notas"],"jetpack_publicize_connections":[],"jetpack_sharing_enabled":true,"jetpack_featured_media_url":"","jetpack_shortlink":"https:\/\/wp.me\/p7wKYW-5r8","jetpack-related-posts":[],"_links":{"self":[{"href":"http:\/\/blogdalucianaoliveira.com.br\/blog\/wp-json\/wp\/v2\/posts\/20902","targetHints":{"allow":["GET"]}}],"collection":[{"href":"http:\/\/blogdalucianaoliveira.com.br\/blog\/wp-json\/wp\/v2\/posts"}],"about":[{"href":"http:\/\/blogdalucianaoliveira.com.br\/blog\/wp-json\/wp\/v2\/types\/post"}],"author":[{"embeddable":true,"href":"http:\/\/blogdalucianaoliveira.com.br\/blog\/wp-json\/wp\/v2\/users\/1"}],"replies":[{"embeddable":true,"href":"http:\/\/blogdalucianaoliveira.com.br\/blog\/wp-json\/wp\/v2\/comments?post=20902"}],"version-history":[{"count":1,"href":"http:\/\/blogdalucianaoliveira.com.br\/blog\/wp-json\/wp\/v2\/posts\/20902\/revisions"}],"predecessor-version":[{"id":20904,"href":"http:\/\/blogdalucianaoliveira.com.br\/blog\/wp-json\/wp\/v2\/posts\/20902\/revisions\/20904"}],"wp:attachment":[{"href":"http:\/\/blogdalucianaoliveira.com.br\/blog\/wp-json\/wp\/v2\/media?parent=20902"}],"wp:term":[{"taxonomy":"category","embeddable":true,"href":"http:\/\/blogdalucianaoliveira.com.br\/blog\/wp-json\/wp\/v2\/categories?post=20902"},{"taxonomy":"post_tag","embeddable":true,"href":"http:\/\/blogdalucianaoliveira.com.br\/blog\/wp-json\/wp\/v2\/tags?post=20902"}],"curies":[{"name":"wp","href":"https:\/\/api.w.org\/{rel}","templated":true}]}}