{"id":20908,"date":"2019-03-21T12:07:50","date_gmt":"2019-03-21T16:07:50","guid":{"rendered":"http:\/\/blogdalucianaoliveira.com.br\/blog\/?p=20908"},"modified":"2019-03-21T12:07:50","modified_gmt":"2019-03-21T16:07:50","slug":"ele-merece-mas-sem-fogos-por-favor","status":"publish","type":"post","link":"http:\/\/blogdalucianaoliveira.com.br\/blog\/2019\/03\/21\/ele-merece-mas-sem-fogos-por-favor\/","title":{"rendered":"Ele merece, mas sem fogos, por favor"},"content":{"rendered":"<p><img data-recalc-dims=\"1\" loading=\"lazy\" decoding=\"async\" data-attachment-id=\"20909\" data-permalink=\"http:\/\/blogdalucianaoliveira.com.br\/blog\/2019\/03\/21\/ele-merece-mas-sem-fogos-por-favor\/80c6876c-b455-4272-89f4-109b921fdc29\/\" data-orig-file=\"https:\/\/i0.wp.com\/blogdalucianaoliveira.com.br\/blog\/wp-content\/uploads\/2019\/03\/80C6876C-B455-4272-89F4-109B921FDC29.jpeg?fit=1200%2C675\" data-orig-size=\"1200,675\" data-comments-opened=\"0\" data-image-meta=\"{&quot;aperture&quot;:&quot;0&quot;,&quot;credit&quot;:&quot;&quot;,&quot;camera&quot;:&quot;&quot;,&quot;caption&quot;:&quot;&quot;,&quot;created_timestamp&quot;:&quot;0&quot;,&quot;copyright&quot;:&quot;&quot;,&quot;focal_length&quot;:&quot;0&quot;,&quot;iso&quot;:&quot;0&quot;,&quot;shutter_speed&quot;:&quot;0&quot;,&quot;title&quot;:&quot;&quot;,&quot;orientation&quot;:&quot;0&quot;}\" data-image-title=\"80C6876C-B455-4272-89F4-109B921FDC29\" data-image-description=\"\" data-image-caption=\"\" data-medium-file=\"https:\/\/i0.wp.com\/blogdalucianaoliveira.com.br\/blog\/wp-content\/uploads\/2019\/03\/80C6876C-B455-4272-89F4-109B921FDC29.jpeg?fit=300%2C169\" data-large-file=\"https:\/\/i0.wp.com\/blogdalucianaoliveira.com.br\/blog\/wp-content\/uploads\/2019\/03\/80C6876C-B455-4272-89F4-109B921FDC29.jpeg?fit=600%2C338\" src=\"https:\/\/i0.wp.com\/blogdalucianaoliveira.com.br\/blog\/wp-content\/uploads\/2019\/03\/80C6876C-B455-4272-89F4-109B921FDC29.jpeg?resize=600%2C338\" alt=\"80C6876C-B455-4272-89F4-109B921FDC29\" width=\"600\" height=\"338\" class=\"alignnone size-full wp-image-20909\" srcset=\"https:\/\/i0.wp.com\/blogdalucianaoliveira.com.br\/blog\/wp-content\/uploads\/2019\/03\/80C6876C-B455-4272-89F4-109B921FDC29.jpeg?w=1200 1200w, https:\/\/i0.wp.com\/blogdalucianaoliveira.com.br\/blog\/wp-content\/uploads\/2019\/03\/80C6876C-B455-4272-89F4-109B921FDC29.jpeg?resize=300%2C169 300w, https:\/\/i0.wp.com\/blogdalucianaoliveira.com.br\/blog\/wp-content\/uploads\/2019\/03\/80C6876C-B455-4272-89F4-109B921FDC29.jpeg?resize=768%2C432 768w, https:\/\/i0.wp.com\/blogdalucianaoliveira.com.br\/blog\/wp-content\/uploads\/2019\/03\/80C6876C-B455-4272-89F4-109B921FDC29.jpeg?resize=1024%2C576 1024w, https:\/\/i0.wp.com\/blogdalucianaoliveira.com.br\/blog\/wp-content\/uploads\/2019\/03\/80C6876C-B455-4272-89F4-109B921FDC29.jpeg?resize=533%2C300 533w\" sizes=\"auto, (max-width: 600px) 100vw, 600px\" \/><\/p>\n<p>Temer tinha que ter o destino implac\u00e1vel dos traidores. <\/p>\n<p>Mas, n\u00e3o se enganem. <\/p>\n<p>A for\u00e7a-tarefa da Lava Jato foi desmoralizada com a cria\u00e7\u00e3o da funda\u00e7\u00e3o que queria administrar bilh\u00f5es da Petrobras. <!--more--><\/p>\n<p>A pouca-vergonha est\u00e1 sob investiga\u00e7\u00e3o. <\/p>\n<p>O moro virou ministro com decis\u00f5es ilegais e persegui\u00e7\u00e3o seletiva na Lava Jato. <\/p>\n<p>Ent\u00e3o, sem ilus\u00f5es. <\/p>\n<p>A democracia brasileira est\u00e1 sob forte ataque e precisamos ficar atentos \u00e0s movimenta\u00e7\u00f5es. <\/p>\n<p>Essa jogada \u00e9 para restaurar a f\u00e9 da massa numa opera\u00e7\u00e3o em descr\u00e9dito e que trouxe muitos preju\u00edzos ao Brasil.<\/p>\n","protected":false},"excerpt":{"rendered":"<p>Temer tinha que ter o destino implac\u00e1vel dos traidores. Mas, n\u00e3o se enganem. A for\u00e7a-tarefa da Lava Jato foi desmoralizada com a cria\u00e7\u00e3o da funda\u00e7\u00e3o que queria administrar bilh\u00f5es da Petrobras.<\/p>\n","protected":false},"author":1,"featured_media":0,"comment_status":"closed","ping_status":"open","sticky":false,"template":"","format":"standard","meta":{"_exactmetrics_skip_tracking":false,"_exactmetrics_sitenote_active":false,"_exactmetrics_sitenote_note":"","_exactmetrics_sitenote_category":0,"jetpack_post_was_ever_published":false,"_jetpack_newsletter_access":"","_jetpack_dont_email_post_to_subs":false,"_jetpack_newsletter_tier_id":0,"_jetpack_memberships_contains_paywalled_content":false,"_jetpack_memberships_contains_paid_content":false,"footnotes":"","jetpack_publicize_message":"","jetpack_publicize_feature_enabled":true,"jetpack_social_post_already_shared":true,"jetpack_social_options":{"image_generator_settings":{"template":"highway","enabled":false},"version":2}},"categories":[1],"tags":[],"class_list":["post-20908","post","type-post","status-publish","format-standard","hentry","category-notas"],"jetpack_publicize_connections":[],"jetpack_sharing_enabled":true,"jetpack_featured_media_url":"","jetpack_shortlink":"https:\/\/wp.me\/p7wKYW-5re","jetpack-related-posts":[],"_links":{"self":[{"href":"http:\/\/blogdalucianaoliveira.com.br\/blog\/wp-json\/wp\/v2\/posts\/20908","targetHints":{"allow":["GET"]}}],"collection":[{"href":"http:\/\/blogdalucianaoliveira.com.br\/blog\/wp-json\/wp\/v2\/posts"}],"about":[{"href":"http:\/\/blogdalucianaoliveira.com.br\/blog\/wp-json\/wp\/v2\/types\/post"}],"author":[{"embeddable":true,"href":"http:\/\/blogdalucianaoliveira.com.br\/blog\/wp-json\/wp\/v2\/users\/1"}],"replies":[{"embeddable":true,"href":"http:\/\/blogdalucianaoliveira.com.br\/blog\/wp-json\/wp\/v2\/comments?post=20908"}],"version-history":[{"count":2,"href":"http:\/\/blogdalucianaoliveira.com.br\/blog\/wp-json\/wp\/v2\/posts\/20908\/revisions"}],"predecessor-version":[{"id":20911,"href":"http:\/\/blogdalucianaoliveira.com.br\/blog\/wp-json\/wp\/v2\/posts\/20908\/revisions\/20911"}],"wp:attachment":[{"href":"http:\/\/blogdalucianaoliveira.com.br\/blog\/wp-json\/wp\/v2\/media?parent=20908"}],"wp:term":[{"taxonomy":"category","embeddable":true,"href":"http:\/\/blogdalucianaoliveira.com.br\/blog\/wp-json\/wp\/v2\/categories?post=20908"},{"taxonomy":"post_tag","embeddable":true,"href":"http:\/\/blogdalucianaoliveira.com.br\/blog\/wp-json\/wp\/v2\/tags?post=20908"}],"curies":[{"name":"wp","href":"https:\/\/api.w.org\/{rel}","templated":true}]}}