{"id":20913,"date":"2019-03-21T17:48:55","date_gmt":"2019-03-21T21:48:55","guid":{"rendered":"http:\/\/blogdalucianaoliveira.com.br\/blog\/?p=20913"},"modified":"2019-03-21T17:48:55","modified_gmt":"2019-03-21T21:48:55","slug":"lula-condena-prisao-de-temer-pirotecnia","status":"publish","type":"post","link":"http:\/\/blogdalucianaoliveira.com.br\/blog\/2019\/03\/21\/lula-condena-prisao-de-temer-pirotecnia\/","title":{"rendered":"LULA CONDENA PRIS\u00c3O DE TEMER: PIROTECNIA"},"content":{"rendered":"<p><img data-recalc-dims=\"1\" loading=\"lazy\" decoding=\"async\" data-attachment-id=\"20914\" data-permalink=\"http:\/\/blogdalucianaoliveira.com.br\/blog\/2019\/03\/21\/lula-condena-prisao-de-temer-pirotecnia\/6e54eaf6-0a8a-4f23-a94a-0e0c26da831f\/\" data-orig-file=\"https:\/\/i0.wp.com\/blogdalucianaoliveira.com.br\/blog\/wp-content\/uploads\/2019\/03\/6E54EAF6-0A8A-4F23-A94A-0E0C26DA831F.jpeg?fit=480%2C240\" data-orig-size=\"480,240\" data-comments-opened=\"0\" data-image-meta=\"{&quot;aperture&quot;:&quot;0&quot;,&quot;credit&quot;:&quot;&quot;,&quot;camera&quot;:&quot;&quot;,&quot;caption&quot;:&quot;&quot;,&quot;created_timestamp&quot;:&quot;0&quot;,&quot;copyright&quot;:&quot;&quot;,&quot;focal_length&quot;:&quot;0&quot;,&quot;iso&quot;:&quot;0&quot;,&quot;shutter_speed&quot;:&quot;0&quot;,&quot;title&quot;:&quot;&quot;,&quot;orientation&quot;:&quot;0&quot;}\" data-image-title=\"6E54EAF6-0A8A-4F23-A94A-0E0C26DA831F\" data-image-description=\"\" data-image-caption=\"\" data-medium-file=\"https:\/\/i0.wp.com\/blogdalucianaoliveira.com.br\/blog\/wp-content\/uploads\/2019\/03\/6E54EAF6-0A8A-4F23-A94A-0E0C26DA831F.jpeg?fit=300%2C150\" data-large-file=\"https:\/\/i0.wp.com\/blogdalucianaoliveira.com.br\/blog\/wp-content\/uploads\/2019\/03\/6E54EAF6-0A8A-4F23-A94A-0E0C26DA831F.jpeg?fit=480%2C240\" src=\"https:\/\/i0.wp.com\/blogdalucianaoliveira.com.br\/blog\/wp-content\/uploads\/2019\/03\/6E54EAF6-0A8A-4F23-A94A-0E0C26DA831F.jpeg?resize=480%2C240\" alt=\"6E54EAF6-0A8A-4F23-A94A-0E0C26DA831F\" width=\"480\" height=\"240\" class=\"alignnone size-full wp-image-20914\" srcset=\"https:\/\/i0.wp.com\/blogdalucianaoliveira.com.br\/blog\/wp-content\/uploads\/2019\/03\/6E54EAF6-0A8A-4F23-A94A-0E0C26DA831F.jpeg?w=480 480w, https:\/\/i0.wp.com\/blogdalucianaoliveira.com.br\/blog\/wp-content\/uploads\/2019\/03\/6E54EAF6-0A8A-4F23-A94A-0E0C26DA831F.jpeg?resize=300%2C150 300w\" sizes=\"auto, (max-width: 480px) 100vw, 480px\" \/><\/p>\n<p>247 &#8211; O ex-presidente Lula definiu como &#8220;pirotecnia&#8221; a pris\u00e3o do ex-presidente Michel Temer executada pela for\u00e7a-tarefa da Opera\u00e7\u00e3o Lava Jato nesta quinta-feira 21. <!--more--><\/p>\n<p>A Pol\u00edcia Federal prendeu tamb\u00e9m outra pessoas, como o ex-ministro Moreira Franco, o amigo e operador de Temer, o coronel Jo\u00e3o Baptista Lima Filho, e sua esposa, al\u00e9m de Carlos Alberto Costa, Carlos Alberto Costa Filho, Othon Luiz Pinheiro da Silva, Ana Cristina da Silva Toniolo, Maria Rita Fratezi, Vanderlei de Natale e Carlos Alberto Montenegro Gallo.<\/p>\n<p>Para o ex-presidente, &#8220;a Lava Jato tenta desviar a aten\u00e7\u00e3o do descr\u00e9dito em que estava caindo e do fundo de 2,5 bilh\u00f5es que negociaram com os EUA&#8221;. &#8220;A For\u00e7a Tarefa n\u00e3o precisa de pirotecnia para sobreviver, precisa de sobriedade&#8221;, defendeu o petista, em mensagem postada por sua equipe no Twitter.<\/p>\n<p>&#8220;Institui\u00e7\u00f5es poderosas como o MP e a PF n\u00e3o podem ficar fazendo espet\u00e1culo. Todo aquele que cometer um crime, se o crime for provado, tem que ser punido. Seja o Temer, ou o Lula. Seja o FHC ou o Bolsonaro. Ningu\u00e9m pode ser preso sem o devido processo legal&#8221;, completou.<\/p>\n","protected":false},"excerpt":{"rendered":"<p>247 &#8211; O ex-presidente Lula definiu como &#8220;pirotecnia&#8221; a pris\u00e3o do ex-presidente Michel Temer executada pela for\u00e7a-tarefa da Opera\u00e7\u00e3o Lava Jato nesta quinta-feira 21.<\/p>\n","protected":false},"author":1,"featured_media":0,"comment_status":"closed","ping_status":"open","sticky":false,"template":"","format":"standard","meta":{"_exactmetrics_skip_tracking":false,"_exactmetrics_sitenote_active":false,"_exactmetrics_sitenote_note":"","_exactmetrics_sitenote_category":0,"jetpack_post_was_ever_published":false,"_jetpack_newsletter_access":"","_jetpack_dont_email_post_to_subs":false,"_jetpack_newsletter_tier_id":0,"_jetpack_memberships_contains_paywalled_content":false,"_jetpack_memberships_contains_paid_content":false,"footnotes":"","jetpack_publicize_message":"","jetpack_publicize_feature_enabled":true,"jetpack_social_post_already_shared":true,"jetpack_social_options":{"image_generator_settings":{"template":"highway","enabled":false},"version":2}},"categories":[1],"tags":[],"class_list":["post-20913","post","type-post","status-publish","format-standard","hentry","category-notas"],"jetpack_publicize_connections":[],"jetpack_sharing_enabled":true,"jetpack_featured_media_url":"","jetpack_shortlink":"https:\/\/wp.me\/p7wKYW-5rj","jetpack-related-posts":[],"_links":{"self":[{"href":"http:\/\/blogdalucianaoliveira.com.br\/blog\/wp-json\/wp\/v2\/posts\/20913","targetHints":{"allow":["GET"]}}],"collection":[{"href":"http:\/\/blogdalucianaoliveira.com.br\/blog\/wp-json\/wp\/v2\/posts"}],"about":[{"href":"http:\/\/blogdalucianaoliveira.com.br\/blog\/wp-json\/wp\/v2\/types\/post"}],"author":[{"embeddable":true,"href":"http:\/\/blogdalucianaoliveira.com.br\/blog\/wp-json\/wp\/v2\/users\/1"}],"replies":[{"embeddable":true,"href":"http:\/\/blogdalucianaoliveira.com.br\/blog\/wp-json\/wp\/v2\/comments?post=20913"}],"version-history":[{"count":1,"href":"http:\/\/blogdalucianaoliveira.com.br\/blog\/wp-json\/wp\/v2\/posts\/20913\/revisions"}],"predecessor-version":[{"id":20915,"href":"http:\/\/blogdalucianaoliveira.com.br\/blog\/wp-json\/wp\/v2\/posts\/20913\/revisions\/20915"}],"wp:attachment":[{"href":"http:\/\/blogdalucianaoliveira.com.br\/blog\/wp-json\/wp\/v2\/media?parent=20913"}],"wp:term":[{"taxonomy":"category","embeddable":true,"href":"http:\/\/blogdalucianaoliveira.com.br\/blog\/wp-json\/wp\/v2\/categories?post=20913"},{"taxonomy":"post_tag","embeddable":true,"href":"http:\/\/blogdalucianaoliveira.com.br\/blog\/wp-json\/wp\/v2\/tags?post=20913"}],"curies":[{"name":"wp","href":"https:\/\/api.w.org\/{rel}","templated":true}]}}