{"id":20927,"date":"2019-03-22T08:49:47","date_gmt":"2019-03-22T12:49:47","guid":{"rendered":"http:\/\/blogdalucianaoliveira.com.br\/blog\/?p=20927"},"modified":"2019-03-22T08:49:47","modified_gmt":"2019-03-22T12:49:47","slug":"as-elites-racharam-e-o-pacto-que-lhes-deu-poder-agora-corre-risco","status":"publish","type":"post","link":"http:\/\/blogdalucianaoliveira.com.br\/blog\/2019\/03\/22\/as-elites-racharam-e-o-pacto-que-lhes-deu-poder-agora-corre-risco\/","title":{"rendered":"As elites racharam e o pacto que lhes deu poder agora corre risco"},"content":{"rendered":"<p><img data-recalc-dims=\"1\" loading=\"lazy\" decoding=\"async\" data-attachment-id=\"20923\" data-permalink=\"http:\/\/blogdalucianaoliveira.com.br\/blog\/?attachment_id=20923\" data-orig-file=\"https:\/\/i0.wp.com\/blogdalucianaoliveira.com.br\/blog\/wp-content\/uploads\/2019\/03\/3D00BA66-D919-4B10-A9D3-364EC5F631AB.jpeg?fit=600%2C296\" data-orig-size=\"600,296\" data-comments-opened=\"0\" data-image-meta=\"{&quot;aperture&quot;:&quot;0&quot;,&quot;credit&quot;:&quot;&quot;,&quot;camera&quot;:&quot;&quot;,&quot;caption&quot;:&quot;&quot;,&quot;created_timestamp&quot;:&quot;0&quot;,&quot;copyright&quot;:&quot;&quot;,&quot;focal_length&quot;:&quot;0&quot;,&quot;iso&quot;:&quot;0&quot;,&quot;shutter_speed&quot;:&quot;0&quot;,&quot;title&quot;:&quot;&quot;,&quot;orientation&quot;:&quot;0&quot;}\" data-image-title=\"3D00BA66-D919-4B10-A9D3-364EC5F631AB\" data-image-description=\"\" data-image-caption=\"\" data-medium-file=\"https:\/\/i0.wp.com\/blogdalucianaoliveira.com.br\/blog\/wp-content\/uploads\/2019\/03\/3D00BA66-D919-4B10-A9D3-364EC5F631AB.jpeg?fit=300%2C148\" data-large-file=\"https:\/\/i0.wp.com\/blogdalucianaoliveira.com.br\/blog\/wp-content\/uploads\/2019\/03\/3D00BA66-D919-4B10-A9D3-364EC5F631AB.jpeg?fit=600%2C296\" src=\"https:\/\/i0.wp.com\/blogdalucianaoliveira.com.br\/blog\/wp-content\/uploads\/2019\/03\/3D00BA66-D919-4B10-A9D3-364EC5F631AB.jpeg?resize=600%2C296\" alt=\"3D00BA66-D919-4B10-A9D3-364EC5F631AB\" width=\"600\" height=\"296\" class=\"alignnone size-full wp-image-20923\" srcset=\"https:\/\/i0.wp.com\/blogdalucianaoliveira.com.br\/blog\/wp-content\/uploads\/2019\/03\/3D00BA66-D919-4B10-A9D3-364EC5F631AB.jpeg?w=600 600w, https:\/\/i0.wp.com\/blogdalucianaoliveira.com.br\/blog\/wp-content\/uploads\/2019\/03\/3D00BA66-D919-4B10-A9D3-364EC5F631AB.jpeg?resize=300%2C148 300w\" sizes=\"auto, (max-width: 600px) 100vw, 600px\" \/><\/p>\n<p>Observe o que se passou neste pa\u00eds a partir de 2014.<!--more--><\/p>\n<p>No DCM, por Fernando Brito <\/p>\n<p>Desde ent\u00e3o, as for\u00e7as de direita, os conservadores, a m\u00eddia e o Judici\u00e1rio foram construindo uma unidade pol\u00edtica pr\u00e1tica que lhes permitisse reconquistar a classe m\u00e9dia, eliminar os pol\u00edticos de esquerda \u2013 ou ao menos isolar os petistas dos demais \u2013 e reconquistar a plenitude do poder que jamais deixou de gozar neste pa\u00eds, mas do qual, h\u00e1 uma d\u00fazia de anos, j\u00e1 n\u00e3o conseguiam exercer de forma desabrida.<\/p>\n<p>Queimaram seus \u00edcones mais antigos, de alguma forma ainda impregnados de alguma ideia de conv\u00edvio democr\u00e1tico e passaram a usar o golpismo, a histeria e, sobretudo, o moralismo com que preencheram sua falta de um programa para o Brasil e seu povo.<\/p>\n<p>Nem \u00e9 preciso dizer o qu\u00e3o c\u00ednico \u00e9 este fundamentalismo, basta ver a situa\u00e7\u00e3o dos que lhe serviram, nestes anos, como instrumentos: A\u00e9cio Neves, Eduardo Cunha, Michel Temer e, agora, Jair Bolsonaro.<\/p>\n<p>Claro, eles foram deixando ao longo do caminho os corpos politicamente carbonizados dos que lhes serviram, mas levaram t\u00e3o longe a perda da raz\u00e3o que lhes sobrou uma situa\u00e7\u00e3o autof\u00e1gica, onde ju\u00edzes e promotores tornaram-se planta carn\u00edvoras inaci\u00e1veis, um tosco fundamentalista est\u00e1 no Governo e as for\u00e7as armadas v\u00e3o ocupando todos os espa\u00e7os de dire\u00e7\u00e3o dos assuntos nacionais.<\/p>\n<p>J\u00e1 n\u00e3o t\u00eam como deixar de perceber que este arranjo s\u00f3 sobrevive se puder se alimentar de carne humana, devorada em frenesis totalit\u00e1rios. E cada um teme ser o pr\u00f3ximo.<\/p>\n<p>Sobrou-lhes um \u00fanico liame, um elo que aida os mant\u00eam pr\u00f3ximos: a destrui\u00e7\u00e3o do pa\u00eds e o saque sobre os parcos direitos de seu povo. Vender o patrim\u00f4nio, a soberania e dissolver as garantias sociais da popula\u00e7\u00e3o ainda \u00e9 o  fiapo de unidade que os re\u00fane.<\/p>\n<p>Mas ele pr\u00f3prio vai se rompendo, porque a f\u00faria com que se emprega em sua destrui\u00e7\u00e3o e os privil\u00e9gios das camadas do Estado que tutelam este estado de coisas s\u00e3o evidentes demais para conservarem uma apar\u00eancia de legitimidade.<\/p>\n<p>O pensamento e a a\u00e7\u00e3o em favor do povo brasileiro n\u00e3o pode deixar de considerar, de forma permanente e mais ainda no momento em que o bloco de for\u00e7as do atraso se fissura t\u00e3o generalizadamente que manter as liberdades p\u00fablicas, as garantias jur\u00eddicas e o que resta das conquistas sociais se sobrep\u00f5e a todas nossas m\u00e1goas, rancores e at\u00e9 \u00e0 repugn\u00e2ncia que nos causam as partes que se soltam do que era o mon\u00f3lito da direita.<\/p>\n","protected":false},"excerpt":{"rendered":"<p>Observe o que se passou neste pa\u00eds a partir de 2014.<\/p>\n","protected":false},"author":1,"featured_media":0,"comment_status":"closed","ping_status":"open","sticky":false,"template":"","format":"standard","meta":{"_exactmetrics_skip_tracking":false,"_exactmetrics_sitenote_active":false,"_exactmetrics_sitenote_note":"","_exactmetrics_sitenote_category":0,"jetpack_post_was_ever_published":false,"_jetpack_newsletter_access":"","_jetpack_dont_email_post_to_subs":false,"_jetpack_newsletter_tier_id":0,"_jetpack_memberships_contains_paywalled_content":false,"_jetpack_memberships_contains_paid_content":false,"footnotes":"","jetpack_publicize_message":"","jetpack_publicize_feature_enabled":true,"jetpack_social_post_already_shared":true,"jetpack_social_options":{"image_generator_settings":{"template":"highway","enabled":false},"version":2}},"categories":[1],"tags":[],"class_list":["post-20927","post","type-post","status-publish","format-standard","hentry","category-notas"],"jetpack_publicize_connections":[],"jetpack_sharing_enabled":true,"jetpack_featured_media_url":"","jetpack_shortlink":"https:\/\/wp.me\/p7wKYW-5rx","jetpack-related-posts":[],"_links":{"self":[{"href":"http:\/\/blogdalucianaoliveira.com.br\/blog\/wp-json\/wp\/v2\/posts\/20927","targetHints":{"allow":["GET"]}}],"collection":[{"href":"http:\/\/blogdalucianaoliveira.com.br\/blog\/wp-json\/wp\/v2\/posts"}],"about":[{"href":"http:\/\/blogdalucianaoliveira.com.br\/blog\/wp-json\/wp\/v2\/types\/post"}],"author":[{"embeddable":true,"href":"http:\/\/blogdalucianaoliveira.com.br\/blog\/wp-json\/wp\/v2\/users\/1"}],"replies":[{"embeddable":true,"href":"http:\/\/blogdalucianaoliveira.com.br\/blog\/wp-json\/wp\/v2\/comments?post=20927"}],"version-history":[{"count":1,"href":"http:\/\/blogdalucianaoliveira.com.br\/blog\/wp-json\/wp\/v2\/posts\/20927\/revisions"}],"predecessor-version":[{"id":20928,"href":"http:\/\/blogdalucianaoliveira.com.br\/blog\/wp-json\/wp\/v2\/posts\/20927\/revisions\/20928"}],"wp:attachment":[{"href":"http:\/\/blogdalucianaoliveira.com.br\/blog\/wp-json\/wp\/v2\/media?parent=20927"}],"wp:term":[{"taxonomy":"category","embeddable":true,"href":"http:\/\/blogdalucianaoliveira.com.br\/blog\/wp-json\/wp\/v2\/categories?post=20927"},{"taxonomy":"post_tag","embeddable":true,"href":"http:\/\/blogdalucianaoliveira.com.br\/blog\/wp-json\/wp\/v2\/tags?post=20927"}],"curies":[{"name":"wp","href":"https:\/\/api.w.org\/{rel}","templated":true}]}}