{"id":20931,"date":"2019-03-22T11:45:12","date_gmt":"2019-03-22T15:45:12","guid":{"rendered":"http:\/\/blogdalucianaoliveira.com.br\/blog\/?p=20931"},"modified":"2019-03-22T11:45:12","modified_gmt":"2019-03-22T15:45:12","slug":"deputado-mauro-nazif-se-posiciona-sobre-reforma-da-previdencia","status":"publish","type":"post","link":"http:\/\/blogdalucianaoliveira.com.br\/blog\/2019\/03\/22\/deputado-mauro-nazif-se-posiciona-sobre-reforma-da-previdencia\/","title":{"rendered":"Deputado Mauro Nazif se posiciona sobre Reforma da Previd\u00eancia"},"content":{"rendered":"<p><img data-recalc-dims=\"1\" loading=\"lazy\" decoding=\"async\" data-attachment-id=\"20932\" data-permalink=\"http:\/\/blogdalucianaoliveira.com.br\/blog\/2019\/03\/22\/deputado-mauro-nazif-se-posiciona-sobre-reforma-da-previdencia\/7011188e-10ca-4160-830a-4ddee9fcb339\/\" data-orig-file=\"https:\/\/i0.wp.com\/blogdalucianaoliveira.com.br\/blog\/wp-content\/uploads\/2019\/03\/7011188E-10CA-4160-830A-4DDEE9FCB339.jpeg?fit=4032%2C3024\" data-orig-size=\"4032,3024\" data-comments-opened=\"0\" data-image-meta=\"{&quot;aperture&quot;:&quot;0&quot;,&quot;credit&quot;:&quot;&quot;,&quot;camera&quot;:&quot;&quot;,&quot;caption&quot;:&quot;&quot;,&quot;created_timestamp&quot;:&quot;0&quot;,&quot;copyright&quot;:&quot;&quot;,&quot;focal_length&quot;:&quot;0&quot;,&quot;iso&quot;:&quot;0&quot;,&quot;shutter_speed&quot;:&quot;0&quot;,&quot;title&quot;:&quot;&quot;,&quot;orientation&quot;:&quot;1&quot;}\" data-image-title=\"7011188E-10CA-4160-830A-4DDEE9FCB339\" data-image-description=\"\" data-image-caption=\"\" data-medium-file=\"https:\/\/i0.wp.com\/blogdalucianaoliveira.com.br\/blog\/wp-content\/uploads\/2019\/03\/7011188E-10CA-4160-830A-4DDEE9FCB339.jpeg?fit=300%2C225\" data-large-file=\"https:\/\/i0.wp.com\/blogdalucianaoliveira.com.br\/blog\/wp-content\/uploads\/2019\/03\/7011188E-10CA-4160-830A-4DDEE9FCB339.jpeg?fit=600%2C450\" src=\"https:\/\/i0.wp.com\/blogdalucianaoliveira.com.br\/blog\/wp-content\/uploads\/2019\/03\/7011188E-10CA-4160-830A-4DDEE9FCB339.jpeg?resize=600%2C450\" alt=\"7011188E-10CA-4160-830A-4DDEE9FCB339\" width=\"600\" height=\"450\" class=\"alignnone size-full wp-image-20932\" srcset=\"https:\/\/i0.wp.com\/blogdalucianaoliveira.com.br\/blog\/wp-content\/uploads\/2019\/03\/7011188E-10CA-4160-830A-4DDEE9FCB339.jpeg?w=4032 4032w, https:\/\/i0.wp.com\/blogdalucianaoliveira.com.br\/blog\/wp-content\/uploads\/2019\/03\/7011188E-10CA-4160-830A-4DDEE9FCB339.jpeg?resize=300%2C225 300w, https:\/\/i0.wp.com\/blogdalucianaoliveira.com.br\/blog\/wp-content\/uploads\/2019\/03\/7011188E-10CA-4160-830A-4DDEE9FCB339.jpeg?resize=768%2C576 768w, https:\/\/i0.wp.com\/blogdalucianaoliveira.com.br\/blog\/wp-content\/uploads\/2019\/03\/7011188E-10CA-4160-830A-4DDEE9FCB339.jpeg?resize=1024%2C768 1024w, https:\/\/i0.wp.com\/blogdalucianaoliveira.com.br\/blog\/wp-content\/uploads\/2019\/03\/7011188E-10CA-4160-830A-4DDEE9FCB339.jpeg?resize=400%2C300 400w, https:\/\/i0.wp.com\/blogdalucianaoliveira.com.br\/blog\/wp-content\/uploads\/2019\/03\/7011188E-10CA-4160-830A-4DDEE9FCB339.jpeg?w=1200 1200w, https:\/\/i0.wp.com\/blogdalucianaoliveira.com.br\/blog\/wp-content\/uploads\/2019\/03\/7011188E-10CA-4160-830A-4DDEE9FCB339.jpeg?w=1800 1800w\" sizes=\"auto, (max-width: 600px) 100vw, 600px\" \/><\/p>\n<p>Deputado federal Mauro Nazif se posicionou sobre a Reforma da Previd\u00eancia em ato de mobiliza\u00e7\u00e3o nacional no Sintero.<\/p>\n<p>\u201cVou votar pelo meu filho. Porque se eu votar pelo meu filho, vou votar pelo filho de todos voc\u00eas\u201d.<!--more--><\/p>\n<div class=\"fb-post\" data-href=\"https:\/\/www.facebook.com\/100001977379087\/posts\/2258855700856987?sfns=vcl\" data-width=\"552\"><\/div>\n","protected":false},"excerpt":{"rendered":"<p>Deputado federal Mauro Nazif se posicionou sobre a Reforma da Previd\u00eancia em ato de mobiliza\u00e7\u00e3o nacional no Sintero. \u201cVou votar pelo meu filho. Porque se eu votar pelo meu filho, vou votar pelo filho de todos voc\u00eas\u201d.<\/p>\n","protected":false},"author":1,"featured_media":0,"comment_status":"closed","ping_status":"open","sticky":false,"template":"","format":"standard","meta":{"_exactmetrics_skip_tracking":false,"_exactmetrics_sitenote_active":false,"_exactmetrics_sitenote_note":"","_exactmetrics_sitenote_category":0,"jetpack_post_was_ever_published":false,"_jetpack_newsletter_access":"","_jetpack_dont_email_post_to_subs":false,"_jetpack_newsletter_tier_id":0,"_jetpack_memberships_contains_paywalled_content":false,"_jetpack_memberships_contains_paid_content":false,"footnotes":"","jetpack_publicize_message":"","jetpack_publicize_feature_enabled":true,"jetpack_social_post_already_shared":true,"jetpack_social_options":{"image_generator_settings":{"template":"highway","enabled":false},"version":2}},"categories":[1],"tags":[],"class_list":["post-20931","post","type-post","status-publish","format-standard","hentry","category-notas"],"jetpack_publicize_connections":[],"jetpack_sharing_enabled":true,"jetpack_featured_media_url":"","jetpack_shortlink":"https:\/\/wp.me\/p7wKYW-5rB","jetpack-related-posts":[],"_links":{"self":[{"href":"http:\/\/blogdalucianaoliveira.com.br\/blog\/wp-json\/wp\/v2\/posts\/20931","targetHints":{"allow":["GET"]}}],"collection":[{"href":"http:\/\/blogdalucianaoliveira.com.br\/blog\/wp-json\/wp\/v2\/posts"}],"about":[{"href":"http:\/\/blogdalucianaoliveira.com.br\/blog\/wp-json\/wp\/v2\/types\/post"}],"author":[{"embeddable":true,"href":"http:\/\/blogdalucianaoliveira.com.br\/blog\/wp-json\/wp\/v2\/users\/1"}],"replies":[{"embeddable":true,"href":"http:\/\/blogdalucianaoliveira.com.br\/blog\/wp-json\/wp\/v2\/comments?post=20931"}],"version-history":[{"count":1,"href":"http:\/\/blogdalucianaoliveira.com.br\/blog\/wp-json\/wp\/v2\/posts\/20931\/revisions"}],"predecessor-version":[{"id":20933,"href":"http:\/\/blogdalucianaoliveira.com.br\/blog\/wp-json\/wp\/v2\/posts\/20931\/revisions\/20933"}],"wp:attachment":[{"href":"http:\/\/blogdalucianaoliveira.com.br\/blog\/wp-json\/wp\/v2\/media?parent=20931"}],"wp:term":[{"taxonomy":"category","embeddable":true,"href":"http:\/\/blogdalucianaoliveira.com.br\/blog\/wp-json\/wp\/v2\/categories?post=20931"},{"taxonomy":"post_tag","embeddable":true,"href":"http:\/\/blogdalucianaoliveira.com.br\/blog\/wp-json\/wp\/v2\/tags?post=20931"}],"curies":[{"name":"wp","href":"https:\/\/api.w.org\/{rel}","templated":true}]}}