{"id":20934,"date":"2019-03-22T11:49:43","date_gmt":"2019-03-22T15:49:43","guid":{"rendered":"http:\/\/blogdalucianaoliveira.com.br\/blog\/?p=20934"},"modified":"2019-03-22T11:50:25","modified_gmt":"2019-03-22T15:50:25","slug":"deputado-expedito-neto-se-compromete-votar-a-favor-dos-trabalhadores-na-reforma-da-previdencia","status":"publish","type":"post","link":"http:\/\/blogdalucianaoliveira.com.br\/blog\/2019\/03\/22\/deputado-expedito-neto-se-compromete-votar-a-favor-dos-trabalhadores-na-reforma-da-previdencia\/","title":{"rendered":"Deputado Expedito Neto se compromete em votar a favor dos trabalhadores na Reforma Da Previd\u00eancia"},"content":{"rendered":"<p><img data-recalc-dims=\"1\" loading=\"lazy\" decoding=\"async\" data-attachment-id=\"20935\" data-permalink=\"http:\/\/blogdalucianaoliveira.com.br\/blog\/2019\/03\/22\/deputado-expedito-neto-se-compromete-votar-a-favor-dos-trabalhadores-na-reforma-da-previdencia\/35ba2ab8-ca81-4c1f-8e83-c047f269730d\/\" data-orig-file=\"https:\/\/i0.wp.com\/blogdalucianaoliveira.com.br\/blog\/wp-content\/uploads\/2019\/03\/35BA2AB8-CA81-4C1F-8E83-C047F269730D.jpeg?fit=4032%2C3024\" data-orig-size=\"4032,3024\" data-comments-opened=\"0\" data-image-meta=\"{&quot;aperture&quot;:&quot;1.8&quot;,&quot;credit&quot;:&quot;&quot;,&quot;camera&quot;:&quot;iPhone 7&quot;,&quot;caption&quot;:&quot;&quot;,&quot;created_timestamp&quot;:&quot;1553251936&quot;,&quot;copyright&quot;:&quot;&quot;,&quot;focal_length&quot;:&quot;3.99&quot;,&quot;iso&quot;:&quot;25&quot;,&quot;shutter_speed&quot;:&quot;0.025&quot;,&quot;title&quot;:&quot;&quot;,&quot;orientation&quot;:&quot;0&quot;}\" data-image-title=\"35BA2AB8-CA81-4C1F-8E83-C047F269730D\" data-image-description=\"\" data-image-caption=\"\" data-medium-file=\"https:\/\/i0.wp.com\/blogdalucianaoliveira.com.br\/blog\/wp-content\/uploads\/2019\/03\/35BA2AB8-CA81-4C1F-8E83-C047F269730D.jpeg?fit=300%2C225\" data-large-file=\"https:\/\/i0.wp.com\/blogdalucianaoliveira.com.br\/blog\/wp-content\/uploads\/2019\/03\/35BA2AB8-CA81-4C1F-8E83-C047F269730D.jpeg?fit=600%2C450\" src=\"https:\/\/i0.wp.com\/blogdalucianaoliveira.com.br\/blog\/wp-content\/uploads\/2019\/03\/35BA2AB8-CA81-4C1F-8E83-C047F269730D.jpeg?resize=600%2C450\" alt=\"35BA2AB8-CA81-4C1F-8E83-C047F269730D\" width=\"600\" height=\"450\" class=\"alignnone size-full wp-image-20935\" srcset=\"https:\/\/i0.wp.com\/blogdalucianaoliveira.com.br\/blog\/wp-content\/uploads\/2019\/03\/35BA2AB8-CA81-4C1F-8E83-C047F269730D.jpeg?w=4032 4032w, https:\/\/i0.wp.com\/blogdalucianaoliveira.com.br\/blog\/wp-content\/uploads\/2019\/03\/35BA2AB8-CA81-4C1F-8E83-C047F269730D.jpeg?resize=300%2C225 300w, https:\/\/i0.wp.com\/blogdalucianaoliveira.com.br\/blog\/wp-content\/uploads\/2019\/03\/35BA2AB8-CA81-4C1F-8E83-C047F269730D.jpeg?resize=768%2C576 768w, https:\/\/i0.wp.com\/blogdalucianaoliveira.com.br\/blog\/wp-content\/uploads\/2019\/03\/35BA2AB8-CA81-4C1F-8E83-C047F269730D.jpeg?resize=1024%2C768 1024w, https:\/\/i0.wp.com\/blogdalucianaoliveira.com.br\/blog\/wp-content\/uploads\/2019\/03\/35BA2AB8-CA81-4C1F-8E83-C047F269730D.jpeg?resize=400%2C300 400w, https:\/\/i0.wp.com\/blogdalucianaoliveira.com.br\/blog\/wp-content\/uploads\/2019\/03\/35BA2AB8-CA81-4C1F-8E83-C047F269730D.jpeg?w=1200 1200w, https:\/\/i0.wp.com\/blogdalucianaoliveira.com.br\/blog\/wp-content\/uploads\/2019\/03\/35BA2AB8-CA81-4C1F-8E83-C047F269730D.jpeg?w=1800 1800w\" sizes=\"auto, (max-width: 600px) 100vw, 600px\" \/><\/p>\n<p>O Deputado Expedito Neto falou aos trabalhadores em Porto Velho, no Sintero, no ato pelo Dia Nacional de Luta Contra a Destrui\u00e7\u00e3o Da Previd\u00eancia P\u00fablica.<\/p>\n<p>\u201cEsse \u00e9 um governo que n\u00e3o tem di\u00e1logo. Eu n\u00e3o t\u00f4 l\u00e1 pra babar ovo de Bolsonaro!\u201d<!--more--><\/p>\n<div class=\"fb-video\" data-allowfullscreen=\"true\" data-href=\"https:\/\/www.facebook.com\/luciana.oliveira.75457\/videos\/2258832617525962\/\"><\/div>\n","protected":false},"excerpt":{"rendered":"<p>O Deputado Expedito Neto falou aos trabalhadores em Porto Velho, no Sintero, no ato pelo Dia Nacional de Luta Contra a Destrui\u00e7\u00e3o Da Previd\u00eancia P\u00fablica. \u201cEsse \u00e9 um governo que n\u00e3o tem di\u00e1logo. Eu n\u00e3o t\u00f4 l\u00e1 pra babar ovo de Bolsonaro!\u201d<\/p>\n","protected":false},"author":1,"featured_media":0,"comment_status":"closed","ping_status":"open","sticky":false,"template":"","format":"standard","meta":{"_exactmetrics_skip_tracking":false,"_exactmetrics_sitenote_active":false,"_exactmetrics_sitenote_note":"","_exactmetrics_sitenote_category":0,"jetpack_post_was_ever_published":false,"_jetpack_newsletter_access":"","_jetpack_dont_email_post_to_subs":false,"_jetpack_newsletter_tier_id":0,"_jetpack_memberships_contains_paywalled_content":false,"_jetpack_memberships_contains_paid_content":false,"footnotes":"","jetpack_publicize_message":"","jetpack_publicize_feature_enabled":true,"jetpack_social_post_already_shared":true,"jetpack_social_options":{"image_generator_settings":{"template":"highway","enabled":false},"version":2}},"categories":[1],"tags":[],"class_list":["post-20934","post","type-post","status-publish","format-standard","hentry","category-notas"],"jetpack_publicize_connections":[],"jetpack_sharing_enabled":true,"jetpack_featured_media_url":"","jetpack_shortlink":"https:\/\/wp.me\/p7wKYW-5rE","jetpack-related-posts":[],"_links":{"self":[{"href":"http:\/\/blogdalucianaoliveira.com.br\/blog\/wp-json\/wp\/v2\/posts\/20934","targetHints":{"allow":["GET"]}}],"collection":[{"href":"http:\/\/blogdalucianaoliveira.com.br\/blog\/wp-json\/wp\/v2\/posts"}],"about":[{"href":"http:\/\/blogdalucianaoliveira.com.br\/blog\/wp-json\/wp\/v2\/types\/post"}],"author":[{"embeddable":true,"href":"http:\/\/blogdalucianaoliveira.com.br\/blog\/wp-json\/wp\/v2\/users\/1"}],"replies":[{"embeddable":true,"href":"http:\/\/blogdalucianaoliveira.com.br\/blog\/wp-json\/wp\/v2\/comments?post=20934"}],"version-history":[{"count":2,"href":"http:\/\/blogdalucianaoliveira.com.br\/blog\/wp-json\/wp\/v2\/posts\/20934\/revisions"}],"predecessor-version":[{"id":20937,"href":"http:\/\/blogdalucianaoliveira.com.br\/blog\/wp-json\/wp\/v2\/posts\/20934\/revisions\/20937"}],"wp:attachment":[{"href":"http:\/\/blogdalucianaoliveira.com.br\/blog\/wp-json\/wp\/v2\/media?parent=20934"}],"wp:term":[{"taxonomy":"category","embeddable":true,"href":"http:\/\/blogdalucianaoliveira.com.br\/blog\/wp-json\/wp\/v2\/categories?post=20934"},{"taxonomy":"post_tag","embeddable":true,"href":"http:\/\/blogdalucianaoliveira.com.br\/blog\/wp-json\/wp\/v2\/tags?post=20934"}],"curies":[{"name":"wp","href":"https:\/\/api.w.org\/{rel}","templated":true}]}}