{"id":20961,"date":"2019-03-25T12:14:31","date_gmt":"2019-03-25T16:14:31","guid":{"rendered":"http:\/\/blogdalucianaoliveira.com.br\/blog\/?p=20961"},"modified":"2019-03-25T12:14:31","modified_gmt":"2019-03-25T16:14:31","slug":"paralisacao-contra-municipalizacao-da-saude-indigena","status":"publish","type":"post","link":"http:\/\/blogdalucianaoliveira.com.br\/blog\/2019\/03\/25\/paralisacao-contra-municipalizacao-da-saude-indigena\/","title":{"rendered":"Paralisa\u00e7\u00e3o contra municipaliza\u00e7\u00e3o da sa\u00fade ind\u00edgena"},"content":{"rendered":"<div class=\"fb-video\" data-allowfullscreen=\"true\" data-href=\"https:\/\/www.facebook.com\/luciana.oliveira.75457\/videos\/2263068817102342\/\"><\/div>\n<p>PARALISA\u00c7\u00c3O <\/p>\n<p>Nesta segunda-feira, lideran\u00e7as ind\u00edgenas dos p\u00f3los base de Porto Velho, Ji-Paran\u00e1, Alta Floresta, Jar\u00fa, Humait\u00e1 e Guajar\u00e1 Mirim, Representante do SINDICOPSI dos trabalhadores de abrang\u00eancia do DSEI\/PVH, juntamente com os presidentes de Conselho Local paralisam o DSEI\/PVH. <\/p>\n<p>No DSEI, localizado na Rafael Vaz E Silva, 2646, no bairro Liberdade. <\/p>\n<p>Contra a municipaliza\u00e7\u00e3o da sa\u00fade ind\u00edgena, extin\u00e7\u00e3o da SESAI e atraso de pagamento dos trabalhadores da sa\u00fade ind\u00edgena.<\/p>\n","protected":false},"excerpt":{"rendered":"<p>PARALISA\u00c7\u00c3O Nesta segunda-feira, lideran\u00e7as ind\u00edgenas dos p\u00f3los base de Porto Velho, Ji-Paran\u00e1, Alta Floresta, Jar\u00fa, Humait\u00e1 e Guajar\u00e1 Mirim, Representante do SINDICOPSI dos trabalhadores de abrang\u00eancia do DSEI\/PVH, juntamente com os presidentes de Conselho Local paralisam o DSEI\/PVH. No DSEI, localizado na Rafael Vaz E Silva, 2646, no bairro Liberdade. Contra a municipaliza\u00e7\u00e3o da sa\u00fade&#8230;<a class=\"more-link\" href=\"http:\/\/blogdalucianaoliveira.com.br\/blog\/2019\/03\/25\/paralisacao-contra-municipalizacao-da-saude-indigena\/\">Continue a leitura <span class=\"meta-nav\">&raquo;<\/span><\/a><\/p>\n","protected":false},"author":1,"featured_media":0,"comment_status":"closed","ping_status":"open","sticky":false,"template":"","format":"standard","meta":{"_exactmetrics_skip_tracking":false,"_exactmetrics_sitenote_active":false,"_exactmetrics_sitenote_note":"","_exactmetrics_sitenote_category":0,"jetpack_post_was_ever_published":false,"_jetpack_newsletter_access":"","_jetpack_dont_email_post_to_subs":false,"_jetpack_newsletter_tier_id":0,"_jetpack_memberships_contains_paywalled_content":false,"_jetpack_memberships_contains_paid_content":false,"footnotes":"","jetpack_publicize_message":"","jetpack_publicize_feature_enabled":true,"jetpack_social_post_already_shared":true,"jetpack_social_options":{"image_generator_settings":{"template":"highway","enabled":false},"version":2}},"categories":[1],"tags":[],"class_list":["post-20961","post","type-post","status-publish","format-standard","hentry","category-notas"],"jetpack_publicize_connections":[],"jetpack_sharing_enabled":true,"jetpack_featured_media_url":"","jetpack_shortlink":"https:\/\/wp.me\/p7wKYW-5s5","jetpack-related-posts":[],"_links":{"self":[{"href":"http:\/\/blogdalucianaoliveira.com.br\/blog\/wp-json\/wp\/v2\/posts\/20961","targetHints":{"allow":["GET"]}}],"collection":[{"href":"http:\/\/blogdalucianaoliveira.com.br\/blog\/wp-json\/wp\/v2\/posts"}],"about":[{"href":"http:\/\/blogdalucianaoliveira.com.br\/blog\/wp-json\/wp\/v2\/types\/post"}],"author":[{"embeddable":true,"href":"http:\/\/blogdalucianaoliveira.com.br\/blog\/wp-json\/wp\/v2\/users\/1"}],"replies":[{"embeddable":true,"href":"http:\/\/blogdalucianaoliveira.com.br\/blog\/wp-json\/wp\/v2\/comments?post=20961"}],"version-history":[{"count":1,"href":"http:\/\/blogdalucianaoliveira.com.br\/blog\/wp-json\/wp\/v2\/posts\/20961\/revisions"}],"predecessor-version":[{"id":20962,"href":"http:\/\/blogdalucianaoliveira.com.br\/blog\/wp-json\/wp\/v2\/posts\/20961\/revisions\/20962"}],"wp:attachment":[{"href":"http:\/\/blogdalucianaoliveira.com.br\/blog\/wp-json\/wp\/v2\/media?parent=20961"}],"wp:term":[{"taxonomy":"category","embeddable":true,"href":"http:\/\/blogdalucianaoliveira.com.br\/blog\/wp-json\/wp\/v2\/categories?post=20961"},{"taxonomy":"post_tag","embeddable":true,"href":"http:\/\/blogdalucianaoliveira.com.br\/blog\/wp-json\/wp\/v2\/tags?post=20961"}],"curies":[{"name":"wp","href":"https:\/\/api.w.org\/{rel}","templated":true}]}}