{"id":20965,"date":"2019-03-25T13:04:52","date_gmt":"2019-03-25T17:04:52","guid":{"rendered":"http:\/\/blogdalucianaoliveira.com.br\/blog\/?p=20965"},"modified":"2019-03-25T13:04:52","modified_gmt":"2019-03-25T17:04:52","slug":"ou-o-brasil-acaba-com-bolsonaro-ou-bolsonaro-acaba-com-o-brasil","status":"publish","type":"post","link":"http:\/\/blogdalucianaoliveira.com.br\/blog\/2019\/03\/25\/ou-o-brasil-acaba-com-bolsonaro-ou-bolsonaro-acaba-com-o-brasil\/","title":{"rendered":"OU O BRASIL ACABA COM BOLSONARO OU BOLSONARO ACABA COM O BRASIL"},"content":{"rendered":"<p><img data-recalc-dims=\"1\" loading=\"lazy\" decoding=\"async\" data-attachment-id=\"20966\" data-permalink=\"http:\/\/blogdalucianaoliveira.com.br\/blog\/2019\/03\/25\/ou-o-brasil-acaba-com-bolsonaro-ou-bolsonaro-acaba-com-o-brasil\/d3bf1ac5-b934-40c9-ba80-a1bb779403fe\/\" data-orig-file=\"https:\/\/i0.wp.com\/blogdalucianaoliveira.com.br\/blog\/wp-content\/uploads\/2019\/03\/D3BF1AC5-B934-40C9-BA80-A1BB779403FE.jpeg?fit=493%2C280\" data-orig-size=\"493,280\" data-comments-opened=\"0\" data-image-meta=\"{&quot;aperture&quot;:&quot;0&quot;,&quot;credit&quot;:&quot;&quot;,&quot;camera&quot;:&quot;&quot;,&quot;caption&quot;:&quot;&quot;,&quot;created_timestamp&quot;:&quot;0&quot;,&quot;copyright&quot;:&quot;&quot;,&quot;focal_length&quot;:&quot;0&quot;,&quot;iso&quot;:&quot;0&quot;,&quot;shutter_speed&quot;:&quot;0&quot;,&quot;title&quot;:&quot;&quot;,&quot;orientation&quot;:&quot;0&quot;}\" data-image-title=\"D3BF1AC5-B934-40C9-BA80-A1BB779403FE\" data-image-description=\"\" data-image-caption=\"\" data-medium-file=\"https:\/\/i0.wp.com\/blogdalucianaoliveira.com.br\/blog\/wp-content\/uploads\/2019\/03\/D3BF1AC5-B934-40C9-BA80-A1BB779403FE.jpeg?fit=300%2C170\" data-large-file=\"https:\/\/i0.wp.com\/blogdalucianaoliveira.com.br\/blog\/wp-content\/uploads\/2019\/03\/D3BF1AC5-B934-40C9-BA80-A1BB779403FE.jpeg?fit=493%2C280\" src=\"https:\/\/i0.wp.com\/blogdalucianaoliveira.com.br\/blog\/wp-content\/uploads\/2019\/03\/D3BF1AC5-B934-40C9-BA80-A1BB779403FE.jpeg?resize=493%2C280\" alt=\"D3BF1AC5-B934-40C9-BA80-A1BB779403FE\" width=\"493\" height=\"280\" class=\"alignnone size-full wp-image-20966\" srcset=\"https:\/\/i0.wp.com\/blogdalucianaoliveira.com.br\/blog\/wp-content\/uploads\/2019\/03\/D3BF1AC5-B934-40C9-BA80-A1BB779403FE.jpeg?w=493 493w, https:\/\/i0.wp.com\/blogdalucianaoliveira.com.br\/blog\/wp-content\/uploads\/2019\/03\/D3BF1AC5-B934-40C9-BA80-A1BB779403FE.jpeg?resize=300%2C170 300w\" sizes=\"auto, (max-width: 493px) 100vw, 493px\" \/><\/p>\n<p>Por Alex Solnik, colunista do 247 e membro do Jornalistas pela Democracia &#8211; O bot\u00e2nico franc\u00eas Auguste Saint Hilaire, em sua passagem de seis anos pelo Brasil, entre 1816 e 1822, escreveu um livro em v\u00e1rios volumes \u2013 \u201cVoyages dans l\u2019interieur du Br\u00e9sil\u201d \u2013que ficou c\u00e9lebre por uma frase:<\/p>\n<p>\u201cOu o Brasil acaba com a sa\u00fava ou a sa\u00fava acaba com o Brasil\u201d.<!--more--><\/p>\n<p>Ele se referia a uma sa\u00fava literal e a problemas que causava \u00e0 lavoura brasileira, em especial \u00e0 de Minas Gerais.<\/p>\n<p>A frase pegou.<\/p>\n<p>Anos depois, em 1915, o escritor Lima Barreto a colocou na boca do protagonista de seu \u201cTriste fim de Policarpo Quaresma\u201d.<\/p>\n<p>A sa\u00fava, a\u00ed, transcendia o inseto malfeitor. Era uma sa\u00fava metaf\u00f3rica.<\/p>\n<p>Em 1928, M\u00e1rio de Andrade adaptou a frase em sua obra prima, \u201cMacuna\u00edma\u201d:<\/p>\n<p>\u201cMuita sa\u00fava e pouca sa\u00fade os males do Brasil s\u00e3o\u201d.<\/p>\n<p>Como o Brasil n\u00e3o acabou at\u00e9 agora, tudo indica que as sa\u00favas foram exterminadas.<\/p>\n<p>A praga que assola o pa\u00eds agora \u00e9 outra.<\/p>\n<p>Mais destrutiva que a das sa\u00favas \u2013 literais e metaf\u00f3ricas.<\/p>\n<p>Ou o Brasil acaba com Bolsonaro ou Bolsonaro acaba com o Brasil.<\/p>\n","protected":false},"excerpt":{"rendered":"<p>Por Alex Solnik, colunista do 247 e membro do Jornalistas pela Democracia &#8211; O bot\u00e2nico franc\u00eas Auguste Saint Hilaire, em sua passagem de seis anos pelo Brasil, entre 1816 e 1822, escreveu um livro em v\u00e1rios volumes \u2013 \u201cVoyages dans l\u2019interieur du Br\u00e9sil\u201d \u2013que ficou c\u00e9lebre por uma frase: \u201cOu o Brasil acaba com a&#8230;<a class=\"more-link\" href=\"http:\/\/blogdalucianaoliveira.com.br\/blog\/2019\/03\/25\/ou-o-brasil-acaba-com-bolsonaro-ou-bolsonaro-acaba-com-o-brasil\/\">Continue a leitura <span class=\"meta-nav\">&raquo;<\/span><\/a><\/p>\n","protected":false},"author":1,"featured_media":0,"comment_status":"closed","ping_status":"open","sticky":false,"template":"","format":"standard","meta":{"_exactmetrics_skip_tracking":false,"_exactmetrics_sitenote_active":false,"_exactmetrics_sitenote_note":"","_exactmetrics_sitenote_category":0,"jetpack_post_was_ever_published":false,"_jetpack_newsletter_access":"","_jetpack_dont_email_post_to_subs":false,"_jetpack_newsletter_tier_id":0,"_jetpack_memberships_contains_paywalled_content":false,"_jetpack_memberships_contains_paid_content":false,"footnotes":"","jetpack_publicize_message":"","jetpack_publicize_feature_enabled":true,"jetpack_social_post_already_shared":true,"jetpack_social_options":{"image_generator_settings":{"template":"highway","enabled":false},"version":2}},"categories":[1],"tags":[],"class_list":["post-20965","post","type-post","status-publish","format-standard","hentry","category-notas"],"jetpack_publicize_connections":[],"jetpack_sharing_enabled":true,"jetpack_featured_media_url":"","jetpack_shortlink":"https:\/\/wp.me\/p7wKYW-5s9","jetpack-related-posts":[],"_links":{"self":[{"href":"http:\/\/blogdalucianaoliveira.com.br\/blog\/wp-json\/wp\/v2\/posts\/20965","targetHints":{"allow":["GET"]}}],"collection":[{"href":"http:\/\/blogdalucianaoliveira.com.br\/blog\/wp-json\/wp\/v2\/posts"}],"about":[{"href":"http:\/\/blogdalucianaoliveira.com.br\/blog\/wp-json\/wp\/v2\/types\/post"}],"author":[{"embeddable":true,"href":"http:\/\/blogdalucianaoliveira.com.br\/blog\/wp-json\/wp\/v2\/users\/1"}],"replies":[{"embeddable":true,"href":"http:\/\/blogdalucianaoliveira.com.br\/blog\/wp-json\/wp\/v2\/comments?post=20965"}],"version-history":[{"count":1,"href":"http:\/\/blogdalucianaoliveira.com.br\/blog\/wp-json\/wp\/v2\/posts\/20965\/revisions"}],"predecessor-version":[{"id":20967,"href":"http:\/\/blogdalucianaoliveira.com.br\/blog\/wp-json\/wp\/v2\/posts\/20965\/revisions\/20967"}],"wp:attachment":[{"href":"http:\/\/blogdalucianaoliveira.com.br\/blog\/wp-json\/wp\/v2\/media?parent=20965"}],"wp:term":[{"taxonomy":"category","embeddable":true,"href":"http:\/\/blogdalucianaoliveira.com.br\/blog\/wp-json\/wp\/v2\/categories?post=20965"},{"taxonomy":"post_tag","embeddable":true,"href":"http:\/\/blogdalucianaoliveira.com.br\/blog\/wp-json\/wp\/v2\/tags?post=20965"}],"curies":[{"name":"wp","href":"https:\/\/api.w.org\/{rel}","templated":true}]}}