{"id":20973,"date":"2019-03-25T17:04:40","date_gmt":"2019-03-25T21:04:40","guid":{"rendered":"http:\/\/blogdalucianaoliveira.com.br\/blog\/?p=20973"},"modified":"2019-03-25T17:04:40","modified_gmt":"2019-03-25T21:04:40","slug":"os-caras-pintadas-de-bolsonaro","status":"publish","type":"post","link":"http:\/\/blogdalucianaoliveira.com.br\/blog\/2019\/03\/25\/os-caras-pintadas-de-bolsonaro\/","title":{"rendered":"OS CARAS PINTADAS DE BOLSONARO"},"content":{"rendered":"<p><img data-recalc-dims=\"1\" loading=\"lazy\" decoding=\"async\" data-attachment-id=\"20974\" data-permalink=\"http:\/\/blogdalucianaoliveira.com.br\/blog\/2019\/03\/25\/os-caras-pintadas-de-bolsonaro\/13091c53-73bf-4056-9034-d91b5e58da7c\/\" data-orig-file=\"https:\/\/i0.wp.com\/blogdalucianaoliveira.com.br\/blog\/wp-content\/uploads\/2019\/03\/13091C53-73BF-4056-9034-D91B5E58DA7C.jpeg?fit=490%2C280\" data-orig-size=\"490,280\" data-comments-opened=\"0\" data-image-meta=\"{&quot;aperture&quot;:&quot;0&quot;,&quot;credit&quot;:&quot;&quot;,&quot;camera&quot;:&quot;&quot;,&quot;caption&quot;:&quot;&quot;,&quot;created_timestamp&quot;:&quot;0&quot;,&quot;copyright&quot;:&quot;&quot;,&quot;focal_length&quot;:&quot;0&quot;,&quot;iso&quot;:&quot;0&quot;,&quot;shutter_speed&quot;:&quot;0&quot;,&quot;title&quot;:&quot;&quot;,&quot;orientation&quot;:&quot;0&quot;}\" data-image-title=\"13091C53-73BF-4056-9034-D91B5E58DA7C\" data-image-description=\"\" data-image-caption=\"\" data-medium-file=\"https:\/\/i0.wp.com\/blogdalucianaoliveira.com.br\/blog\/wp-content\/uploads\/2019\/03\/13091C53-73BF-4056-9034-D91B5E58DA7C.jpeg?fit=300%2C171\" data-large-file=\"https:\/\/i0.wp.com\/blogdalucianaoliveira.com.br\/blog\/wp-content\/uploads\/2019\/03\/13091C53-73BF-4056-9034-D91B5E58DA7C.jpeg?fit=490%2C280\" src=\"https:\/\/i0.wp.com\/blogdalucianaoliveira.com.br\/blog\/wp-content\/uploads\/2019\/03\/13091C53-73BF-4056-9034-D91B5E58DA7C.jpeg?resize=490%2C280\" alt=\"13091C53-73BF-4056-9034-D91B5E58DA7C\" width=\"490\" height=\"280\" class=\"alignnone size-full wp-image-20974\" srcset=\"https:\/\/i0.wp.com\/blogdalucianaoliveira.com.br\/blog\/wp-content\/uploads\/2019\/03\/13091C53-73BF-4056-9034-D91B5E58DA7C.jpeg?w=490 490w, https:\/\/i0.wp.com\/blogdalucianaoliveira.com.br\/blog\/wp-content\/uploads\/2019\/03\/13091C53-73BF-4056-9034-D91B5E58DA7C.jpeg?resize=300%2C171 300w\" sizes=\"auto, (max-width: 490px) 100vw, 490px\" \/><\/p>\n<p>Por Florestan Fernandes, para o Jornalistas pela Democracia &#8211; Em 2017 jantei com Fernando Pimentel em Belo Horizonte. Durante a conversa, o ent\u00e3o governador mineiro disse que naquele dia tinha ocorrido a formatura de uma turma da PM \u00e0 qual ele n\u00e3o compareceu. O motivo era o homenageado, nada menos que o deputado federal Jair Bolsonaro. Fernando contou que o capit\u00e3o estava viajando Brasil afora e sendo o paraninfo dos novos policiais militares. As solenidades sempre terminavam com sauda\u00e7\u00f5es parecidas com as dos militares fascistas de extrema-direita do passado.<!--more--><\/p>\n<p>Talvez tenha sido atrav\u00e9s dessas festas de formatura que Bolsonaro deu in\u00edcio \u00e0 sua enorme rede no WhatsApp, utilizando os n\u00fameros de celulares de PMs, de seus amigos e parentes. Depois vieram os contatos de fieis evang\u00e9licos e ruralistas. Neste fim de semana almocei com o jurista Celso Ant\u00f4nio Bandeira de Mello que l\u00e1 pelas tantas me disse que um oficial de alta patente contou a ele que Bolsonaro teria hoje sob seu controle o baixo escal\u00e3o do Ex\u00e9rcito. E que poderia estar jogando na desordem institucional para repetir, \u00e0 sua maneira, o que fez Get\u00falio Vargas no Estado Novo, ou o que tentou J\u00e2nio Quadros em 1961 na expectativa de voltar com plenos poderes nos bra\u00e7os do povo, fechar o Congresso Nacional, onde tinha minoria, e enquadrar os ministros do STF.<\/p>\n<p>Essa \u00e9 uma teoria que faz sentido e, se for verdadeira, n\u00e3o saiu dos dois neur\u00f4nios do capit\u00e3o. Teria sa\u00eddo de alguma ag\u00eancia de intelig\u00eancia com know how em golpes de Estado. Me ocorreu que foi justamente a CIA a principal articuladora dos movimentos golpistas que resultaram em um per\u00edodo longo de ditaduras militares nos pa\u00edses na Am\u00e9rica Latina nos anos 60 e 70. A ag\u00eancia de espionagem americana fez parte do roteiro de Bolsonaro em sua visita recente a Washington.<\/p>\n<p>Vale lembrar que, em 2009, o ex\u00e9rcito hondurenho sequestrou o presidente Manuel Zelaya e o enviou para o ex\u00edlio na Costa Rica. O golpe foi tramado para impedir que o presidente, eleito democraticamente, conseguisse convocar uma Assembleia Nacional Constituinte. Na \u00e9poca, o historiador e cientista pol\u00edtico Muniz Bandeira cravou o seguinte coment\u00e1rio: &#8220;Provavelmente, o golpe em Honduras contou com a ajuda de setores da CIA e do Pent\u00e1gono, que se alinham com os neoconservadores e se op\u00f5em ao presidente Barack Obama&#8221;. Dias depois do sequestro, Zelaya retornou a Honduras e tentou recuperar seu mandato. Sem sucesso, refugiou-se na embaixada do Brasil por quatro meses.<\/p>\n<p>Em 2012, o presidente do Paraguai Fernando Lugo foi destitu\u00eddo da presid\u00eancia num impeachment rel\u00e2mpago que durou pouco mais de 24 horas O julgamento a jato de Lugo, sem tempo nenhum para a defesa, se configurou num claro golpe de Estado. A decis\u00e3o j\u00e1 estava pronta e escrita. Por coincid\u00eancia, a embaixadora americana na \u00e9poca, Liliana Ayalde, era a mesma diplomata dos EUA no Brasil em 2016 durante o impeachment da presidenta Dilma Rousseff.<\/p>\n<p>O pressuposto para um golpe ter apoio e vingar \u00e9 a desordem institucional e social. Esses ingredientes sobram no Brasil do atual governo. Como disse o presidente da C\u00e2mara, Rodrigo Maia, o governo Bolsonaro \u00e9 um deserto de ideias. E n\u00e3o s\u00f3 de ideias, mas de quadros com o m\u00ednimo de compet\u00eancia para tocar os minist\u00e9rios. Se a CIA est\u00e1 por tr\u00e1s de tudo isso, s\u00f3 o tempo dir\u00e1. Mas \u00e9 bom ficar atento. N\u00e3o acho que existam ing\u00eanuos no poder. Bolsonaro como presidente da Rep\u00fablica \u00e9 o comandante em chefe das For\u00e7as Armadas e, certamente, tem apoio do pessoal do &#8220;baixo clero&#8221; do Ex\u00e9rcito, de PMs e at\u00e9 de ex-PMs que operam nas mil\u00edcias do pa\u00eds.<\/p>\n","protected":false},"excerpt":{"rendered":"<p>Por Florestan Fernandes, para o Jornalistas pela Democracia &#8211; Em 2017 jantei com Fernando Pimentel em Belo Horizonte. Durante a conversa, o ent\u00e3o governador mineiro disse que naquele dia tinha ocorrido a formatura de uma turma da PM \u00e0 qual ele n\u00e3o compareceu. O motivo era o homenageado, nada menos que o deputado federal Jair&#8230;<a class=\"more-link\" href=\"http:\/\/blogdalucianaoliveira.com.br\/blog\/2019\/03\/25\/os-caras-pintadas-de-bolsonaro\/\">Continue a leitura <span class=\"meta-nav\">&raquo;<\/span><\/a><\/p>\n","protected":false},"author":1,"featured_media":0,"comment_status":"closed","ping_status":"open","sticky":false,"template":"","format":"standard","meta":{"_exactmetrics_skip_tracking":false,"_exactmetrics_sitenote_active":false,"_exactmetrics_sitenote_note":"","_exactmetrics_sitenote_category":0,"jetpack_post_was_ever_published":false,"_jetpack_newsletter_access":"","_jetpack_dont_email_post_to_subs":false,"_jetpack_newsletter_tier_id":0,"_jetpack_memberships_contains_paywalled_content":false,"_jetpack_memberships_contains_paid_content":false,"footnotes":"","jetpack_publicize_message":"","jetpack_publicize_feature_enabled":true,"jetpack_social_post_already_shared":true,"jetpack_social_options":{"image_generator_settings":{"template":"highway","enabled":false},"version":2}},"categories":[1],"tags":[],"class_list":["post-20973","post","type-post","status-publish","format-standard","hentry","category-notas"],"jetpack_publicize_connections":[],"jetpack_sharing_enabled":true,"jetpack_featured_media_url":"","jetpack_shortlink":"https:\/\/wp.me\/p7wKYW-5sh","jetpack-related-posts":[],"_links":{"self":[{"href":"http:\/\/blogdalucianaoliveira.com.br\/blog\/wp-json\/wp\/v2\/posts\/20973","targetHints":{"allow":["GET"]}}],"collection":[{"href":"http:\/\/blogdalucianaoliveira.com.br\/blog\/wp-json\/wp\/v2\/posts"}],"about":[{"href":"http:\/\/blogdalucianaoliveira.com.br\/blog\/wp-json\/wp\/v2\/types\/post"}],"author":[{"embeddable":true,"href":"http:\/\/blogdalucianaoliveira.com.br\/blog\/wp-json\/wp\/v2\/users\/1"}],"replies":[{"embeddable":true,"href":"http:\/\/blogdalucianaoliveira.com.br\/blog\/wp-json\/wp\/v2\/comments?post=20973"}],"version-history":[{"count":1,"href":"http:\/\/blogdalucianaoliveira.com.br\/blog\/wp-json\/wp\/v2\/posts\/20973\/revisions"}],"predecessor-version":[{"id":20975,"href":"http:\/\/blogdalucianaoliveira.com.br\/blog\/wp-json\/wp\/v2\/posts\/20973\/revisions\/20975"}],"wp:attachment":[{"href":"http:\/\/blogdalucianaoliveira.com.br\/blog\/wp-json\/wp\/v2\/media?parent=20973"}],"wp:term":[{"taxonomy":"category","embeddable":true,"href":"http:\/\/blogdalucianaoliveira.com.br\/blog\/wp-json\/wp\/v2\/categories?post=20973"},{"taxonomy":"post_tag","embeddable":true,"href":"http:\/\/blogdalucianaoliveira.com.br\/blog\/wp-json\/wp\/v2\/tags?post=20973"}],"curies":[{"name":"wp","href":"https:\/\/api.w.org\/{rel}","templated":true}]}}