{"id":20980,"date":"2019-03-26T10:22:48","date_gmt":"2019-03-26T14:22:48","guid":{"rendered":"http:\/\/blogdalucianaoliveira.com.br\/blog\/?p=20980"},"modified":"2019-03-26T10:22:48","modified_gmt":"2019-03-26T14:22:48","slug":"em-25-de-marco-de-1964","status":"publish","type":"post","link":"http:\/\/blogdalucianaoliveira.com.br\/blog\/2019\/03\/26\/em-25-de-marco-de-1964\/","title":{"rendered":"Em 25 de mar\u00e7o de 1964"},"content":{"rendered":"<p><img data-recalc-dims=\"1\" loading=\"lazy\" decoding=\"async\" data-attachment-id=\"20981\" data-permalink=\"http:\/\/blogdalucianaoliveira.com.br\/blog\/2019\/03\/26\/em-25-de-marco-de-1964\/8fa833b1-be44-4494-9c4b-6b9bf729e6c9\/\" data-orig-file=\"https:\/\/i0.wp.com\/blogdalucianaoliveira.com.br\/blog\/wp-content\/uploads\/2019\/03\/8FA833B1-BE44-4494-9C4B-6B9BF729E6C9.jpeg?fit=450%2C494\" data-orig-size=\"450,494\" data-comments-opened=\"0\" data-image-meta=\"{&quot;aperture&quot;:&quot;0&quot;,&quot;credit&quot;:&quot;&quot;,&quot;camera&quot;:&quot;&quot;,&quot;caption&quot;:&quot;&quot;,&quot;created_timestamp&quot;:&quot;0&quot;,&quot;copyright&quot;:&quot;&quot;,&quot;focal_length&quot;:&quot;0&quot;,&quot;iso&quot;:&quot;0&quot;,&quot;shutter_speed&quot;:&quot;0&quot;,&quot;title&quot;:&quot;&quot;,&quot;orientation&quot;:&quot;1&quot;}\" data-image-title=\"8FA833B1-BE44-4494-9C4B-6B9BF729E6C9\" data-image-description=\"\" data-image-caption=\"\" data-medium-file=\"https:\/\/i0.wp.com\/blogdalucianaoliveira.com.br\/blog\/wp-content\/uploads\/2019\/03\/8FA833B1-BE44-4494-9C4B-6B9BF729E6C9.jpeg?fit=273%2C300\" data-large-file=\"https:\/\/i0.wp.com\/blogdalucianaoliveira.com.br\/blog\/wp-content\/uploads\/2019\/03\/8FA833B1-BE44-4494-9C4B-6B9BF729E6C9.jpeg?fit=450%2C494\" src=\"https:\/\/i0.wp.com\/blogdalucianaoliveira.com.br\/blog\/wp-content\/uploads\/2019\/03\/8FA833B1-BE44-4494-9C4B-6B9BF729E6C9.jpeg?resize=450%2C494\" alt=\"8FA833B1-BE44-4494-9C4B-6B9BF729E6C9\" width=\"450\" height=\"494\" class=\"alignnone size-full wp-image-20981\" srcset=\"https:\/\/i0.wp.com\/blogdalucianaoliveira.com.br\/blog\/wp-content\/uploads\/2019\/03\/8FA833B1-BE44-4494-9C4B-6B9BF729E6C9.jpeg?w=450 450w, https:\/\/i0.wp.com\/blogdalucianaoliveira.com.br\/blog\/wp-content\/uploads\/2019\/03\/8FA833B1-BE44-4494-9C4B-6B9BF729E6C9.jpeg?resize=273%2C300 273w\" sizes=\"auto, (max-width: 450px) 100vw, 450px\" \/><\/p>\n<p>\u201cAssim, mal dividido, esse mundo anda errado<br \/>\nQue a Terra \u00e9 do homem, n\u00e3o \u00e9 de Deus nem do Diabo\u201d<!--more--><\/p>\n<p>&#8220;O g\u00eanio, o mau-car\u00e1ter, o louco, o revolucion\u00e1rio \u00e9 Glauber Rocha, 25 anos, baiano, realizador de Deus e o diabo na terra do sol.<br \/>\nDizem que sofreu a influ\u00eancia de Kurosawa (sic).<br \/>\nDe Einstein (sic). De Bu\u00f1uel, De fulano, De sicrano..<br \/>\nTrata-se, por\u00e9m, de um filme de Glauber Rocha. [&#8230;]<br \/>\nApresentando Geraldo Del Rey no papel do vaqueiro que se transforma em beato e Yon\u00e1 Magalh\u00e3es vivendo sua mulher Rosa, que o acompanha pelos desesperados caminhos de Deus e o Diabo.<br \/>\nE Othon Bastos, na figura de Corisco, o diabo louro que plantou o inferno na terra, ao lado de S\u00f4nia dos Humildes, no papel de sua mulher Dad\u00e1.<br \/>\nMaur\u00edcio do Vale no papel do jagun\u00e7o Ant\u00f4nio das Mortes que, sem ter santo padroeiro, jurou em dez igrejas que cortaria a cabe\u00e7a de Corisco.<br \/>\nE mais o beato Sebasti\u00e3o, representado por L\u00eddio Silva, o deus negro que anunciava uma chuva de ouro do sol.&#8221;<\/p>\n<p>Carlos Leonam em sua coluna &#8220;&#8230;De Homem para Homem&#8221;, no Jornal do Brasil, comentando a inclus\u00e3o do filme de Glauber na sele\u00e7\u00e3o do Festival de Cannes do ano.<\/p>\n","protected":false},"excerpt":{"rendered":"<p>\u201cAssim, mal dividido, esse mundo anda errado Que a Terra \u00e9 do homem, n\u00e3o \u00e9 de Deus nem do Diabo\u201d<\/p>\n","protected":false},"author":1,"featured_media":0,"comment_status":"closed","ping_status":"open","sticky":false,"template":"","format":"standard","meta":{"_exactmetrics_skip_tracking":false,"_exactmetrics_sitenote_active":false,"_exactmetrics_sitenote_note":"","_exactmetrics_sitenote_category":0,"jetpack_post_was_ever_published":false,"_jetpack_newsletter_access":"","_jetpack_dont_email_post_to_subs":false,"_jetpack_newsletter_tier_id":0,"_jetpack_memberships_contains_paywalled_content":false,"_jetpack_memberships_contains_paid_content":false,"footnotes":"","jetpack_publicize_message":"","jetpack_publicize_feature_enabled":true,"jetpack_social_post_already_shared":true,"jetpack_social_options":{"image_generator_settings":{"template":"highway","enabled":false},"version":2}},"categories":[1],"tags":[],"class_list":["post-20980","post","type-post","status-publish","format-standard","hentry","category-notas"],"jetpack_publicize_connections":[],"jetpack_sharing_enabled":true,"jetpack_featured_media_url":"","jetpack_shortlink":"https:\/\/wp.me\/p7wKYW-5so","jetpack-related-posts":[],"_links":{"self":[{"href":"http:\/\/blogdalucianaoliveira.com.br\/blog\/wp-json\/wp\/v2\/posts\/20980","targetHints":{"allow":["GET"]}}],"collection":[{"href":"http:\/\/blogdalucianaoliveira.com.br\/blog\/wp-json\/wp\/v2\/posts"}],"about":[{"href":"http:\/\/blogdalucianaoliveira.com.br\/blog\/wp-json\/wp\/v2\/types\/post"}],"author":[{"embeddable":true,"href":"http:\/\/blogdalucianaoliveira.com.br\/blog\/wp-json\/wp\/v2\/users\/1"}],"replies":[{"embeddable":true,"href":"http:\/\/blogdalucianaoliveira.com.br\/blog\/wp-json\/wp\/v2\/comments?post=20980"}],"version-history":[{"count":1,"href":"http:\/\/blogdalucianaoliveira.com.br\/blog\/wp-json\/wp\/v2\/posts\/20980\/revisions"}],"predecessor-version":[{"id":20982,"href":"http:\/\/blogdalucianaoliveira.com.br\/blog\/wp-json\/wp\/v2\/posts\/20980\/revisions\/20982"}],"wp:attachment":[{"href":"http:\/\/blogdalucianaoliveira.com.br\/blog\/wp-json\/wp\/v2\/media?parent=20980"}],"wp:term":[{"taxonomy":"category","embeddable":true,"href":"http:\/\/blogdalucianaoliveira.com.br\/blog\/wp-json\/wp\/v2\/categories?post=20980"},{"taxonomy":"post_tag","embeddable":true,"href":"http:\/\/blogdalucianaoliveira.com.br\/blog\/wp-json\/wp\/v2\/tags?post=20980"}],"curies":[{"name":"wp","href":"https:\/\/api.w.org\/{rel}","templated":true}]}}