{"id":20987,"date":"2019-03-26T11:26:02","date_gmt":"2019-03-26T15:26:02","guid":{"rendered":"http:\/\/blogdalucianaoliveira.com.br\/blog\/?p=20987"},"modified":"2019-03-26T11:26:02","modified_gmt":"2019-03-26T15:26:02","slug":"esquerda-sela-alianca-por-lula-livre-brasil-soberano-e-contra-destruicao-da-previdencia","status":"publish","type":"post","link":"http:\/\/blogdalucianaoliveira.com.br\/blog\/2019\/03\/26\/esquerda-sela-alianca-por-lula-livre-brasil-soberano-e-contra-destruicao-da-previdencia\/","title":{"rendered":"ESQUERDA SELA ALIAN\u00c7A POR LULA LIVRE, BRASIL SOBERANO E CONTRA DESTRUI\u00c7\u00c3O DA PREVID\u00caNCIA"},"content":{"rendered":"<p><img data-recalc-dims=\"1\" loading=\"lazy\" decoding=\"async\" data-attachment-id=\"20988\" data-permalink=\"http:\/\/blogdalucianaoliveira.com.br\/blog\/2019\/03\/26\/esquerda-sela-alianca-por-lula-livre-brasil-soberano-e-contra-destruicao-da-previdencia\/es-7\/\" data-orig-file=\"https:\/\/i0.wp.com\/blogdalucianaoliveira.com.br\/blog\/wp-content\/uploads\/2019\/03\/es.jpg?fit=1000%2C357\" data-orig-size=\"1000,357\" data-comments-opened=\"0\" data-image-meta=\"{&quot;aperture&quot;:&quot;0&quot;,&quot;credit&quot;:&quot;&quot;,&quot;camera&quot;:&quot;&quot;,&quot;caption&quot;:&quot;&quot;,&quot;created_timestamp&quot;:&quot;0&quot;,&quot;copyright&quot;:&quot;&quot;,&quot;focal_length&quot;:&quot;0&quot;,&quot;iso&quot;:&quot;0&quot;,&quot;shutter_speed&quot;:&quot;0&quot;,&quot;title&quot;:&quot;&quot;,&quot;orientation&quot;:&quot;0&quot;}\" data-image-title=\"es\" data-image-description=\"\" data-image-caption=\"\" data-medium-file=\"https:\/\/i0.wp.com\/blogdalucianaoliveira.com.br\/blog\/wp-content\/uploads\/2019\/03\/es.jpg?fit=300%2C107\" data-large-file=\"https:\/\/i0.wp.com\/blogdalucianaoliveira.com.br\/blog\/wp-content\/uploads\/2019\/03\/es.jpg?fit=600%2C214\" src=\"https:\/\/i0.wp.com\/blogdalucianaoliveira.com.br\/blog\/wp-content\/uploads\/2019\/03\/es.jpg?resize=600%2C214\" alt=\"es\" width=\"600\" height=\"214\" class=\"alignnone size-full wp-image-20988\" srcset=\"https:\/\/i0.wp.com\/blogdalucianaoliveira.com.br\/blog\/wp-content\/uploads\/2019\/03\/es.jpg?w=1000 1000w, https:\/\/i0.wp.com\/blogdalucianaoliveira.com.br\/blog\/wp-content\/uploads\/2019\/03\/es.jpg?resize=300%2C107 300w, https:\/\/i0.wp.com\/blogdalucianaoliveira.com.br\/blog\/wp-content\/uploads\/2019\/03\/es.jpg?resize=768%2C274 768w, https:\/\/i0.wp.com\/blogdalucianaoliveira.com.br\/blog\/wp-content\/uploads\/2019\/03\/es.jpg?resize=800%2C286 800w\" sizes=\"auto, (max-width: 600px) 100vw, 600px\" \/><\/p>\n<p>247 \u2013 Num encontro realizado nesta manh\u00e3, em Bras\u00edlia, Fernando Haddad, do PT, Fl\u00e1vio Dino, do PC do B, Ricardo Coutinho, do PSB, e Guilherme Boulos e S\u00f4nia Guajajara, do Psol, selaram uma alian\u00e7a crucial em torno de quatro pilares: a defesa da democracia, atacada por Jair Bolsonaro, de um Brasil soberano, contra a entrega das riquezas nacionais, do Estado de Direito, que tem na liberdade do ex-presidente Lula um cap\u00edtulo crucial, e tamb\u00e9m da Previd\u00eancia P\u00fablica, atacada pela capitaliza\u00e7\u00e3o proposta por Paulo Guedes. <!--more--><\/p>\n<p>Leia a \u00edntegra do documento:<\/p>\n<p>Nota \u00e0 Imprensa<\/p>\n<p>Bras\u00edlia, 26 de mar\u00e7o de 2019<\/p>\n<p>Reunidos nesta manh\u00e3 em Bras\u00edlia, realizamos um debate sobre o atual momento nacional, especialmente considerando o r\u00e1pido e profundo desgaste do Governo Bolsonaro. Destacamos alguns pontos para reflex\u00e3o de toda a sociedade:<\/p>\n<p>1. Estamos atentos e mobilizados para evitar agudos retrocessos sociais, trazidos por esse projeto de Reforma da Previd\u00eancia, centrado no regime de capitaliza\u00e7\u00e3o e no corte de direitos dos mais pobres.<\/p>\n<p>2. Do mesmo modo, convidamos para a defesa da soberania nacional. Consideramos que por tr\u00e1s do suposto discurso patri\u00f3tico do atual governo h\u00e1, na pr\u00e1tica, atitudes marcadamente antinacionais, como vimos na recente visita presidencial aos Estados Unidos.<\/p>\n<p>3. Em face da absurda decis\u00e3o do Governo Bolsonaro de &#8220;comemorar&#8221; o Golpe Militar de 1964, no pr\u00f3ximo dia 31 de mar\u00e7o, manifestamos nossa solidariedade aos torturados e \u00e0s fam\u00edlias dos desaparecidos. Sublinhamos a centralidade da quest\u00e3o democr\u00e1tica, que se manifesta na defesa do Estado de Direito, das garantias fundamentais e no rep\u00fadio a atos de viol\u00eancia contra popula\u00e7\u00f5es pobres e exploradas, a exemplo das periferias, dos negros e dos \u00edndios. N\u00e3o aceitamos a criminaliza\u00e7\u00e3o dos movimentos sociais, uma vez que eles s\u00e3o essenciais para uma viv\u00eancia autenticamente democr\u00e1tica.<\/p>\n<p>Nesse contexto, \u00e9 urgente assegurar ao ex-presidente Lula seus direitos previstos em lei e tratamento ison\u00f4mico, n\u00e3o se justificando a manuten\u00e7\u00e3o de sua pris\u00e3o sem condena\u00e7\u00e3o transitada em julgado.<\/p>\n<p>Por fim, essa reuni\u00e3o expressa o desejo de ampla unidade do campo democr\u00e1tico para resistir aos retrocessos e oferecer propostas progressistas para o Brasil.<\/p>\n<p>Fernando Haddad<br \/>\nEx-candidato a presidente da Rep\u00fablica<\/p>\n<p>Guilherme Boulos<br \/>\nEx-candidato a presidente da Rep\u00fablica<\/p>\n<p>Fl\u00e1vio Dino<br \/>\nGovernador do Maranh\u00e3o<\/p>\n<p>Sonia Guajajajra<br \/>\nEx-candidata a vice-presidente da Rep\u00fablica<\/p>\n<p>Ricardo Coutinho<br \/>\nEx-governador da Para\u00edba<\/p>\n","protected":false},"excerpt":{"rendered":"<p>247 \u2013 Num encontro realizado nesta manh\u00e3, em Bras\u00edlia, Fernando Haddad, do PT, Fl\u00e1vio Dino, do PC do B, Ricardo Coutinho, do PSB, e Guilherme Boulos e S\u00f4nia Guajajara, do Psol, selaram uma alian\u00e7a crucial em torno de quatro pilares: a defesa da democracia, atacada por Jair Bolsonaro, de um Brasil soberano, contra a entrega&#8230;<a class=\"more-link\" href=\"http:\/\/blogdalucianaoliveira.com.br\/blog\/2019\/03\/26\/esquerda-sela-alianca-por-lula-livre-brasil-soberano-e-contra-destruicao-da-previdencia\/\">Continue a leitura <span class=\"meta-nav\">&raquo;<\/span><\/a><\/p>\n","protected":false},"author":1,"featured_media":0,"comment_status":"closed","ping_status":"open","sticky":false,"template":"","format":"standard","meta":{"_exactmetrics_skip_tracking":false,"_exactmetrics_sitenote_active":false,"_exactmetrics_sitenote_note":"","_exactmetrics_sitenote_category":0,"jetpack_post_was_ever_published":false,"_jetpack_newsletter_access":"","_jetpack_dont_email_post_to_subs":false,"_jetpack_newsletter_tier_id":0,"_jetpack_memberships_contains_paywalled_content":false,"_jetpack_memberships_contains_paid_content":false,"footnotes":"","jetpack_publicize_message":"","jetpack_publicize_feature_enabled":true,"jetpack_social_post_already_shared":true,"jetpack_social_options":{"image_generator_settings":{"template":"highway","enabled":false},"version":2}},"categories":[1],"tags":[],"class_list":["post-20987","post","type-post","status-publish","format-standard","hentry","category-notas"],"jetpack_publicize_connections":[],"jetpack_sharing_enabled":true,"jetpack_featured_media_url":"","jetpack_shortlink":"https:\/\/wp.me\/p7wKYW-5sv","jetpack-related-posts":[],"_links":{"self":[{"href":"http:\/\/blogdalucianaoliveira.com.br\/blog\/wp-json\/wp\/v2\/posts\/20987","targetHints":{"allow":["GET"]}}],"collection":[{"href":"http:\/\/blogdalucianaoliveira.com.br\/blog\/wp-json\/wp\/v2\/posts"}],"about":[{"href":"http:\/\/blogdalucianaoliveira.com.br\/blog\/wp-json\/wp\/v2\/types\/post"}],"author":[{"embeddable":true,"href":"http:\/\/blogdalucianaoliveira.com.br\/blog\/wp-json\/wp\/v2\/users\/1"}],"replies":[{"embeddable":true,"href":"http:\/\/blogdalucianaoliveira.com.br\/blog\/wp-json\/wp\/v2\/comments?post=20987"}],"version-history":[{"count":1,"href":"http:\/\/blogdalucianaoliveira.com.br\/blog\/wp-json\/wp\/v2\/posts\/20987\/revisions"}],"predecessor-version":[{"id":20989,"href":"http:\/\/blogdalucianaoliveira.com.br\/blog\/wp-json\/wp\/v2\/posts\/20987\/revisions\/20989"}],"wp:attachment":[{"href":"http:\/\/blogdalucianaoliveira.com.br\/blog\/wp-json\/wp\/v2\/media?parent=20987"}],"wp:term":[{"taxonomy":"category","embeddable":true,"href":"http:\/\/blogdalucianaoliveira.com.br\/blog\/wp-json\/wp\/v2\/categories?post=20987"},{"taxonomy":"post_tag","embeddable":true,"href":"http:\/\/blogdalucianaoliveira.com.br\/blog\/wp-json\/wp\/v2\/tags?post=20987"}],"curies":[{"name":"wp","href":"https:\/\/api.w.org\/{rel}","templated":true}]}}