{"id":21003,"date":"2019-03-27T11:58:03","date_gmt":"2019-03-27T15:58:03","guid":{"rendered":"http:\/\/blogdalucianaoliveira.com.br\/blog\/?p=21003"},"modified":"2019-03-27T11:58:03","modified_gmt":"2019-03-27T15:58:03","slug":"agradecer-o-que-a-essas-mulheres","status":"publish","type":"post","link":"http:\/\/blogdalucianaoliveira.com.br\/blog\/2019\/03\/27\/agradecer-o-que-a-essas-mulheres\/","title":{"rendered":"Agradecer o que a essas mulheres?"},"content":{"rendered":"<p><img data-recalc-dims=\"1\" loading=\"lazy\" decoding=\"async\" data-attachment-id=\"21004\" data-permalink=\"http:\/\/blogdalucianaoliveira.com.br\/blog\/2019\/03\/27\/agradecer-o-que-a-essas-mulheres\/cea580b5-c9c4-40f7-9a1a-17a2bafea648\/\" data-orig-file=\"https:\/\/i0.wp.com\/blogdalucianaoliveira.com.br\/blog\/wp-content\/uploads\/2019\/03\/CEA580B5-C9C4-40F7-9A1A-17A2BAFEA648.jpeg?fit=550%2C345\" data-orig-size=\"550,345\" data-comments-opened=\"0\" data-image-meta=\"{&quot;aperture&quot;:&quot;0&quot;,&quot;credit&quot;:&quot;&quot;,&quot;camera&quot;:&quot;&quot;,&quot;caption&quot;:&quot;&quot;,&quot;created_timestamp&quot;:&quot;0&quot;,&quot;copyright&quot;:&quot;&quot;,&quot;focal_length&quot;:&quot;0&quot;,&quot;iso&quot;:&quot;0&quot;,&quot;shutter_speed&quot;:&quot;0&quot;,&quot;title&quot;:&quot;&quot;,&quot;orientation&quot;:&quot;0&quot;}\" data-image-title=\"CEA580B5-C9C4-40F7-9A1A-17A2BAFEA648\" data-image-description=\"\" data-image-caption=\"\" data-medium-file=\"https:\/\/i0.wp.com\/blogdalucianaoliveira.com.br\/blog\/wp-content\/uploads\/2019\/03\/CEA580B5-C9C4-40F7-9A1A-17A2BAFEA648.jpeg?fit=300%2C188\" data-large-file=\"https:\/\/i0.wp.com\/blogdalucianaoliveira.com.br\/blog\/wp-content\/uploads\/2019\/03\/CEA580B5-C9C4-40F7-9A1A-17A2BAFEA648.jpeg?fit=550%2C345\" class=\"alignnone size-full wp-image-21004\" src=\"https:\/\/i0.wp.com\/blogdalucianaoliveira.com.br\/blog\/wp-content\/uploads\/2019\/03\/CEA580B5-C9C4-40F7-9A1A-17A2BAFEA648.jpeg?resize=550%2C345\" alt=\"CEA580B5-C9C4-40F7-9A1A-17A2BAFEA648\" width=\"550\" height=\"345\" srcset=\"https:\/\/i0.wp.com\/blogdalucianaoliveira.com.br\/blog\/wp-content\/uploads\/2019\/03\/CEA580B5-C9C4-40F7-9A1A-17A2BAFEA648.jpeg?w=550 550w, https:\/\/i0.wp.com\/blogdalucianaoliveira.com.br\/blog\/wp-content\/uploads\/2019\/03\/CEA580B5-C9C4-40F7-9A1A-17A2BAFEA648.jpeg?resize=300%2C188 300w, https:\/\/i0.wp.com\/blogdalucianaoliveira.com.br\/blog\/wp-content\/uploads\/2019\/03\/CEA580B5-C9C4-40F7-9A1A-17A2BAFEA648.jpeg?resize=478%2C300 478w\" sizes=\"auto, (max-width: 550px) 100vw, 550px\" \/><\/p>\n<p>Em 27 de mar\u00e7o de 1964, o an\u00fancio de convoca\u00e7\u00e3o para a Marcha da Fam\u00edlia com Deus e pela Liberdade que ocorreu no dia 2 de abril, era esse:<\/p>\n<p>\u201cMulher carioca. M\u00e3e carioca. Esposa carioca. O nosso direito de amar a Deus e a liberdade e a dignidade de nossos maridos, filhos e irm\u00e3os est\u00e3o amea\u00e7ador pelos comunistas, prim\u00e1rios em seus instintos e brutos em seus sentimentos\u201d. <\/p>\n<p>Agradecer o que a essas mulheres?<\/p>\n<p>\u201cAqueles homens, empres\u00e1rios, pol\u00edticos ou padres apelavam \u00e0s mulheres n\u00e3o enquanto cidad\u00e3s, mas enquanto figuras ideol\u00f3gicas santificadas como m\u00e3es\u201d, escreve a pesquisadora Solange Sim\u00f5es. A pr\u00f3pria dona Eud\u00f3xia, uma das lideran\u00e7as femininas, reconhece, em entrevista \u00e0 historiadora, sua fun\u00e7\u00e3o t\u00e1tica:<\/p>\n<p>\u201cN\u00f3s sab\u00edamos que como n\u00f3s est\u00e1vamos incumbidas da opini\u00e3o p\u00fablica, os militares estavam \u00e0 espera do amadurecimento da opini\u00e3o p\u00fablica. Porque sem isso eles n\u00e3o agiriam de maneira nenhuma. A n\u00e3o ser que a opini\u00e3o p\u00fablica pedisse. E foi isso que n\u00f3s conseguimos.\u201d<\/p>\n","protected":false},"excerpt":{"rendered":"<p>Em 27 de mar\u00e7o de 1964, o an\u00fancio de convoca\u00e7\u00e3o para a Marcha da Fam\u00edlia com Deus e pela Liberdade que ocorreu no dia 2 de abril, era esse: \u201cMulher carioca. M\u00e3e carioca. Esposa carioca. O nosso direito de amar a Deus e a liberdade e a dignidade de nossos maridos, filhos e irm\u00e3os est\u00e3o&#8230;<a class=\"more-link\" href=\"http:\/\/blogdalucianaoliveira.com.br\/blog\/2019\/03\/27\/agradecer-o-que-a-essas-mulheres\/\">Continue a leitura <span class=\"meta-nav\">&raquo;<\/span><\/a><\/p>\n","protected":false},"author":1,"featured_media":0,"comment_status":"closed","ping_status":"open","sticky":false,"template":"","format":"standard","meta":{"_exactmetrics_skip_tracking":false,"_exactmetrics_sitenote_active":false,"_exactmetrics_sitenote_note":"","_exactmetrics_sitenote_category":0,"jetpack_post_was_ever_published":false,"_jetpack_newsletter_access":"","_jetpack_dont_email_post_to_subs":false,"_jetpack_newsletter_tier_id":0,"_jetpack_memberships_contains_paywalled_content":false,"_jetpack_memberships_contains_paid_content":false,"footnotes":"","jetpack_publicize_message":"","jetpack_publicize_feature_enabled":true,"jetpack_social_post_already_shared":true,"jetpack_social_options":{"image_generator_settings":{"template":"highway","enabled":false},"version":2}},"categories":[1],"tags":[],"class_list":["post-21003","post","type-post","status-publish","format-standard","hentry","category-notas"],"jetpack_publicize_connections":[],"jetpack_sharing_enabled":true,"jetpack_featured_media_url":"","jetpack_shortlink":"https:\/\/wp.me\/p7wKYW-5sL","jetpack-related-posts":[],"_links":{"self":[{"href":"http:\/\/blogdalucianaoliveira.com.br\/blog\/wp-json\/wp\/v2\/posts\/21003","targetHints":{"allow":["GET"]}}],"collection":[{"href":"http:\/\/blogdalucianaoliveira.com.br\/blog\/wp-json\/wp\/v2\/posts"}],"about":[{"href":"http:\/\/blogdalucianaoliveira.com.br\/blog\/wp-json\/wp\/v2\/types\/post"}],"author":[{"embeddable":true,"href":"http:\/\/blogdalucianaoliveira.com.br\/blog\/wp-json\/wp\/v2\/users\/1"}],"replies":[{"embeddable":true,"href":"http:\/\/blogdalucianaoliveira.com.br\/blog\/wp-json\/wp\/v2\/comments?post=21003"}],"version-history":[{"count":1,"href":"http:\/\/blogdalucianaoliveira.com.br\/blog\/wp-json\/wp\/v2\/posts\/21003\/revisions"}],"predecessor-version":[{"id":21005,"href":"http:\/\/blogdalucianaoliveira.com.br\/blog\/wp-json\/wp\/v2\/posts\/21003\/revisions\/21005"}],"wp:attachment":[{"href":"http:\/\/blogdalucianaoliveira.com.br\/blog\/wp-json\/wp\/v2\/media?parent=21003"}],"wp:term":[{"taxonomy":"category","embeddable":true,"href":"http:\/\/blogdalucianaoliveira.com.br\/blog\/wp-json\/wp\/v2\/categories?post=21003"},{"taxonomy":"post_tag","embeddable":true,"href":"http:\/\/blogdalucianaoliveira.com.br\/blog\/wp-json\/wp\/v2\/tags?post=21003"}],"curies":[{"name":"wp","href":"https:\/\/api.w.org\/{rel}","templated":true}]}}