{"id":21006,"date":"2019-03-27T12:02:02","date_gmt":"2019-03-27T16:02:02","guid":{"rendered":"http:\/\/blogdalucianaoliveira.com.br\/blog\/?p=21006"},"modified":"2019-03-27T12:02:02","modified_gmt":"2019-03-27T16:02:02","slug":"chile-discute-prisao-para-quem-assim-como-bolsonaro-negar-crimes-da-ditadura-de-pinochet","status":"publish","type":"post","link":"http:\/\/blogdalucianaoliveira.com.br\/blog\/2019\/03\/27\/chile-discute-prisao-para-quem-assim-como-bolsonaro-negar-crimes-da-ditadura-de-pinochet\/","title":{"rendered":"Chile discute pris\u00e3o para quem, assim como Bolsonaro, negar crimes da ditadura de Pinochet"},"content":{"rendered":"<p><img data-recalc-dims=\"1\" loading=\"lazy\" decoding=\"async\" data-attachment-id=\"21007\" data-permalink=\"http:\/\/blogdalucianaoliveira.com.br\/blog\/2019\/03\/27\/chile-discute-prisao-para-quem-assim-como-bolsonaro-negar-crimes-da-ditadura-de-pinochet\/6c2fd801-6924-4458-a943-719c7388fd7a\/\" data-orig-file=\"https:\/\/i0.wp.com\/blogdalucianaoliveira.com.br\/blog\/wp-content\/uploads\/2019\/03\/6C2FD801-6924-4458-A943-719C7388FD7A.png?fit=768%2C427\" data-orig-size=\"768,427\" data-comments-opened=\"0\" data-image-meta=\"{&quot;aperture&quot;:&quot;0&quot;,&quot;credit&quot;:&quot;&quot;,&quot;camera&quot;:&quot;&quot;,&quot;caption&quot;:&quot;&quot;,&quot;created_timestamp&quot;:&quot;0&quot;,&quot;copyright&quot;:&quot;&quot;,&quot;focal_length&quot;:&quot;0&quot;,&quot;iso&quot;:&quot;0&quot;,&quot;shutter_speed&quot;:&quot;0&quot;,&quot;title&quot;:&quot;&quot;,&quot;orientation&quot;:&quot;0&quot;}\" data-image-title=\"6C2FD801-6924-4458-A943-719C7388FD7A\" data-image-description=\"\" data-image-caption=\"\" data-medium-file=\"https:\/\/i0.wp.com\/blogdalucianaoliveira.com.br\/blog\/wp-content\/uploads\/2019\/03\/6C2FD801-6924-4458-A943-719C7388FD7A.png?fit=300%2C167\" data-large-file=\"https:\/\/i0.wp.com\/blogdalucianaoliveira.com.br\/blog\/wp-content\/uploads\/2019\/03\/6C2FD801-6924-4458-A943-719C7388FD7A.png?fit=600%2C334\" src=\"https:\/\/i0.wp.com\/blogdalucianaoliveira.com.br\/blog\/wp-content\/uploads\/2019\/03\/6C2FD801-6924-4458-A943-719C7388FD7A.png?resize=600%2C334\" alt=\"6C2FD801-6924-4458-A943-719C7388FD7A\" width=\"600\" height=\"334\" class=\"alignnone size-full wp-image-21007\" srcset=\"https:\/\/i0.wp.com\/blogdalucianaoliveira.com.br\/blog\/wp-content\/uploads\/2019\/03\/6C2FD801-6924-4458-A943-719C7388FD7A.png?w=768 768w, https:\/\/i0.wp.com\/blogdalucianaoliveira.com.br\/blog\/wp-content\/uploads\/2019\/03\/6C2FD801-6924-4458-A943-719C7388FD7A.png?resize=300%2C167 300w, https:\/\/i0.wp.com\/blogdalucianaoliveira.com.br\/blog\/wp-content\/uploads\/2019\/03\/6C2FD801-6924-4458-A943-719C7388FD7A.png?resize=540%2C300 540w\" sizes=\"auto, (max-width: 600px) 100vw, 600px\" \/><\/p>\n<p>No Blog Da Cidadania &#8211; Enquanto o Brasil de Jair Bolsonaro discute se houve ou n\u00e3o golpe contra a democracia em 1964, o Chile debate um projeto de lei que pune com multas e at\u00e9 tr\u00eas anos de pris\u00e3o quem negar os crimes cometidos pela ditadura do general Augusto Pinochet (1973-1990).<!--more--><\/p>\n<p>A Comiss\u00e3o de Direitos Humanos da C\u00e2mara dos Deputados chilena aprovou o projeto em dezembro. Ainda n\u00e3o se sabe quando o texto ser\u00e1 submetido a vota\u00e7\u00e3o no plen\u00e1rio da C\u00e2mara e no Senado.<\/p>\n<p>O projeto foi apresentado em 2017 pelo governo da ent\u00e3o presidente Michelle Bachelet. O atual governo, presidido por Sebasti\u00e1n Pi\u00f1era, se op\u00f5e \u00e0 iniciativa por considerar que ela viola a liberdade de express\u00e3o.<\/p>\n<p>O texto prev\u00ea penas mais duras para funcion\u00e1rios p\u00fablicos que negarem os crimes da ditadura. Al\u00e9m disso, pessoas enquadradas pela lei seriam impedidas de ocupar cargos p\u00fablicos por at\u00e9 cinco anos.<\/p>\n<p>De acordo com a deputada Carmen Hertz, que preside a Comiss\u00e3o de Direitos Humanos da C\u00e2mara, a nova lei puniria apenas quem justificar, apoiar ou negar os crimes reconhecidos pelo Estado chileno. Assim, o ato de saudar o pinochetismo n\u00e3o seria pass\u00edvel de puni\u00e7\u00e3o.<\/p>\n<p>\u201cO simples ato de declarar uma op\u00e7\u00e3o pol\u00edtica n\u00e3o se enquadra na tipifica\u00e7\u00e3o\u201d, afirmou Hertz, segundo o jornal La Tercera.<\/p>\n<p>Ainda de acordo com o La Tercera, dez pa\u00edses tem leis similares \u00e0 que \u00e9 debatida agora no Chile. Dentre eles, est\u00e3o Alemanha, Fran\u00e7a e Israel, que criminalizam a nega\u00e7\u00e3o dos crimes do Holocausto.<\/p>\n<p>A ditadura de Pinochet foi respons\u00e1vel por in\u00fameras viola\u00e7\u00f5es de direitos humanos, deixando pelo menos 3.000 mortos e desaparecidos. Estima-se que mais de 40 mil opositores tenham sido presos ou torturados no per\u00edodo.<\/p>\n<p>Bolsonaro, que nunca escondeu sua admira\u00e7\u00e3o por Pinochet, viajou ao Chile na semana passada. Deputados da oposi\u00e7\u00e3o chilena resolveram boicotar eventos na agenda do l\u00edder brasileiro ap\u00f3s declara\u00e7\u00f5es do ministro Onyx Lorenzoni (Casa Civil) elogiando as reformas econ\u00f4micas da ditadura de Pinochet.<\/p>\n<p>O epis\u00f3dio gerou uma saia-justa para o governo chileno. O presidente Pi\u00f1era afirmou no domingo (24) que as declara\u00e7\u00f5es de Bolsonaro em apoio a ditaduras latino-americanas s\u00e3o \u201cinfelizes\u201d.<\/p>\n<p>Ap\u00f3s retornar ao Brasil, Bolsonaro ordenou que o Ex\u00e9rcito fa\u00e7a as \u201ccomemora\u00e7\u00f5es devidas\u201d na ocasi\u00e3o do anivers\u00e1rio do golpe de 1964, que deu in\u00edcio a duas d\u00e9cadas de ditadura militar no Brasil.<\/p>\n<p>Um porta-voz da Presid\u00eancia disse na segunda-feira (25) que Bolsonaro \u201cn\u00e3o considera o 31 de mar\u00e7o de 1964 golpe militar\u201d. \u201cEle considera que \u2026 n\u00f3s conseguimos recuperar e recolocar o nosso pa\u00eds num rumo que salvo melhor ju\u00edzo, se tudo isso n\u00e3o tivesse ocorrido, hoje n\u00f3s estar\u00edamos tendo algum tipo de governo aqui que n\u00e3o seria bom para ningu\u00e9m\u201d, afirmou.<\/p>\n<p>Assim como no Chile, a ditadura militar brasileira foi um per\u00edodo de exce\u00e7\u00e3o, marcado por censura, torturas, cerceamento do direito ao voto e fechamento do Congresso Nacional.<\/p>\n<p>Da FSP<\/p>\n","protected":false},"excerpt":{"rendered":"<p>No Blog Da Cidadania &#8211; Enquanto o Brasil de Jair Bolsonaro discute se houve ou n\u00e3o golpe contra a democracia em 1964, o Chile debate um projeto de lei que pune com multas e at\u00e9 tr\u00eas anos de pris\u00e3o quem negar os crimes cometidos pela ditadura do general Augusto Pinochet (1973-1990).<\/p>\n","protected":false},"author":1,"featured_media":0,"comment_status":"closed","ping_status":"open","sticky":false,"template":"","format":"standard","meta":{"_exactmetrics_skip_tracking":false,"_exactmetrics_sitenote_active":false,"_exactmetrics_sitenote_note":"","_exactmetrics_sitenote_category":0,"jetpack_post_was_ever_published":false,"_jetpack_newsletter_access":"","_jetpack_dont_email_post_to_subs":false,"_jetpack_newsletter_tier_id":0,"_jetpack_memberships_contains_paywalled_content":false,"_jetpack_memberships_contains_paid_content":false,"footnotes":"","jetpack_publicize_message":"","jetpack_publicize_feature_enabled":true,"jetpack_social_post_already_shared":true,"jetpack_social_options":{"image_generator_settings":{"template":"highway","enabled":false},"version":2}},"categories":[1],"tags":[],"class_list":["post-21006","post","type-post","status-publish","format-standard","hentry","category-notas"],"jetpack_publicize_connections":[],"jetpack_sharing_enabled":true,"jetpack_featured_media_url":"","jetpack_shortlink":"https:\/\/wp.me\/p7wKYW-5sO","jetpack-related-posts":[],"_links":{"self":[{"href":"http:\/\/blogdalucianaoliveira.com.br\/blog\/wp-json\/wp\/v2\/posts\/21006","targetHints":{"allow":["GET"]}}],"collection":[{"href":"http:\/\/blogdalucianaoliveira.com.br\/blog\/wp-json\/wp\/v2\/posts"}],"about":[{"href":"http:\/\/blogdalucianaoliveira.com.br\/blog\/wp-json\/wp\/v2\/types\/post"}],"author":[{"embeddable":true,"href":"http:\/\/blogdalucianaoliveira.com.br\/blog\/wp-json\/wp\/v2\/users\/1"}],"replies":[{"embeddable":true,"href":"http:\/\/blogdalucianaoliveira.com.br\/blog\/wp-json\/wp\/v2\/comments?post=21006"}],"version-history":[{"count":1,"href":"http:\/\/blogdalucianaoliveira.com.br\/blog\/wp-json\/wp\/v2\/posts\/21006\/revisions"}],"predecessor-version":[{"id":21008,"href":"http:\/\/blogdalucianaoliveira.com.br\/blog\/wp-json\/wp\/v2\/posts\/21006\/revisions\/21008"}],"wp:attachment":[{"href":"http:\/\/blogdalucianaoliveira.com.br\/blog\/wp-json\/wp\/v2\/media?parent=21006"}],"wp:term":[{"taxonomy":"category","embeddable":true,"href":"http:\/\/blogdalucianaoliveira.com.br\/blog\/wp-json\/wp\/v2\/categories?post=21006"},{"taxonomy":"post_tag","embeddable":true,"href":"http:\/\/blogdalucianaoliveira.com.br\/blog\/wp-json\/wp\/v2\/tags?post=21006"}],"curies":[{"name":"wp","href":"https:\/\/api.w.org\/{rel}","templated":true}]}}