{"id":21009,"date":"2019-03-27T15:45:38","date_gmt":"2019-03-27T19:45:38","guid":{"rendered":"http:\/\/blogdalucianaoliveira.com.br\/blog\/?p=21009"},"modified":"2019-03-27T15:51:03","modified_gmt":"2019-03-27T19:51:03","slug":"deputado-pede-pra-desfilar-em-homenagem-a-golpe-de-64","status":"publish","type":"post","link":"http:\/\/blogdalucianaoliveira.com.br\/blog\/2019\/03\/27\/deputado-pede-pra-desfilar-em-homenagem-a-golpe-de-64\/","title":{"rendered":"Deputado pede pra marchar em homenagem a golpe de 64"},"content":{"rendered":"<div class=\"jetpack-video-wrapper\"><iframe loading=\"lazy\" title=\"Deputado Chris\u00f3stomo defendendo a ditadura\" width=\"600\" height=\"338\" src=\"https:\/\/www.youtube.com\/embed\/0uA5IW9RQ8M?feature=oembed\" frameborder=\"0\" allow=\"accelerometer; autoplay; clipboard-write; encrypted-media; gyroscope; picture-in-picture; web-share\" referrerpolicy=\"strict-origin-when-cross-origin\" allowfullscreen><\/iframe><\/div>\n<p>N\u00e3o \u00e9 s\u00f3 cabelo que falta na cabe\u00e7a do coronel Chris\u00f3stomo de Moura, deputado federal eleito pelo PSL em Rond\u00f4nia.<\/p>\n<p>Falta coer\u00eancia, humanidade e compromisso com o cargo p\u00fablico que imp\u00f5e o dever de proteger o Estado Democr\u00e1tico de Direito.<\/p>\n<p>Em sess\u00e3o na C\u00e2mara nesta ter\u00e7a-feira, 26, o deputado defendeu a ideia do presidente Jair Bolsonaro de comemorar o golpe de 1964 e soltou o brado retumbante: \u201cEu gostei tanto, tanto, inclusive vou participar e vou pedir pra desfilar tamb\u00e9m\u201d.<!--more--><\/p>\n<p>Ele mandou \u00e0s favas o rep\u00fadio do Minist\u00e9rio P\u00fablico Federal e da Defensoria P\u00fablica da Uni\u00e3o, com a determina\u00e7\u00e3o do presidente para que o Minist\u00e9rio da Defesa celebre a data do golpe que deu in\u00edcio a 21 anos de ditadura no pa\u00eds.<\/p>\n<p>&#8220;Festejar a ditadura \u00e9 [&#8230;] festejar um regime inconstitucional e respons\u00e1vel por graves crimes de viola\u00e7\u00e3o aos direitos humanos. Essa iniciativa soa como apologia \u00e0 pr\u00e1tica de atrocidades massivas e, portanto, merece rep\u00fadio social e pol\u00edtico, sem preju\u00edzo das repercuss\u00f5es jur\u00eddicas&#8221;, diz a nota do MPF.<\/p>\n<p>O que o deputado falou e como falou, feito um desassisado, o coloca na posi\u00e7\u00e3o de desinformado e indigno do cargo que ocupa.<\/p>\n<p>\u201cAqueles que n\u00e3o se orgulham s\u00e3o aqueles que gostam de ver cidad\u00e3os ca\u00edrem no pared\u00e3o, que s\u00e3o aqueles que gostam de ver cidad\u00e3os sofrerem\u201d.<\/p>\n<p>N\u00e3o podendo negar, resta evidente que o deputado se orgulha dos crimes cometidos durante a ditadura aqui.<\/p>\n<p>N\u00e3o, deputado!<\/p>\n<p>N\u00e3o foi \u00e0 democracia que o regime militar levou o pa\u00eds!<\/p>\n<p>Foi ao inferno para onde o senhor bem que podia ir quando batesse as botas.<\/p>\n<p>Foi \u00e0 pr\u00e1tica de tortura, censura e ataques \u00e0 imprensa, ao genoc\u00eddio ind\u00edgena, \u00e0 persegui\u00e7\u00e3o e morte de opositores, \u00e0 suspens\u00e3o direitos pol\u00edticos e \u00e0 impunidade, porque n\u00e3o havia transpar\u00eancia dos atos e a corrup\u00e7\u00e3o campeou solta.<\/p>\n<p>O deputado pede aos rondonienses que n\u00e3o reconhe\u00e7am qualquer sinal de democracia em Cuba e Venezuela, convocando \u00e0 celebra\u00e7\u00e3o da ditadura que os militares impuseram ao povo brasileiro.<\/p>\n<p>\u00c9 isso mesmo, ele n\u00e3o sabe o que \u00e9 ditadura e muito menos democracia.<\/p>\n<p>Conselho do coronel Chris\u00f3stomo, \u2018nem com nojo\u2019, como dizem os amazonenses, seus conterr\u00e2neos.<\/p>\n<p>Depois dessa \u2018leseira-bar\u00e9&#8217;, do rompante de saudosismo tir\u00e2nico, ningu\u00e9m duvida.<\/p>\n","protected":false},"excerpt":{"rendered":"<p>N\u00e3o \u00e9 s\u00f3 cabelo que falta na cabe\u00e7a do coronel Chris\u00f3stomo de Moura, deputado federal eleito pelo PSL em Rond\u00f4nia. Falta coer\u00eancia, humanidade e compromisso com o cargo p\u00fablico que imp\u00f5e o dever de proteger o Estado Democr\u00e1tico de Direito. Em sess\u00e3o na C\u00e2mara nesta ter\u00e7a-feira, 26, o deputado defendeu a ideia do presidente Jair&#8230;<a class=\"more-link\" href=\"http:\/\/blogdalucianaoliveira.com.br\/blog\/2019\/03\/27\/deputado-pede-pra-desfilar-em-homenagem-a-golpe-de-64\/\">Continue a leitura <span class=\"meta-nav\">&raquo;<\/span><\/a><\/p>\n","protected":false},"author":1,"featured_media":0,"comment_status":"closed","ping_status":"open","sticky":false,"template":"","format":"standard","meta":{"_exactmetrics_skip_tracking":false,"_exactmetrics_sitenote_active":false,"_exactmetrics_sitenote_note":"","_exactmetrics_sitenote_category":0,"jetpack_post_was_ever_published":false,"_jetpack_newsletter_access":"","_jetpack_dont_email_post_to_subs":false,"_jetpack_newsletter_tier_id":0,"_jetpack_memberships_contains_paywalled_content":false,"_jetpack_memberships_contains_paid_content":false,"footnotes":"","jetpack_publicize_message":"","jetpack_publicize_feature_enabled":true,"jetpack_social_post_already_shared":true,"jetpack_social_options":{"image_generator_settings":{"template":"highway","enabled":false},"version":2}},"categories":[1],"tags":[],"class_list":["post-21009","post","type-post","status-publish","format-standard","hentry","category-notas"],"jetpack_publicize_connections":[],"jetpack_sharing_enabled":true,"jetpack_featured_media_url":"","jetpack_shortlink":"https:\/\/wp.me\/p7wKYW-5sR","jetpack-related-posts":[],"_links":{"self":[{"href":"http:\/\/blogdalucianaoliveira.com.br\/blog\/wp-json\/wp\/v2\/posts\/21009","targetHints":{"allow":["GET"]}}],"collection":[{"href":"http:\/\/blogdalucianaoliveira.com.br\/blog\/wp-json\/wp\/v2\/posts"}],"about":[{"href":"http:\/\/blogdalucianaoliveira.com.br\/blog\/wp-json\/wp\/v2\/types\/post"}],"author":[{"embeddable":true,"href":"http:\/\/blogdalucianaoliveira.com.br\/blog\/wp-json\/wp\/v2\/users\/1"}],"replies":[{"embeddable":true,"href":"http:\/\/blogdalucianaoliveira.com.br\/blog\/wp-json\/wp\/v2\/comments?post=21009"}],"version-history":[{"count":3,"href":"http:\/\/blogdalucianaoliveira.com.br\/blog\/wp-json\/wp\/v2\/posts\/21009\/revisions"}],"predecessor-version":[{"id":21012,"href":"http:\/\/blogdalucianaoliveira.com.br\/blog\/wp-json\/wp\/v2\/posts\/21009\/revisions\/21012"}],"wp:attachment":[{"href":"http:\/\/blogdalucianaoliveira.com.br\/blog\/wp-json\/wp\/v2\/media?parent=21009"}],"wp:term":[{"taxonomy":"category","embeddable":true,"href":"http:\/\/blogdalucianaoliveira.com.br\/blog\/wp-json\/wp\/v2\/categories?post=21009"},{"taxonomy":"post_tag","embeddable":true,"href":"http:\/\/blogdalucianaoliveira.com.br\/blog\/wp-json\/wp\/v2\/tags?post=21009"}],"curies":[{"name":"wp","href":"https:\/\/api.w.org\/{rel}","templated":true}]}}