{"id":21016,"date":"2019-03-28T10:06:11","date_gmt":"2019-03-28T14:06:11","guid":{"rendered":"http:\/\/blogdalucianaoliveira.com.br\/blog\/?p=21016"},"modified":"2019-03-28T10:06:11","modified_gmt":"2019-03-28T14:06:11","slug":"bolsonaro-e-militares-deveriam-celebrar-golpe-em-1o-de-abril","status":"publish","type":"post","link":"http:\/\/blogdalucianaoliveira.com.br\/blog\/2019\/03\/28\/bolsonaro-e-militares-deveriam-celebrar-golpe-em-1o-de-abril\/","title":{"rendered":"Bolsonaro e militares deveriam celebrar golpe em 1\u00ba de abril"},"content":{"rendered":"<p><img data-recalc-dims=\"1\" loading=\"lazy\" decoding=\"async\" data-attachment-id=\"21017\" data-permalink=\"http:\/\/blogdalucianaoliveira.com.br\/blog\/2019\/03\/28\/bolsonaro-e-militares-deveriam-celebrar-golpe-em-1o-de-abril\/pop-2\/\" data-orig-file=\"https:\/\/i0.wp.com\/blogdalucianaoliveira.com.br\/blog\/wp-content\/uploads\/2019\/03\/pop.jpg?fit=1002%2C357\" data-orig-size=\"1002,357\" data-comments-opened=\"0\" data-image-meta=\"{&quot;aperture&quot;:&quot;0&quot;,&quot;credit&quot;:&quot;&quot;,&quot;camera&quot;:&quot;&quot;,&quot;caption&quot;:&quot;&quot;,&quot;created_timestamp&quot;:&quot;0&quot;,&quot;copyright&quot;:&quot;&quot;,&quot;focal_length&quot;:&quot;0&quot;,&quot;iso&quot;:&quot;0&quot;,&quot;shutter_speed&quot;:&quot;0&quot;,&quot;title&quot;:&quot;&quot;,&quot;orientation&quot;:&quot;0&quot;}\" data-image-title=\"pop\" data-image-description=\"\" data-image-caption=\"\" data-medium-file=\"https:\/\/i0.wp.com\/blogdalucianaoliveira.com.br\/blog\/wp-content\/uploads\/2019\/03\/pop.jpg?fit=300%2C107\" data-large-file=\"https:\/\/i0.wp.com\/blogdalucianaoliveira.com.br\/blog\/wp-content\/uploads\/2019\/03\/pop.jpg?fit=600%2C214\" src=\"https:\/\/i0.wp.com\/blogdalucianaoliveira.com.br\/blog\/wp-content\/uploads\/2019\/03\/pop.jpg?resize=600%2C214\" alt=\"pop\" width=\"600\" height=\"214\" class=\"alignnone size-full wp-image-21017\" srcset=\"https:\/\/i0.wp.com\/blogdalucianaoliveira.com.br\/blog\/wp-content\/uploads\/2019\/03\/pop.jpg?w=1002 1002w, https:\/\/i0.wp.com\/blogdalucianaoliveira.com.br\/blog\/wp-content\/uploads\/2019\/03\/pop.jpg?resize=300%2C107 300w, https:\/\/i0.wp.com\/blogdalucianaoliveira.com.br\/blog\/wp-content\/uploads\/2019\/03\/pop.jpg?resize=768%2C274 768w, https:\/\/i0.wp.com\/blogdalucianaoliveira.com.br\/blog\/wp-content\/uploads\/2019\/03\/pop.jpg?resize=800%2C285 800w\" sizes=\"auto, (max-width: 600px) 100vw, 600px\" \/><\/p>\n<p>Seria mais coerente com mentira hist\u00f3rica que propagam<!--more--><\/p>\n<p>KENNEDY ALENCAR <\/p>\n<p>O presidente Jair Bolsonaro, as For\u00e7as Armadas, o ministro Ernesto Ara\u00fajo (Rela\u00e7\u00f5es Exteriores) e o governador do Rio, Wilson Witzel, mentem ao dar as suas vers\u00f5es sobre o golpe militar de 1964 que instaurou uma ditadura durante 21 anos no Brasil.<\/p>\n<p>Bolsonaro est\u00e1 sendo coerente com sua carreira pol\u00edtica. Sempre menosprezou a democracia. No impeachment de Dilma Rousseff, em 2016, dedicou o seu voto ao torturador Carlos Alberto Brilhante Ustra. O mais grave agora \u00e9 que Bolsonaro mente no cargo de presidente, com muito mais poder para negar a realidade. Prega um revisionismo hist\u00f3rico insustent\u00e1vel. Exibe um negacionismo tosco: \u201cTeve alguns probleminhas\u201d.<\/p>\n<p>O governador Witzel (PSC-RJ) diz que \u201cnunca houve golpe no Brasil\u201d, mas uma a\u00e7\u00e3o para evitar \u201cum regime comunista\u201d. O ministro Ara\u00fajo foi na mesma linha: \u201cEu n\u00e3o considero um golpe. Considero que foi um movimento necess\u00e1rio para que o Brasil n\u00e3o se tornasse uma ditadura. Essa \u00e9 a minha leitura da hist\u00f3ria\u201d. O pessoal precisaria caprichar mais nas aulas de Hist\u00f3ria no Rio Branco.<\/p>\n<p>Fato: nunca houve amea\u00e7a comunista no Brasil. A luta armada s\u00f3 nasceu depois do golpe, numa rea\u00e7\u00e3o contra a ditadura, especialmente ap\u00f3s o endurecimento do regime em 1968, com o AI-5 (Ato Institucional N\u00famero 5). Jo\u00e3o Goulart n\u00e3o era um l\u00edder revolucion\u00e1rio. Foi derrubado ilegalmente por uma parcela da sociedade brasileira que era de direita. A Constitui\u00e7\u00e3o de 1946 foi vilipendiada.<\/p>\n<p>\u00c9 uma vergonha que um presidente, a c\u00fapula militar, um governador de Estado e um ministro defendam uma mentira. Agindo assim, enganam a popula\u00e7\u00e3o, iludem os jovens, desrespeitam a mem\u00f3ria do pa\u00eds.<\/p>\n<p>A \u201cOrdem do Dia\u201d escrita pela c\u00fapula militar n\u00e3o tem nada de moderada. Os comandantes das For\u00e7as Armadas pensam como Bolsonaro. S\u00e3o apenas mais educados e recorrem a eufemismos. Mas sustentam a mesma tese. O golpe foi dado para evitar que o Brasil seguisse um rumo totalit\u00e1rio. Mentira.<\/p>\n<p>O documento oficial sobre esse per\u00edodo \u00e9 o relat\u00f3rio da Comiss\u00e3o Nacional da Verdade. O Estado brasileiro assumiu a responsabilidade pela morte e o desaparecimento de 434 pessoas que estavam sob a sua cust\u00f3dia. Se houve terrorismo, foi um terrorismo de Estado. Mais de 300 agentes p\u00fablicos foram apontados como violadores de direitos humanos. A democracia foi interrompida durante 21 anos. Essa \u00e9 a verdade a respeito do que aconteceu.<\/p>\n<p>\u00c9 triste que ainda tenhamos de ter um debate sobre um per\u00edodo claramente autorit\u00e1rio e que os militares insistam em n\u00e3o aceitar a responsabilidade pelos crimes que cometeram contra os direitos humanos. As For\u00e7as Armadas adiam uma concilia\u00e7\u00e3o pol\u00edtica necess\u00e1ria para o fortalecimento da democracia no pa\u00eds.<\/p>\n<p>Bolsonaro, as For\u00e7as Armadas, Witzel, Ara\u00fajo e companhia deveriam comemorar o golpe em 1\u00ba de abril, o dia da mentira. Ficaria mais coerente com a inverdade hist\u00f3rica que tentam vender para a sociedade brasileira.<\/p>\n","protected":false},"excerpt":{"rendered":"<p>Seria mais coerente com mentira hist\u00f3rica que propagam<\/p>\n","protected":false},"author":1,"featured_media":0,"comment_status":"closed","ping_status":"open","sticky":false,"template":"","format":"standard","meta":{"_exactmetrics_skip_tracking":false,"_exactmetrics_sitenote_active":false,"_exactmetrics_sitenote_note":"","_exactmetrics_sitenote_category":0,"jetpack_post_was_ever_published":false,"_jetpack_newsletter_access":"","_jetpack_dont_email_post_to_subs":false,"_jetpack_newsletter_tier_id":0,"_jetpack_memberships_contains_paywalled_content":false,"_jetpack_memberships_contains_paid_content":false,"footnotes":"","jetpack_publicize_message":"","jetpack_publicize_feature_enabled":true,"jetpack_social_post_already_shared":true,"jetpack_social_options":{"image_generator_settings":{"template":"highway","enabled":false},"version":2}},"categories":[1],"tags":[],"class_list":["post-21016","post","type-post","status-publish","format-standard","hentry","category-notas"],"jetpack_publicize_connections":[],"jetpack_sharing_enabled":true,"jetpack_featured_media_url":"","jetpack_shortlink":"https:\/\/wp.me\/p7wKYW-5sY","jetpack-related-posts":[],"_links":{"self":[{"href":"http:\/\/blogdalucianaoliveira.com.br\/blog\/wp-json\/wp\/v2\/posts\/21016","targetHints":{"allow":["GET"]}}],"collection":[{"href":"http:\/\/blogdalucianaoliveira.com.br\/blog\/wp-json\/wp\/v2\/posts"}],"about":[{"href":"http:\/\/blogdalucianaoliveira.com.br\/blog\/wp-json\/wp\/v2\/types\/post"}],"author":[{"embeddable":true,"href":"http:\/\/blogdalucianaoliveira.com.br\/blog\/wp-json\/wp\/v2\/users\/1"}],"replies":[{"embeddable":true,"href":"http:\/\/blogdalucianaoliveira.com.br\/blog\/wp-json\/wp\/v2\/comments?post=21016"}],"version-history":[{"count":1,"href":"http:\/\/blogdalucianaoliveira.com.br\/blog\/wp-json\/wp\/v2\/posts\/21016\/revisions"}],"predecessor-version":[{"id":21018,"href":"http:\/\/blogdalucianaoliveira.com.br\/blog\/wp-json\/wp\/v2\/posts\/21016\/revisions\/21018"}],"wp:attachment":[{"href":"http:\/\/blogdalucianaoliveira.com.br\/blog\/wp-json\/wp\/v2\/media?parent=21016"}],"wp:term":[{"taxonomy":"category","embeddable":true,"href":"http:\/\/blogdalucianaoliveira.com.br\/blog\/wp-json\/wp\/v2\/categories?post=21016"},{"taxonomy":"post_tag","embeddable":true,"href":"http:\/\/blogdalucianaoliveira.com.br\/blog\/wp-json\/wp\/v2\/tags?post=21016"}],"curies":[{"name":"wp","href":"https:\/\/api.w.org\/{rel}","templated":true}]}}