{"id":21024,"date":"2019-03-28T17:07:45","date_gmt":"2019-03-28T21:07:45","guid":{"rendered":"http:\/\/blogdalucianaoliveira.com.br\/blog\/?p=21024"},"modified":"2019-03-28T17:07:45","modified_gmt":"2019-03-28T21:07:45","slug":"associacao-nacional-de-jornais-critica-declaracao-de-bolsonaro-contra-folha","status":"publish","type":"post","link":"http:\/\/blogdalucianaoliveira.com.br\/blog\/2019\/03\/28\/associacao-nacional-de-jornais-critica-declaracao-de-bolsonaro-contra-folha\/","title":{"rendered":"Associa\u00e7\u00e3o Nacional de Jornais critica declara\u00e7\u00e3o de Bolsonaro contra Folha"},"content":{"rendered":"<p><img data-recalc-dims=\"1\" loading=\"lazy\" decoding=\"async\" data-attachment-id=\"21025\" data-permalink=\"http:\/\/blogdalucianaoliveira.com.br\/blog\/2019\/03\/28\/associacao-nacional-de-jornais-critica-declaracao-de-bolsonaro-contra-folha\/998af203-6315-4232-aa3b-f7906496feaa\/\" data-orig-file=\"https:\/\/i0.wp.com\/blogdalucianaoliveira.com.br\/blog\/wp-content\/uploads\/2019\/03\/998AF203-6315-4232-AA3B-F7906496FEAA.jpeg?fit=768%2C512\" data-orig-size=\"768,512\" data-comments-opened=\"0\" data-image-meta=\"{&quot;aperture&quot;:&quot;0&quot;,&quot;credit&quot;:&quot;&quot;,&quot;camera&quot;:&quot;&quot;,&quot;caption&quot;:&quot;&quot;,&quot;created_timestamp&quot;:&quot;0&quot;,&quot;copyright&quot;:&quot;&quot;,&quot;focal_length&quot;:&quot;0&quot;,&quot;iso&quot;:&quot;0&quot;,&quot;shutter_speed&quot;:&quot;0&quot;,&quot;title&quot;:&quot;&quot;,&quot;orientation&quot;:&quot;0&quot;}\" data-image-title=\"998AF203-6315-4232-AA3B-F7906496FEAA\" data-image-description=\"\" data-image-caption=\"\" data-medium-file=\"https:\/\/i0.wp.com\/blogdalucianaoliveira.com.br\/blog\/wp-content\/uploads\/2019\/03\/998AF203-6315-4232-AA3B-F7906496FEAA.jpeg?fit=300%2C200\" data-large-file=\"https:\/\/i0.wp.com\/blogdalucianaoliveira.com.br\/blog\/wp-content\/uploads\/2019\/03\/998AF203-6315-4232-AA3B-F7906496FEAA.jpeg?fit=600%2C400\" src=\"https:\/\/i0.wp.com\/blogdalucianaoliveira.com.br\/blog\/wp-content\/uploads\/2019\/03\/998AF203-6315-4232-AA3B-F7906496FEAA.jpeg?resize=600%2C400\" alt=\"998AF203-6315-4232-AA3B-F7906496FEAA\" width=\"600\" height=\"400\" class=\"alignnone size-full wp-image-21025\" srcset=\"https:\/\/i0.wp.com\/blogdalucianaoliveira.com.br\/blog\/wp-content\/uploads\/2019\/03\/998AF203-6315-4232-AA3B-F7906496FEAA.jpeg?w=768 768w, https:\/\/i0.wp.com\/blogdalucianaoliveira.com.br\/blog\/wp-content\/uploads\/2019\/03\/998AF203-6315-4232-AA3B-F7906496FEAA.jpeg?resize=300%2C200 300w, https:\/\/i0.wp.com\/blogdalucianaoliveira.com.br\/blog\/wp-content\/uploads\/2019\/03\/998AF203-6315-4232-AA3B-F7906496FEAA.jpeg?resize=450%2C300 450w\" sizes=\"auto, (max-width: 600px) 100vw, 600px\" \/><\/p>\n<p>Entidade fala em &#8216;falta de compreens\u00e3o em rela\u00e7\u00e3o ao papel da imprensa&#8217;<!--more--><\/p>\n<p>Na Folha <\/p>\n<p>A ANJ (Associa\u00e7\u00e3o Nacional de Jornais) divulgou nota nesta quinta-feira (28) lamentando as declara\u00e7\u00f5es feitas contra a Folha pelo presidente Jair Bolsonaro em entrevista \u00e0 TV Bandeirantes.<\/p>\n<p>Durante participa\u00e7\u00e3o no programa de Jos\u00e9 Luiz Datena, na quarta (27), Bolsonaro foi questionado sobre elogios que fez ao ditador chileno Augusto Pinochet e respondeu: &#8220;Me aponte um \u00e1udio, um v\u00eddeo nesse sentido, n\u00e3o teve nada disso. A imprensa, maldosamente, um jornal bota, escreve&#8230; Geralmente a Folha de S.Paulo come\u00e7a com tudo. Toda a fonte do mal \u00e9 a Folha de S.Paulo.&#8221;<\/p>\n<p>Para a associa\u00e7\u00e3o, o presidente da Rep\u00fablica, ao fazer &#8220;cr\u00edticas gen\u00e9ricas ao jornalismo&#8221;, mais uma vez demonstra &#8220;falta de compreens\u00e3o em rela\u00e7\u00e3o ao papel da imprensa&#8221;.<\/p>\n<p>&#8220;Al\u00e9m de apresentar o relato de fatos e a multiplicidade de vis\u00f5es, \u00e9 miss\u00e3o da imprensa acompanhar e fiscalizar os atos dos poderes e das autoridades p\u00fablicas&#8221;, diz a nota da entidade.<\/p>\n<p>A associa\u00e7\u00e3o afirmou ainda que o jornalismo \u00e9 essencial para a democracia, uma &#8220;fonte de informa\u00e7\u00e3o para os cidad\u00e3os, e n\u00e3o um inimigo a ser combatido&#8221;.<\/p>\n<p>Na entrevista na quarta, Datena perguntou tamb\u00e9m se n\u00e3o haveria &#8220;uma obsess\u00e3o&#8221; de Bolsonaro pela Folha. O presidente disse: &#8220;Ela que tem por mim. \u00c9 o contr\u00e1rio. Publica uma mentira dessas, porque n\u00e3o tem isso em lugar nenhum.&#8221;<\/p>\n<p>Em 2015, Bolsonaro disse que Pinochet &#8220;fez o que tinha que ser feito&#8221; para reconquistar o seu pa\u00eds.<\/p>\n","protected":false},"excerpt":{"rendered":"<p>Entidade fala em &#8216;falta de compreens\u00e3o em rela\u00e7\u00e3o ao papel da imprensa&#8217;<\/p>\n","protected":false},"author":1,"featured_media":0,"comment_status":"closed","ping_status":"open","sticky":false,"template":"","format":"standard","meta":{"_exactmetrics_skip_tracking":false,"_exactmetrics_sitenote_active":false,"_exactmetrics_sitenote_note":"","_exactmetrics_sitenote_category":0,"jetpack_post_was_ever_published":false,"_jetpack_newsletter_access":"","_jetpack_dont_email_post_to_subs":false,"_jetpack_newsletter_tier_id":0,"_jetpack_memberships_contains_paywalled_content":false,"_jetpack_memberships_contains_paid_content":false,"footnotes":"","jetpack_publicize_message":"","jetpack_publicize_feature_enabled":true,"jetpack_social_post_already_shared":true,"jetpack_social_options":{"image_generator_settings":{"template":"highway","enabled":false},"version":2}},"categories":[1],"tags":[],"class_list":["post-21024","post","type-post","status-publish","format-standard","hentry","category-notas"],"jetpack_publicize_connections":[],"jetpack_sharing_enabled":true,"jetpack_featured_media_url":"","jetpack_shortlink":"https:\/\/wp.me\/p7wKYW-5t6","jetpack-related-posts":[],"_links":{"self":[{"href":"http:\/\/blogdalucianaoliveira.com.br\/blog\/wp-json\/wp\/v2\/posts\/21024","targetHints":{"allow":["GET"]}}],"collection":[{"href":"http:\/\/blogdalucianaoliveira.com.br\/blog\/wp-json\/wp\/v2\/posts"}],"about":[{"href":"http:\/\/blogdalucianaoliveira.com.br\/blog\/wp-json\/wp\/v2\/types\/post"}],"author":[{"embeddable":true,"href":"http:\/\/blogdalucianaoliveira.com.br\/blog\/wp-json\/wp\/v2\/users\/1"}],"replies":[{"embeddable":true,"href":"http:\/\/blogdalucianaoliveira.com.br\/blog\/wp-json\/wp\/v2\/comments?post=21024"}],"version-history":[{"count":1,"href":"http:\/\/blogdalucianaoliveira.com.br\/blog\/wp-json\/wp\/v2\/posts\/21024\/revisions"}],"predecessor-version":[{"id":21026,"href":"http:\/\/blogdalucianaoliveira.com.br\/blog\/wp-json\/wp\/v2\/posts\/21024\/revisions\/21026"}],"wp:attachment":[{"href":"http:\/\/blogdalucianaoliveira.com.br\/blog\/wp-json\/wp\/v2\/media?parent=21024"}],"wp:term":[{"taxonomy":"category","embeddable":true,"href":"http:\/\/blogdalucianaoliveira.com.br\/blog\/wp-json\/wp\/v2\/categories?post=21024"},{"taxonomy":"post_tag","embeddable":true,"href":"http:\/\/blogdalucianaoliveira.com.br\/blog\/wp-json\/wp\/v2\/tags?post=21024"}],"curies":[{"name":"wp","href":"https:\/\/api.w.org\/{rel}","templated":true}]}}