{"id":21039,"date":"2019-03-29T12:20:59","date_gmt":"2019-03-29T16:20:59","guid":{"rendered":"http:\/\/blogdalucianaoliveira.com.br\/blog\/?p=21039"},"modified":"2019-03-29T12:20:59","modified_gmt":"2019-03-29T16:20:59","slug":"desemprego-atinge-131-milhoes-e-subutilizacao-e-a-maior-desde-2012","status":"publish","type":"post","link":"http:\/\/blogdalucianaoliveira.com.br\/blog\/2019\/03\/29\/desemprego-atinge-131-milhoes-e-subutilizacao-e-a-maior-desde-2012\/","title":{"rendered":"Desemprego atinge 13,1 milh\u00f5es e subutiliza\u00e7\u00e3o \u00e9 a maior desde 2012"},"content":{"rendered":"<p><img data-recalc-dims=\"1\" loading=\"lazy\" decoding=\"async\" data-attachment-id=\"21040\" data-permalink=\"http:\/\/blogdalucianaoliveira.com.br\/blog\/2019\/03\/29\/desemprego-atinge-131-milhoes-e-subutilizacao-e-a-maior-desde-2012\/ea502f35-464f-4434-8fd8-7c44e221357a\/\" data-orig-file=\"https:\/\/i0.wp.com\/blogdalucianaoliveira.com.br\/blog\/wp-content\/uploads\/2019\/03\/EA502F35-464F-4434-8FD8-7C44E221357A.jpeg?fit=768%2C463\" data-orig-size=\"768,463\" data-comments-opened=\"0\" data-image-meta=\"{&quot;aperture&quot;:&quot;0&quot;,&quot;credit&quot;:&quot;&quot;,&quot;camera&quot;:&quot;&quot;,&quot;caption&quot;:&quot;&quot;,&quot;created_timestamp&quot;:&quot;0&quot;,&quot;copyright&quot;:&quot;&quot;,&quot;focal_length&quot;:&quot;0&quot;,&quot;iso&quot;:&quot;0&quot;,&quot;shutter_speed&quot;:&quot;0&quot;,&quot;title&quot;:&quot;&quot;,&quot;orientation&quot;:&quot;0&quot;}\" data-image-title=\"EA502F35-464F-4434-8FD8-7C44E221357A\" data-image-description=\"\" data-image-caption=\"\" data-medium-file=\"https:\/\/i0.wp.com\/blogdalucianaoliveira.com.br\/blog\/wp-content\/uploads\/2019\/03\/EA502F35-464F-4434-8FD8-7C44E221357A.jpeg?fit=300%2C181\" data-large-file=\"https:\/\/i0.wp.com\/blogdalucianaoliveira.com.br\/blog\/wp-content\/uploads\/2019\/03\/EA502F35-464F-4434-8FD8-7C44E221357A.jpeg?fit=600%2C362\" src=\"https:\/\/i0.wp.com\/blogdalucianaoliveira.com.br\/blog\/wp-content\/uploads\/2019\/03\/EA502F35-464F-4434-8FD8-7C44E221357A.jpeg?resize=600%2C362\" alt=\"EA502F35-464F-4434-8FD8-7C44E221357A\" width=\"600\" height=\"362\" class=\"alignnone size-full wp-image-21040\" srcset=\"https:\/\/i0.wp.com\/blogdalucianaoliveira.com.br\/blog\/wp-content\/uploads\/2019\/03\/EA502F35-464F-4434-8FD8-7C44E221357A.jpeg?w=768 768w, https:\/\/i0.wp.com\/blogdalucianaoliveira.com.br\/blog\/wp-content\/uploads\/2019\/03\/EA502F35-464F-4434-8FD8-7C44E221357A.jpeg?resize=300%2C181 300w, https:\/\/i0.wp.com\/blogdalucianaoliveira.com.br\/blog\/wp-content\/uploads\/2019\/03\/EA502F35-464F-4434-8FD8-7C44E221357A.jpeg?resize=498%2C300 498w\" sizes=\"auto, (max-width: 600px) 100vw, 600px\" \/><\/p>\n<p>N\u00famero de desalentados tamb\u00e9m bateu recorde: 4,9 milh\u00f5es de pessoas desistiram de procurar trabalho<!--more--><\/p>\n<p>Na Carta Capital <\/p>\n<p>O n\u00famero de desempregados no Brasil voltou a ultrapassar o patamar dos 13 milh\u00f5es, mesmo do in\u00edcio do ano passado. Com o fechamento das vagas tempor\u00e1rias de fim de ano, a taxa de desemprego subiu 0,9 ponto em rela\u00e7\u00e3o ao trimestre anterior e est\u00e1 agora em 12,4%. Os n\u00fameros s\u00e3o da pesquisa PNAD cont\u00ednua, divulgada pelo IBGE nesta sexta-feira 29.<br \/>\nEsse aumento representa a entrada de 892 mil pessoas na popula\u00e7\u00e3o desempregada, totalizando 13,1 milh\u00f5es. Essa perda se dividiu igualmente entre o setor p\u00fablico e o setor privado.<\/p>\n<p>No setor privado, o n\u00famero de empregados com carteira assinada continuou est\u00e1vel. J\u00e1 o de empregados sem carteira assinada caiu 4,8%, na compara\u00e7\u00e3o com o trimestre anterior, uma redu\u00e7\u00e3o de 561 mil pessoas nesse grupo. No setor p\u00fablico eles foram 453 mil a menos \u201c\u00c9 um aumento que costuma acontecer no come\u00e7o do ano\u201d, diz o coordenador de Trabalho e Rendimento do IBGE, Cimar Azeredo. Educa\u00e7\u00e3o, constru\u00e7\u00e3o e ind\u00fastria foram os setores mais afetados.<\/p>\n<p>O total de trabalhadores subutilizados fechou em 27,9 milh\u00f5es de pessoas (24,6%), pico da s\u00e9rie hist\u00f3rica iniciada em 2012. Significa que quase 1 em cada 4 brasileiros aptos a trabalhar est\u00e1 fora do mercado de trabalho.<\/p>\n<p>Essa taxa \u00e9 formada pela soma de tr\u00eas perfis que est\u00e3o fora da for\u00e7a de trabalho: os desocupados, os subocupados e a for\u00e7a de trabalho potencial. Desocupados s\u00e3o aqueles que, no momento da pesquisa, estavam sem emprego.<\/p>\n<p>S\u00e3o considerados subocupados os brasileiros que trabalham menos de 40 horas por semana, e gostariam de trabalhar mais. E a for\u00e7a de trabalho potencial \u00e9 formada pelos que gostariam de trabalhar, mas n\u00e3o conseguem procurar emprego. Mulheres com filhos pequenos, por exemplo, entram nessa conta.<\/p>\n<p>Outro recorde \u00e9 o n\u00famero de desalentados: as pessoas que desistiram de procurar trabalho e, por isso, sa\u00edram das estat\u00edsticas de desemprego. Esse n\u00famero chegou a 4,9 milh\u00f5es, um total de 4,4%. Em rela\u00e7\u00e3o ao mesmo trimestre do ano anterior, mais 275 mil brasileiros entraram nessa condi\u00e7\u00e3o.<\/p>\n","protected":false},"excerpt":{"rendered":"<p>N\u00famero de desalentados tamb\u00e9m bateu recorde: 4,9 milh\u00f5es de pessoas desistiram de procurar trabalho<\/p>\n","protected":false},"author":1,"featured_media":0,"comment_status":"closed","ping_status":"open","sticky":false,"template":"","format":"standard","meta":{"_exactmetrics_skip_tracking":false,"_exactmetrics_sitenote_active":false,"_exactmetrics_sitenote_note":"","_exactmetrics_sitenote_category":0,"jetpack_post_was_ever_published":false,"_jetpack_newsletter_access":"","_jetpack_dont_email_post_to_subs":false,"_jetpack_newsletter_tier_id":0,"_jetpack_memberships_contains_paywalled_content":false,"_jetpack_memberships_contains_paid_content":false,"footnotes":"","jetpack_publicize_message":"","jetpack_publicize_feature_enabled":true,"jetpack_social_post_already_shared":true,"jetpack_social_options":{"image_generator_settings":{"template":"highway","enabled":false},"version":2}},"categories":[1],"tags":[],"class_list":["post-21039","post","type-post","status-publish","format-standard","hentry","category-notas"],"jetpack_publicize_connections":[],"jetpack_sharing_enabled":true,"jetpack_featured_media_url":"","jetpack_shortlink":"https:\/\/wp.me\/p7wKYW-5tl","jetpack-related-posts":[],"_links":{"self":[{"href":"http:\/\/blogdalucianaoliveira.com.br\/blog\/wp-json\/wp\/v2\/posts\/21039","targetHints":{"allow":["GET"]}}],"collection":[{"href":"http:\/\/blogdalucianaoliveira.com.br\/blog\/wp-json\/wp\/v2\/posts"}],"about":[{"href":"http:\/\/blogdalucianaoliveira.com.br\/blog\/wp-json\/wp\/v2\/types\/post"}],"author":[{"embeddable":true,"href":"http:\/\/blogdalucianaoliveira.com.br\/blog\/wp-json\/wp\/v2\/users\/1"}],"replies":[{"embeddable":true,"href":"http:\/\/blogdalucianaoliveira.com.br\/blog\/wp-json\/wp\/v2\/comments?post=21039"}],"version-history":[{"count":1,"href":"http:\/\/blogdalucianaoliveira.com.br\/blog\/wp-json\/wp\/v2\/posts\/21039\/revisions"}],"predecessor-version":[{"id":21041,"href":"http:\/\/blogdalucianaoliveira.com.br\/blog\/wp-json\/wp\/v2\/posts\/21039\/revisions\/21041"}],"wp:attachment":[{"href":"http:\/\/blogdalucianaoliveira.com.br\/blog\/wp-json\/wp\/v2\/media?parent=21039"}],"wp:term":[{"taxonomy":"category","embeddable":true,"href":"http:\/\/blogdalucianaoliveira.com.br\/blog\/wp-json\/wp\/v2\/categories?post=21039"},{"taxonomy":"post_tag","embeddable":true,"href":"http:\/\/blogdalucianaoliveira.com.br\/blog\/wp-json\/wp\/v2\/tags?post=21039"}],"curies":[{"name":"wp","href":"https:\/\/api.w.org\/{rel}","templated":true}]}}