{"id":21044,"date":"2019-03-29T16:22:10","date_gmt":"2019-03-29T20:22:10","guid":{"rendered":"http:\/\/blogdalucianaoliveira.com.br\/blog\/?p=21044"},"modified":"2019-03-29T22:59:15","modified_gmt":"2019-03-30T02:59:15","slug":"21044","status":"publish","type":"post","link":"http:\/\/blogdalucianaoliveira.com.br\/blog\/2019\/03\/29\/21044\/","title":{"rendered":"Reportagem: Tend\u00eancia de Teot\u00f4nio \u00e9 desaparecer do mapa"},"content":{"rendered":"<p><img data-recalc-dims=\"1\" loading=\"lazy\" decoding=\"async\" data-attachment-id=\"21045\" data-permalink=\"http:\/\/blogdalucianaoliveira.com.br\/blog\/2019\/03\/29\/21044\/739af3c3-95da-488e-931a-93115ede4329\/\" data-orig-file=\"https:\/\/i0.wp.com\/blogdalucianaoliveira.com.br\/blog\/wp-content\/uploads\/2019\/03\/739AF3C3-95DA-488E-931A-93115EDE4329.jpeg?fit=641%2C481\" data-orig-size=\"641,481\" data-comments-opened=\"0\" data-image-meta=\"{&quot;aperture&quot;:&quot;0&quot;,&quot;credit&quot;:&quot;&quot;,&quot;camera&quot;:&quot;&quot;,&quot;caption&quot;:&quot;&quot;,&quot;created_timestamp&quot;:&quot;0&quot;,&quot;copyright&quot;:&quot;&quot;,&quot;focal_length&quot;:&quot;0&quot;,&quot;iso&quot;:&quot;0&quot;,&quot;shutter_speed&quot;:&quot;0&quot;,&quot;title&quot;:&quot;&quot;,&quot;orientation&quot;:&quot;1&quot;}\" data-image-title=\"739AF3C3-95DA-488E-931A-93115EDE4329\" data-image-description=\"\" data-image-caption=\"\" data-medium-file=\"https:\/\/i0.wp.com\/blogdalucianaoliveira.com.br\/blog\/wp-content\/uploads\/2019\/03\/739AF3C3-95DA-488E-931A-93115EDE4329.jpeg?fit=300%2C225\" data-large-file=\"https:\/\/i0.wp.com\/blogdalucianaoliveira.com.br\/blog\/wp-content\/uploads\/2019\/03\/739AF3C3-95DA-488E-931A-93115EDE4329.jpeg?fit=600%2C450\" class=\"alignnone size-full wp-image-21045\" src=\"https:\/\/i0.wp.com\/blogdalucianaoliveira.com.br\/blog\/wp-content\/uploads\/2019\/03\/739AF3C3-95DA-488E-931A-93115EDE4329.jpeg?resize=600%2C450\" alt=\"739AF3C3-95DA-488E-931A-93115EDE4329\" width=\"600\" height=\"450\" srcset=\"https:\/\/i0.wp.com\/blogdalucianaoliveira.com.br\/blog\/wp-content\/uploads\/2019\/03\/739AF3C3-95DA-488E-931A-93115EDE4329.jpeg?w=641 641w, https:\/\/i0.wp.com\/blogdalucianaoliveira.com.br\/blog\/wp-content\/uploads\/2019\/03\/739AF3C3-95DA-488E-931A-93115EDE4329.jpeg?resize=300%2C225 300w, https:\/\/i0.wp.com\/blogdalucianaoliveira.com.br\/blog\/wp-content\/uploads\/2019\/03\/739AF3C3-95DA-488E-931A-93115EDE4329.jpeg?resize=400%2C300 400w\" sizes=\"auto, (max-width: 600px) 100vw, 600px\" \/><\/p>\n<p>&nbsp;<\/p>\n<p>Por Edson Lustosa &#8211;  O impacto socioambiental da barragem da hidrel\u00e9trica de Santo Ant\u00f4nio sobre a antiga comunidade da cachoeira do Teot\u00f4nio \u00e9 algo dif\u00edcil de ser imaginado por quem n\u00e3o teve a oportunidade de conhecer a localidade nos \u00e1ureos tempos dos torneios de pesca. Era peixe pra todo lado, fartura, divers\u00e3o, turismo.<!--more--><\/p>\n<p>Hoje o cen\u00e1rio \u00e9 triste. A antiga vila simplesmente desapareceu, assim como a cachoeira, hoje coberta pelas \u00e1guas. Os antigos habitantes ainda chegaram a alimentar a expectativa de ter suas vidas modificadas para melhor. Mas a aus\u00eancia de planejamento e de gest\u00e3o inteligente das a\u00e7\u00f5es de indeniza\u00e7\u00e3o e compensa\u00e7\u00e3o promovidas pela Santo Ant\u00f4nio Energia lhes impactou como um balde gelo.<\/p>\n<p><img data-recalc-dims=\"1\" loading=\"lazy\" decoding=\"async\" data-attachment-id=\"21046\" data-permalink=\"http:\/\/blogdalucianaoliveira.com.br\/blog\/2019\/03\/29\/21044\/b6ef3994-9128-41df-ae91-fbc82726f273\/\" data-orig-file=\"https:\/\/i0.wp.com\/blogdalucianaoliveira.com.br\/blog\/wp-content\/uploads\/2019\/03\/B6EF3994-9128-41DF-AE91-FBC82726F273.jpeg?fit=468%2C351\" data-orig-size=\"468,351\" data-comments-opened=\"0\" data-image-meta=\"{&quot;aperture&quot;:&quot;0&quot;,&quot;credit&quot;:&quot;&quot;,&quot;camera&quot;:&quot;&quot;,&quot;caption&quot;:&quot;&quot;,&quot;created_timestamp&quot;:&quot;0&quot;,&quot;copyright&quot;:&quot;&quot;,&quot;focal_length&quot;:&quot;0&quot;,&quot;iso&quot;:&quot;0&quot;,&quot;shutter_speed&quot;:&quot;0&quot;,&quot;title&quot;:&quot;&quot;,&quot;orientation&quot;:&quot;1&quot;}\" data-image-title=\"B6EF3994-9128-41DF-AE91-FBC82726F273\" data-image-description=\"\" data-image-caption=\"\" data-medium-file=\"https:\/\/i0.wp.com\/blogdalucianaoliveira.com.br\/blog\/wp-content\/uploads\/2019\/03\/B6EF3994-9128-41DF-AE91-FBC82726F273.jpeg?fit=300%2C225\" data-large-file=\"https:\/\/i0.wp.com\/blogdalucianaoliveira.com.br\/blog\/wp-content\/uploads\/2019\/03\/B6EF3994-9128-41DF-AE91-FBC82726F273.jpeg?fit=468%2C351\" src=\"https:\/\/i0.wp.com\/blogdalucianaoliveira.com.br\/blog\/wp-content\/uploads\/2019\/03\/B6EF3994-9128-41DF-AE91-FBC82726F273.jpeg?resize=468%2C351\" alt=\"B6EF3994-9128-41DF-AE91-FBC82726F273\" width=\"468\" height=\"351\" class=\"alignnone size-full wp-image-21046\" srcset=\"https:\/\/i0.wp.com\/blogdalucianaoliveira.com.br\/blog\/wp-content\/uploads\/2019\/03\/B6EF3994-9128-41DF-AE91-FBC82726F273.jpeg?w=468 468w, https:\/\/i0.wp.com\/blogdalucianaoliveira.com.br\/blog\/wp-content\/uploads\/2019\/03\/B6EF3994-9128-41DF-AE91-FBC82726F273.jpeg?resize=300%2C225 300w, https:\/\/i0.wp.com\/blogdalucianaoliveira.com.br\/blog\/wp-content\/uploads\/2019\/03\/B6EF3994-9128-41DF-AE91-FBC82726F273.jpeg?resize=400%2C300 400w\" sizes=\"auto, (max-width: 468px) 100vw, 468px\" \/><\/p>\n<p>O cen\u00e1rio \u00e9 de desolamento. Boa parte dos projetos que chegaram a ser implementados acabaram sendo abandonados fazendo com que a meia d\u00fazia de pessoas que ainda resistem no que se fez chamar de nova Teot\u00f4nio n\u00e3o consigam acreditar de nenhuma forma nas novas promessas que lhes s\u00e3o feitas.<\/p>\n<p>&nbsp;<\/p>\n<p><b><strong>\u00c1GUA \u00c9 REPRESADA POR ATERRO<\/strong><\/b><\/p>\n<p>&nbsp;<\/p>\n<p>O descuido para com a conserva\u00e7\u00e3o ambiental fica evidente na forma como foi constru\u00edda a estrada que veio dar acesso \u00e0 nova vila. Longos trechos de aterro represam as \u00e1guas que invadem as \u00e1reas mais baixas, em fun\u00e7\u00e3o da eleva\u00e7\u00e3o no n\u00edvel promovida pela barragem. Como n\u00e3o houve nessas \u00e1reas que hoje d\u00e3o lugar a l\u00e2minas d\u2019\u00e1gua a remo\u00e7\u00e3o da mat\u00e9ria org\u00e2nica de origem vegetal, paus e folhagens apodrecem.<\/p>\n<p><img data-recalc-dims=\"1\" loading=\"lazy\" decoding=\"async\" data-attachment-id=\"21047\" data-permalink=\"http:\/\/blogdalucianaoliveira.com.br\/blog\/2019\/03\/29\/21044\/ce560ccc-aad4-4a0a-87c6-ef9f90d5715b\/\" data-orig-file=\"https:\/\/i0.wp.com\/blogdalucianaoliveira.com.br\/blog\/wp-content\/uploads\/2019\/03\/CE560CCC-AAD4-4A0A-87C6-EF9F90D5715B.jpeg?fit=554%2C415\" data-orig-size=\"554,415\" data-comments-opened=\"0\" data-image-meta=\"{&quot;aperture&quot;:&quot;0&quot;,&quot;credit&quot;:&quot;&quot;,&quot;camera&quot;:&quot;&quot;,&quot;caption&quot;:&quot;&quot;,&quot;created_timestamp&quot;:&quot;0&quot;,&quot;copyright&quot;:&quot;&quot;,&quot;focal_length&quot;:&quot;0&quot;,&quot;iso&quot;:&quot;0&quot;,&quot;shutter_speed&quot;:&quot;0&quot;,&quot;title&quot;:&quot;&quot;,&quot;orientation&quot;:&quot;1&quot;}\" data-image-title=\"CE560CCC-AAD4-4A0A-87C6-EF9F90D5715B\" data-image-description=\"\" data-image-caption=\"\" data-medium-file=\"https:\/\/i0.wp.com\/blogdalucianaoliveira.com.br\/blog\/wp-content\/uploads\/2019\/03\/CE560CCC-AAD4-4A0A-87C6-EF9F90D5715B.jpeg?fit=300%2C225\" data-large-file=\"https:\/\/i0.wp.com\/blogdalucianaoliveira.com.br\/blog\/wp-content\/uploads\/2019\/03\/CE560CCC-AAD4-4A0A-87C6-EF9F90D5715B.jpeg?fit=554%2C415\" src=\"https:\/\/i0.wp.com\/blogdalucianaoliveira.com.br\/blog\/wp-content\/uploads\/2019\/03\/CE560CCC-AAD4-4A0A-87C6-EF9F90D5715B.jpeg?resize=554%2C415\" alt=\"CE560CCC-AAD4-4A0A-87C6-EF9F90D5715B\" width=\"554\" height=\"415\" class=\"alignnone size-full wp-image-21047\" srcset=\"https:\/\/i0.wp.com\/blogdalucianaoliveira.com.br\/blog\/wp-content\/uploads\/2019\/03\/CE560CCC-AAD4-4A0A-87C6-EF9F90D5715B.jpeg?w=554 554w, https:\/\/i0.wp.com\/blogdalucianaoliveira.com.br\/blog\/wp-content\/uploads\/2019\/03\/CE560CCC-AAD4-4A0A-87C6-EF9F90D5715B.jpeg?resize=300%2C225 300w, https:\/\/i0.wp.com\/blogdalucianaoliveira.com.br\/blog\/wp-content\/uploads\/2019\/03\/CE560CCC-AAD4-4A0A-87C6-EF9F90D5715B.jpeg?resize=400%2C300 400w\" sizes=\"auto, (max-width: 554px) 100vw, 554px\" \/><\/p>\n<p>O cheiro do g\u00e1s metano derivado da putrefa\u00e7\u00e3o da vegeta\u00e7\u00e3o que deveria ter sido removida invade os pulm\u00f5es de quem se arrisca a transitar por ali. \u00c9 um verdadeiro espanta-turista, que p\u00f5e literalmente por \u00e1gua abaixo toda e qualquer esperan\u00e7a de se repetir na nova vila o mesmo fluxo de visitantes que tinha a antiga comunidade de pescadores no entorno na cachoeira.<\/p>\n<p><img data-recalc-dims=\"1\" loading=\"lazy\" decoding=\"async\" data-attachment-id=\"21048\" data-permalink=\"http:\/\/blogdalucianaoliveira.com.br\/blog\/2019\/03\/29\/21044\/d8c6d0b8-f068-46fd-8948-452e4cb9e217\/\" data-orig-file=\"https:\/\/i0.wp.com\/blogdalucianaoliveira.com.br\/blog\/wp-content\/uploads\/2019\/03\/D8C6D0B8-F068-46FD-8948-452E4CB9E217.jpeg?fit=455%2C341\" data-orig-size=\"455,341\" data-comments-opened=\"0\" data-image-meta=\"{&quot;aperture&quot;:&quot;0&quot;,&quot;credit&quot;:&quot;&quot;,&quot;camera&quot;:&quot;&quot;,&quot;caption&quot;:&quot;&quot;,&quot;created_timestamp&quot;:&quot;0&quot;,&quot;copyright&quot;:&quot;&quot;,&quot;focal_length&quot;:&quot;0&quot;,&quot;iso&quot;:&quot;0&quot;,&quot;shutter_speed&quot;:&quot;0&quot;,&quot;title&quot;:&quot;&quot;,&quot;orientation&quot;:&quot;1&quot;}\" data-image-title=\"D8C6D0B8-F068-46FD-8948-452E4CB9E217\" data-image-description=\"\" data-image-caption=\"\" data-medium-file=\"https:\/\/i0.wp.com\/blogdalucianaoliveira.com.br\/blog\/wp-content\/uploads\/2019\/03\/D8C6D0B8-F068-46FD-8948-452E4CB9E217.jpeg?fit=300%2C225\" data-large-file=\"https:\/\/i0.wp.com\/blogdalucianaoliveira.com.br\/blog\/wp-content\/uploads\/2019\/03\/D8C6D0B8-F068-46FD-8948-452E4CB9E217.jpeg?fit=455%2C341\" src=\"https:\/\/i0.wp.com\/blogdalucianaoliveira.com.br\/blog\/wp-content\/uploads\/2019\/03\/D8C6D0B8-F068-46FD-8948-452E4CB9E217.jpeg?resize=455%2C341\" alt=\"D8C6D0B8-F068-46FD-8948-452E4CB9E217\" width=\"455\" height=\"341\" class=\"alignnone size-full wp-image-21048\" srcset=\"https:\/\/i0.wp.com\/blogdalucianaoliveira.com.br\/blog\/wp-content\/uploads\/2019\/03\/D8C6D0B8-F068-46FD-8948-452E4CB9E217.jpeg?w=455 455w, https:\/\/i0.wp.com\/blogdalucianaoliveira.com.br\/blog\/wp-content\/uploads\/2019\/03\/D8C6D0B8-F068-46FD-8948-452E4CB9E217.jpeg?resize=300%2C225 300w, https:\/\/i0.wp.com\/blogdalucianaoliveira.com.br\/blog\/wp-content\/uploads\/2019\/03\/D8C6D0B8-F068-46FD-8948-452E4CB9E217.jpeg?resize=400%2C300 400w\" sizes=\"auto, (max-width: 455px) 100vw, 455px\" \/><\/p>\n<p>Contrariando os mais elementares princ\u00edpios de hidr\u00e1ulica, h\u00e1 um curso d\u2019agua para o qual foi providenciada um galeria para cruzar a estrada em seu ponto mais alto e apenas algumas manilhas em seu ponto mais baixo, onde notoriamente o fluxo de \u00e1gua \u00e9 maior. Percebido que as pequenas manilhas n\u00e3o davam vaz\u00e3o, foi providenciada a coloca\u00e7\u00e3o de mais uma delas, mas tamb\u00e9m sem sucesso. O resultado disso foi o que qualquer pessoa de bom senso imaginaria: a estrada foi coberta pela \u00e1gua e a eros\u00e3o levou boa parte do leito da estrada, deixando a manilha \u00e0 mostra.<\/p>\n<p><img data-recalc-dims=\"1\" loading=\"lazy\" decoding=\"async\" data-attachment-id=\"21052\" data-permalink=\"http:\/\/blogdalucianaoliveira.com.br\/blog\/2019\/03\/29\/21044\/59eda6dc-e5a0-4f9c-ab10-2769a431122e\/\" data-orig-file=\"https:\/\/i0.wp.com\/blogdalucianaoliveira.com.br\/blog\/wp-content\/uploads\/2019\/03\/59EDA6DC-E5A0-4F9C-AB10-2769A431122E.jpeg?fit=455%2C341\" data-orig-size=\"455,341\" data-comments-opened=\"0\" data-image-meta=\"{&quot;aperture&quot;:&quot;0&quot;,&quot;credit&quot;:&quot;&quot;,&quot;camera&quot;:&quot;&quot;,&quot;caption&quot;:&quot;&quot;,&quot;created_timestamp&quot;:&quot;0&quot;,&quot;copyright&quot;:&quot;&quot;,&quot;focal_length&quot;:&quot;0&quot;,&quot;iso&quot;:&quot;0&quot;,&quot;shutter_speed&quot;:&quot;0&quot;,&quot;title&quot;:&quot;&quot;,&quot;orientation&quot;:&quot;1&quot;}\" data-image-title=\"59EDA6DC-E5A0-4F9C-AB10-2769A431122E\" data-image-description=\"\" data-image-caption=\"\" data-medium-file=\"https:\/\/i0.wp.com\/blogdalucianaoliveira.com.br\/blog\/wp-content\/uploads\/2019\/03\/59EDA6DC-E5A0-4F9C-AB10-2769A431122E.jpeg?fit=300%2C225\" data-large-file=\"https:\/\/i0.wp.com\/blogdalucianaoliveira.com.br\/blog\/wp-content\/uploads\/2019\/03\/59EDA6DC-E5A0-4F9C-AB10-2769A431122E.jpeg?fit=455%2C341\" src=\"https:\/\/i0.wp.com\/blogdalucianaoliveira.com.br\/blog\/wp-content\/uploads\/2019\/03\/59EDA6DC-E5A0-4F9C-AB10-2769A431122E.jpeg?resize=455%2C341\" alt=\"59EDA6DC-E5A0-4F9C-AB10-2769A431122E\" width=\"455\" height=\"341\" class=\"alignnone size-full wp-image-21052\" srcset=\"https:\/\/i0.wp.com\/blogdalucianaoliveira.com.br\/blog\/wp-content\/uploads\/2019\/03\/59EDA6DC-E5A0-4F9C-AB10-2769A431122E.jpeg?w=455 455w, https:\/\/i0.wp.com\/blogdalucianaoliveira.com.br\/blog\/wp-content\/uploads\/2019\/03\/59EDA6DC-E5A0-4F9C-AB10-2769A431122E.jpeg?resize=300%2C225 300w, https:\/\/i0.wp.com\/blogdalucianaoliveira.com.br\/blog\/wp-content\/uploads\/2019\/03\/59EDA6DC-E5A0-4F9C-AB10-2769A431122E.jpeg?resize=400%2C300 400w\" sizes=\"auto, (max-width: 455px) 100vw, 455px\" \/><\/p>\n<p><b><strong>APODRECIMENTO SUBTERR\u00c2NEO<\/strong><\/b><\/p>\n<p>Engana-se quem pensa que foi s\u00f3 nessas partes alagadas e represadas pelo aterro da estrada que se deixou de proceder \u00e0 remo\u00e7\u00e3o da vegeta\u00e7\u00e3o. Fotografias feitas por moradores na \u00e9poca em que estavam efetuando as derrubadas para as \u00e1reas de beira-rio que seriam inundadas demonstram que a tecnologia adotada foi a de empurrar o lixo para debaixo do tapete: as \u00e1rvores e arbustos derrubados foram enterrados em valas. E agora est\u00e3o apodrecendo e liberando gases t\u00f3xicos, prejudicando a fauna aqu\u00e1tica e fazendo com que ningu\u00e9m se interesse pela \u201cpraia\u201d que foi constru\u00edda com o prop\u00f3sito de ser um atrativo tur\u00edstico.<\/p>\n<p><img data-recalc-dims=\"1\" loading=\"lazy\" decoding=\"async\" data-attachment-id=\"21053\" data-permalink=\"http:\/\/blogdalucianaoliveira.com.br\/blog\/2019\/03\/29\/21044\/96761357-e4ef-466c-afa9-a9dcfd3bd073\/\" data-orig-file=\"https:\/\/i0.wp.com\/blogdalucianaoliveira.com.br\/blog\/wp-content\/uploads\/2019\/03\/96761357-E4EF-466C-AFA9-A9DCFD3BD073.jpeg?fit=354%2C266\" data-orig-size=\"354,266\" data-comments-opened=\"0\" data-image-meta=\"{&quot;aperture&quot;:&quot;0&quot;,&quot;credit&quot;:&quot;&quot;,&quot;camera&quot;:&quot;&quot;,&quot;caption&quot;:&quot;&quot;,&quot;created_timestamp&quot;:&quot;0&quot;,&quot;copyright&quot;:&quot;&quot;,&quot;focal_length&quot;:&quot;0&quot;,&quot;iso&quot;:&quot;0&quot;,&quot;shutter_speed&quot;:&quot;0&quot;,&quot;title&quot;:&quot;&quot;,&quot;orientation&quot;:&quot;1&quot;}\" data-image-title=\"96761357-E4EF-466C-AFA9-A9DCFD3BD073\" data-image-description=\"\" data-image-caption=\"\" data-medium-file=\"https:\/\/i0.wp.com\/blogdalucianaoliveira.com.br\/blog\/wp-content\/uploads\/2019\/03\/96761357-E4EF-466C-AFA9-A9DCFD3BD073.jpeg?fit=300%2C225\" data-large-file=\"https:\/\/i0.wp.com\/blogdalucianaoliveira.com.br\/blog\/wp-content\/uploads\/2019\/03\/96761357-E4EF-466C-AFA9-A9DCFD3BD073.jpeg?fit=354%2C266\" src=\"https:\/\/i0.wp.com\/blogdalucianaoliveira.com.br\/blog\/wp-content\/uploads\/2019\/03\/96761357-E4EF-466C-AFA9-A9DCFD3BD073.jpeg?resize=354%2C266\" alt=\"96761357-E4EF-466C-AFA9-A9DCFD3BD073\" width=\"354\" height=\"266\" class=\"alignnone size-full wp-image-21053\" srcset=\"https:\/\/i0.wp.com\/blogdalucianaoliveira.com.br\/blog\/wp-content\/uploads\/2019\/03\/96761357-E4EF-466C-AFA9-A9DCFD3BD073.jpeg?w=354 354w, https:\/\/i0.wp.com\/blogdalucianaoliveira.com.br\/blog\/wp-content\/uploads\/2019\/03\/96761357-E4EF-466C-AFA9-A9DCFD3BD073.jpeg?resize=300%2C225 300w\" sizes=\"auto, (max-width: 354px) 100vw, 354px\" \/><br \/>\nAquilo que seria a praia \u00e9 um dos cen\u00e1rios mais tristes que se pode imaginar. Galhadas apodrecem na beira d\u2019\u00e1gua, pois, em que pese saber-se que o rio Madeira tem esse nome justamente por arrastar galhos e troncos, n\u00e3o foi tomada qualquer provid\u00eancia no sentido de prover-se a tal praia de alguma esp\u00e9cie de dispositivo que viesse reter esse material longe da \u00e1rea de banho.<\/p>\n<p><img data-recalc-dims=\"1\" loading=\"lazy\" decoding=\"async\" data-attachment-id=\"21054\" data-permalink=\"http:\/\/blogdalucianaoliveira.com.br\/blog\/2019\/03\/29\/21044\/4bde5f4d-6904-4d24-8dd9-f8094f923afd\/\" data-orig-file=\"https:\/\/i0.wp.com\/blogdalucianaoliveira.com.br\/blog\/wp-content\/uploads\/2019\/03\/4BDE5F4D-6904-4D24-8DD9-F8094F923AFD.jpeg?fit=560%2C420\" data-orig-size=\"560,420\" data-comments-opened=\"0\" data-image-meta=\"{&quot;aperture&quot;:&quot;0&quot;,&quot;credit&quot;:&quot;&quot;,&quot;camera&quot;:&quot;&quot;,&quot;caption&quot;:&quot;&quot;,&quot;created_timestamp&quot;:&quot;0&quot;,&quot;copyright&quot;:&quot;&quot;,&quot;focal_length&quot;:&quot;0&quot;,&quot;iso&quot;:&quot;0&quot;,&quot;shutter_speed&quot;:&quot;0&quot;,&quot;title&quot;:&quot;&quot;,&quot;orientation&quot;:&quot;1&quot;}\" data-image-title=\"4BDE5F4D-6904-4D24-8DD9-F8094F923AFD\" data-image-description=\"\" data-image-caption=\"\" data-medium-file=\"https:\/\/i0.wp.com\/blogdalucianaoliveira.com.br\/blog\/wp-content\/uploads\/2019\/03\/4BDE5F4D-6904-4D24-8DD9-F8094F923AFD.jpeg?fit=300%2C225\" data-large-file=\"https:\/\/i0.wp.com\/blogdalucianaoliveira.com.br\/blog\/wp-content\/uploads\/2019\/03\/4BDE5F4D-6904-4D24-8DD9-F8094F923AFD.jpeg?fit=560%2C420\" src=\"https:\/\/i0.wp.com\/blogdalucianaoliveira.com.br\/blog\/wp-content\/uploads\/2019\/03\/4BDE5F4D-6904-4D24-8DD9-F8094F923AFD.jpeg?resize=560%2C420\" alt=\"4BDE5F4D-6904-4D24-8DD9-F8094F923AFD\" width=\"560\" height=\"420\" class=\"alignnone size-full wp-image-21054\" srcset=\"https:\/\/i0.wp.com\/blogdalucianaoliveira.com.br\/blog\/wp-content\/uploads\/2019\/03\/4BDE5F4D-6904-4D24-8DD9-F8094F923AFD.jpeg?w=560 560w, https:\/\/i0.wp.com\/blogdalucianaoliveira.com.br\/blog\/wp-content\/uploads\/2019\/03\/4BDE5F4D-6904-4D24-8DD9-F8094F923AFD.jpeg?resize=300%2C225 300w, https:\/\/i0.wp.com\/blogdalucianaoliveira.com.br\/blog\/wp-content\/uploads\/2019\/03\/4BDE5F4D-6904-4D24-8DD9-F8094F923AFD.jpeg?resize=400%2C300 400w\" sizes=\"auto, (max-width: 560px) 100vw, 560px\" \/><\/p>\n<p><b><strong>INSEGURAN\u00c7A E INSALUBRIDADE<\/strong><\/b><\/p>\n<p>&nbsp;<\/p>\n<p>Al\u00e9m disso, a prolifera\u00e7\u00e3o de mosquitos nas \u00e1guas paradas e represadas veio complicar ainda mais a situa\u00e7\u00e3o, tornando insuport\u00e1vel a perman\u00eancia no local ap\u00f3s determinado hor\u00e1rio. A isso se soma a absoluta falta de seguran\u00e7a, que vem fazendo com que cada dia sejam mais comuns os roubos de gado nas fazendas que h\u00e1 nas imedia\u00e7\u00f5es, com bois e vacas sendo abatidos, abandonando-se a cabe\u00e7a e o couro, e sendo a carne vendida clandestinamente para moradores do entorno da pr\u00f3pria localidade.<\/p>\n<p>A esse cen\u00e1rio de furtos e roubos, soma-se o crescente consumo de drogas, ao qual adere uma significativa parcela dessa popula\u00e7\u00e3o sem expectativas de melhoramento econ\u00f4mico e sem a devida aten\u00e7\u00e3o por parte dos poderes p\u00fablicos.<\/p>\n<p>&nbsp;<\/p>\n<p><b><strong>ANTIGO MORADOR DENUNCIA DESCASO<\/strong><\/b><\/p>\n<p><b><strong>\u00a0<\/strong><\/b><\/p>\n<p>Carlos Afonso da Silva Damasceno \u00e9 uma das poucas vozes que resistem em Teot\u00f4nio. Ele foi um dos que acreditaram que a nova vila teria vida tur\u00edstica e uma economia sustent\u00e1vel. Chegou a investir na constru\u00e7\u00e3o de um restaurante e na compra de dois \u00f4nibus e um micro-\u00f4nibus para fazerem para operarem no transporte local. S\u00f3 acumulou preju\u00edzos.<\/p>\n<p>Em seu depoimento (V\u00cdDEO) ele fala das frustra\u00e7\u00f5es que est\u00e3o se acumulando na localidade e de investimentos que foram feitos sob a \u00e9gide de compensa\u00e7\u00e3o, mas que em verdade n\u00e3o compensaram em nada as perdas que os antigos moradores da vila do Teot\u00f4nio tiveram com a inunda\u00e7\u00e3o promovida pela barragem da usina hidrel\u00e9trica de Santo Ant\u00f4nio.<\/p>\n<p>Veja o v\u00eddeo: <a href=\"https:\/\/www.youtube.com\/watch?v=HBL6swIHQYQ&amp;t=7s\">https:\/\/www.youtube.com\/watch?v=HBL6swIHQYQ&amp;t=7s<\/a><\/p>\n","protected":false},"excerpt":{"rendered":"<p>&nbsp; Por Edson Lustosa &#8211; O impacto socioambiental da barragem da hidrel\u00e9trica de Santo Ant\u00f4nio sobre a antiga comunidade da cachoeira do Teot\u00f4nio \u00e9 algo dif\u00edcil de ser imaginado por quem n\u00e3o teve a oportunidade de conhecer a localidade nos \u00e1ureos tempos dos torneios de pesca. Era peixe pra todo lado, fartura, divers\u00e3o, turismo.<\/p>\n","protected":false},"author":1,"featured_media":0,"comment_status":"closed","ping_status":"open","sticky":false,"template":"","format":"standard","meta":{"_exactmetrics_skip_tracking":false,"_exactmetrics_sitenote_active":false,"_exactmetrics_sitenote_note":"","_exactmetrics_sitenote_category":0,"jetpack_post_was_ever_published":false,"_jetpack_newsletter_access":"","_jetpack_dont_email_post_to_subs":false,"_jetpack_newsletter_tier_id":0,"_jetpack_memberships_contains_paywalled_content":false,"_jetpack_memberships_contains_paid_content":false,"footnotes":"","jetpack_publicize_message":"","jetpack_publicize_feature_enabled":true,"jetpack_social_post_already_shared":true,"jetpack_social_options":{"image_generator_settings":{"template":"highway","enabled":false},"version":2}},"categories":[1],"tags":[],"class_list":["post-21044","post","type-post","status-publish","format-standard","hentry","category-notas"],"jetpack_publicize_connections":[],"jetpack_sharing_enabled":true,"jetpack_featured_media_url":"","jetpack_shortlink":"https:\/\/wp.me\/s7wKYW-21044","jetpack-related-posts":[],"_links":{"self":[{"href":"http:\/\/blogdalucianaoliveira.com.br\/blog\/wp-json\/wp\/v2\/posts\/21044","targetHints":{"allow":["GET"]}}],"collection":[{"href":"http:\/\/blogdalucianaoliveira.com.br\/blog\/wp-json\/wp\/v2\/posts"}],"about":[{"href":"http:\/\/blogdalucianaoliveira.com.br\/blog\/wp-json\/wp\/v2\/types\/post"}],"author":[{"embeddable":true,"href":"http:\/\/blogdalucianaoliveira.com.br\/blog\/wp-json\/wp\/v2\/users\/1"}],"replies":[{"embeddable":true,"href":"http:\/\/blogdalucianaoliveira.com.br\/blog\/wp-json\/wp\/v2\/comments?post=21044"}],"version-history":[{"count":5,"href":"http:\/\/blogdalucianaoliveira.com.br\/blog\/wp-json\/wp\/v2\/posts\/21044\/revisions"}],"predecessor-version":[{"id":21062,"href":"http:\/\/blogdalucianaoliveira.com.br\/blog\/wp-json\/wp\/v2\/posts\/21044\/revisions\/21062"}],"wp:attachment":[{"href":"http:\/\/blogdalucianaoliveira.com.br\/blog\/wp-json\/wp\/v2\/media?parent=21044"}],"wp:term":[{"taxonomy":"category","embeddable":true,"href":"http:\/\/blogdalucianaoliveira.com.br\/blog\/wp-json\/wp\/v2\/categories?post=21044"},{"taxonomy":"post_tag","embeddable":true,"href":"http:\/\/blogdalucianaoliveira.com.br\/blog\/wp-json\/wp\/v2\/tags?post=21044"}],"curies":[{"name":"wp","href":"https:\/\/api.w.org\/{rel}","templated":true}]}}