{"id":21056,"date":"2019-03-29T16:45:34","date_gmt":"2019-03-29T20:45:34","guid":{"rendered":"http:\/\/blogdalucianaoliveira.com.br\/blog\/?p=21056"},"modified":"2019-03-29T16:45:34","modified_gmt":"2019-03-29T20:45:34","slug":"motivo-da-irritacao-de-bolsonaro-com-ex-presidente-da-embratur-foi-alceu-valenca","status":"publish","type":"post","link":"http:\/\/blogdalucianaoliveira.com.br\/blog\/2019\/03\/29\/motivo-da-irritacao-de-bolsonaro-com-ex-presidente-da-embratur-foi-alceu-valenca\/","title":{"rendered":"MOTIVO DA IRRITA\u00c7\u00c3O DE BOLSONARO COM EX-PRESIDENTE DA EMBRATUR FOI ALCEU VALEN\u00c7A"},"content":{"rendered":"<p><img data-recalc-dims=\"1\" loading=\"lazy\" decoding=\"async\" data-attachment-id=\"21057\" data-permalink=\"http:\/\/blogdalucianaoliveira.com.br\/blog\/2019\/03\/29\/motivo-da-irritacao-de-bolsonaro-com-ex-presidente-da-embratur-foi-alceu-valenca\/cefef504-03ed-4bf6-8e22-95db7b32da16\/\" data-orig-file=\"https:\/\/i0.wp.com\/blogdalucianaoliveira.com.br\/blog\/wp-content\/uploads\/2019\/03\/CEFEF504-03ED-4BF6-8E22-95DB7B32DA16.jpeg?fit=480%2C240\" data-orig-size=\"480,240\" data-comments-opened=\"0\" data-image-meta=\"{&quot;aperture&quot;:&quot;0&quot;,&quot;credit&quot;:&quot;&quot;,&quot;camera&quot;:&quot;&quot;,&quot;caption&quot;:&quot;&quot;,&quot;created_timestamp&quot;:&quot;0&quot;,&quot;copyright&quot;:&quot;&quot;,&quot;focal_length&quot;:&quot;0&quot;,&quot;iso&quot;:&quot;0&quot;,&quot;shutter_speed&quot;:&quot;0&quot;,&quot;title&quot;:&quot;&quot;,&quot;orientation&quot;:&quot;0&quot;}\" data-image-title=\"CEFEF504-03ED-4BF6-8E22-95DB7B32DA16\" data-image-description=\"\" data-image-caption=\"\" data-medium-file=\"https:\/\/i0.wp.com\/blogdalucianaoliveira.com.br\/blog\/wp-content\/uploads\/2019\/03\/CEFEF504-03ED-4BF6-8E22-95DB7B32DA16.jpeg?fit=300%2C150\" data-large-file=\"https:\/\/i0.wp.com\/blogdalucianaoliveira.com.br\/blog\/wp-content\/uploads\/2019\/03\/CEFEF504-03ED-4BF6-8E22-95DB7B32DA16.jpeg?fit=480%2C240\" src=\"https:\/\/i0.wp.com\/blogdalucianaoliveira.com.br\/blog\/wp-content\/uploads\/2019\/03\/CEFEF504-03ED-4BF6-8E22-95DB7B32DA16.jpeg?resize=480%2C240\" alt=\"CEFEF504-03ED-4BF6-8E22-95DB7B32DA16\" width=\"480\" height=\"240\" class=\"alignnone size-full wp-image-21057\" srcset=\"https:\/\/i0.wp.com\/blogdalucianaoliveira.com.br\/blog\/wp-content\/uploads\/2019\/03\/CEFEF504-03ED-4BF6-8E22-95DB7B32DA16.jpeg?w=480 480w, https:\/\/i0.wp.com\/blogdalucianaoliveira.com.br\/blog\/wp-content\/uploads\/2019\/03\/CEFEF504-03ED-4BF6-8E22-95DB7B32DA16.jpeg?resize=300%2C150 300w\" sizes=\"auto, (max-width: 480px) 100vw, 480px\" \/><\/p>\n<p>247 &#8211; Segundo o jornalista Tales Faria, o motivo da disc\u00f3rdia entre o presidente Jair Bolsonaro e a ex-presidente da Embratur, Tet\u00e9 Bezerra, foi o cantor e compositor Alceu Valen\u00e7a, que no segundo turno das elei\u00e7\u00f5es presidenciais de 2018 declarou voto em Fernando Haddad (PT).<!--more--><\/p>\n<p>Na \u00faltima live semanal que faz \u00e0s quintas-feiras, Bolsonaro disse que mandou o ministro do Turismo Marcelo \u00c1lvaro Ant\u00f4nio demitir a ex-deputada Tet\u00e9 Bezerra (MDB-MT) por conta de um evento de R$ 290 mil que seria patrocinado pela Embratur.<\/p>\n<p>J\u00e1 a ex-presidente explicou em nota oficial que entregou carta de demiss\u00e3o ao ministro do Turismo na pr\u00f3pria quinta (28), mas que estava demission\u00e1ria do cargo desde fevereiro. &#8220;Permaneci na fun\u00e7\u00e3o a pedido do ministro, que avaliou que n\u00e3o era oportuna a minha sa\u00edda naquele momento&#8221;, escreveu.<\/p>\n<p>&#8220;Quero crer que n\u00e3o tenha sido por causa do Alceu Valen\u00e7a que o presidente cometeu tamanho erro. Nem sei de seu gosto musical. Prefiro acreditar que tenha sido simples desconhecimento da import\u00e2ncia da feira para o Brasil&#8221;, disse Tet\u00e9 ao blog de Tales Faria.<\/p>\n<p>O deputado Carlos Bezerra (MDB-MT), marido de Tet\u00e9 Bezerra, se mostrou bem mais irritado: &#8220;O show n\u00e3o \u00e9 contratado pela Embratur, mas sim pela empresa promotora do evento. Esse presidente \u00e9 um despreparado, paranoico. N\u00e3o sabe da import\u00e2ncia do evento no meio tur\u00edstico mundial e nem o quanto a sua atitude dep\u00f5e contra o Brasil.&#8221;<\/p>\n<p>No segundo turno da elei\u00e7\u00e3o, Alceu Valen\u00e7a declarou: &#8220;Em nome da democracia, da ecologia, da diversidade, da solidariedade e do humanismo voto em Haddad&#8221;.<\/p>\n","protected":false},"excerpt":{"rendered":"<p>247 &#8211; Segundo o jornalista Tales Faria, o motivo da disc\u00f3rdia entre o presidente Jair Bolsonaro e a ex-presidente da Embratur, Tet\u00e9 Bezerra, foi o cantor e compositor Alceu Valen\u00e7a, que no segundo turno das elei\u00e7\u00f5es presidenciais de 2018 declarou voto em Fernando Haddad (PT).<\/p>\n","protected":false},"author":1,"featured_media":0,"comment_status":"closed","ping_status":"open","sticky":false,"template":"","format":"standard","meta":{"_exactmetrics_skip_tracking":false,"_exactmetrics_sitenote_active":false,"_exactmetrics_sitenote_note":"","_exactmetrics_sitenote_category":0,"jetpack_post_was_ever_published":false,"_jetpack_newsletter_access":"","_jetpack_dont_email_post_to_subs":false,"_jetpack_newsletter_tier_id":0,"_jetpack_memberships_contains_paywalled_content":false,"_jetpack_memberships_contains_paid_content":false,"footnotes":"","jetpack_publicize_message":"","jetpack_publicize_feature_enabled":true,"jetpack_social_post_already_shared":true,"jetpack_social_options":{"image_generator_settings":{"template":"highway","enabled":false},"version":2}},"categories":[1],"tags":[],"class_list":["post-21056","post","type-post","status-publish","format-standard","hentry","category-notas"],"jetpack_publicize_connections":[],"jetpack_sharing_enabled":true,"jetpack_featured_media_url":"","jetpack_shortlink":"https:\/\/wp.me\/p7wKYW-5tC","jetpack-related-posts":[],"_links":{"self":[{"href":"http:\/\/blogdalucianaoliveira.com.br\/blog\/wp-json\/wp\/v2\/posts\/21056","targetHints":{"allow":["GET"]}}],"collection":[{"href":"http:\/\/blogdalucianaoliveira.com.br\/blog\/wp-json\/wp\/v2\/posts"}],"about":[{"href":"http:\/\/blogdalucianaoliveira.com.br\/blog\/wp-json\/wp\/v2\/types\/post"}],"author":[{"embeddable":true,"href":"http:\/\/blogdalucianaoliveira.com.br\/blog\/wp-json\/wp\/v2\/users\/1"}],"replies":[{"embeddable":true,"href":"http:\/\/blogdalucianaoliveira.com.br\/blog\/wp-json\/wp\/v2\/comments?post=21056"}],"version-history":[{"count":1,"href":"http:\/\/blogdalucianaoliveira.com.br\/blog\/wp-json\/wp\/v2\/posts\/21056\/revisions"}],"predecessor-version":[{"id":21058,"href":"http:\/\/blogdalucianaoliveira.com.br\/blog\/wp-json\/wp\/v2\/posts\/21056\/revisions\/21058"}],"wp:attachment":[{"href":"http:\/\/blogdalucianaoliveira.com.br\/blog\/wp-json\/wp\/v2\/media?parent=21056"}],"wp:term":[{"taxonomy":"category","embeddable":true,"href":"http:\/\/blogdalucianaoliveira.com.br\/blog\/wp-json\/wp\/v2\/categories?post=21056"},{"taxonomy":"post_tag","embeddable":true,"href":"http:\/\/blogdalucianaoliveira.com.br\/blog\/wp-json\/wp\/v2\/tags?post=21056"}],"curies":[{"name":"wp","href":"https:\/\/api.w.org\/{rel}","templated":true}]}}