{"id":21069,"date":"2019-03-30T10:59:10","date_gmt":"2019-03-30T14:59:10","guid":{"rendered":"http:\/\/blogdalucianaoliveira.com.br\/blog\/?p=21069"},"modified":"2019-03-30T10:59:11","modified_gmt":"2019-03-30T14:59:11","slug":"que-pro-nosso-gozo-vem-amem-mamem-amem","status":"publish","type":"post","link":"http:\/\/blogdalucianaoliveira.com.br\/blog\/2019\/03\/30\/que-pro-nosso-gozo-vem-amem-mamem-amem\/","title":{"rendered":"Que pro nosso gozo vem, am\u00e9m, Mamem, am\u00e9m"},"content":{"rendered":"<p><img data-recalc-dims=\"1\" loading=\"lazy\" decoding=\"async\" data-attachment-id=\"21070\" data-permalink=\"http:\/\/blogdalucianaoliveira.com.br\/blog\/2019\/03\/30\/que-pro-nosso-gozo-vem-amem-mamem-amem\/edn\/\" data-orig-file=\"https:\/\/i0.wp.com\/blogdalucianaoliveira.com.br\/blog\/wp-content\/uploads\/2019\/03\/edn.jpg?fit=640%2C428\" data-orig-size=\"640,428\" data-comments-opened=\"0\" data-image-meta=\"{&quot;aperture&quot;:&quot;0&quot;,&quot;credit&quot;:&quot;&quot;,&quot;camera&quot;:&quot;&quot;,&quot;caption&quot;:&quot;&quot;,&quot;created_timestamp&quot;:&quot;0&quot;,&quot;copyright&quot;:&quot;&quot;,&quot;focal_length&quot;:&quot;0&quot;,&quot;iso&quot;:&quot;0&quot;,&quot;shutter_speed&quot;:&quot;0&quot;,&quot;title&quot;:&quot;&quot;,&quot;orientation&quot;:&quot;0&quot;}\" data-image-title=\"edn\" data-image-description=\"\" data-image-caption=\"\" data-medium-file=\"https:\/\/i0.wp.com\/blogdalucianaoliveira.com.br\/blog\/wp-content\/uploads\/2019\/03\/edn.jpg?fit=300%2C201\" data-large-file=\"https:\/\/i0.wp.com\/blogdalucianaoliveira.com.br\/blog\/wp-content\/uploads\/2019\/03\/edn.jpg?fit=600%2C401\" src=\"https:\/\/i0.wp.com\/blogdalucianaoliveira.com.br\/blog\/wp-content\/uploads\/2019\/03\/edn.jpg?resize=600%2C401\" alt=\"edn\" width=\"600\" height=\"401\" class=\"alignnone size-full wp-image-21070\" srcset=\"https:\/\/i0.wp.com\/blogdalucianaoliveira.com.br\/blog\/wp-content\/uploads\/2019\/03\/edn.jpg?w=640 640w, https:\/\/i0.wp.com\/blogdalucianaoliveira.com.br\/blog\/wp-content\/uploads\/2019\/03\/edn.jpg?resize=300%2C201 300w, https:\/\/i0.wp.com\/blogdalucianaoliveira.com.br\/blog\/wp-content\/uploads\/2019\/03\/edn.jpg?resize=449%2C300 449w\" sizes=\"auto, (max-width: 600px) 100vw, 600px\" \/><\/p>\n<p>Foi ent\u00e3o que os censores implicaram com a m\u00fasica &#8220;Manga Rosa&#8221;, do Ednardo.<\/p>\n<p>Diziam que ele se referia a um tipo especial de maconha.<\/p>\n<p>Ednardo tentou explicar que era uma homenagem \u00e0 m\u00e3e (Maria), \u00e0 filha (Joana) e \u00e0 esposa (Rosane) e que lembrava a amamenta\u00e7\u00e3o, o sugar gostoso de um seio. <!--more--><\/p>\n<p>&#8220;Peitos gostosos, rosados doces mama<br \/>\nMama mam\u00e3e<br \/>\nTeu sumo escorre da minha boca<br \/>\nEntre aberta a porta por onde entra e por onde sai<br \/>\nPor onde entra e sai o mundo, mundo&#8221;<\/p>\n<p>Durou 8 meses a censura, tempo em que o disco ficou emperrado e comprometeu a publicidade e os shows agendados.<\/p>\n<p>Roda mundo&#8230;<br \/>\nPassado o tempo sombrio, em 2003 a presen\u00e7a emocionada de uma mulher em show no Rio de Janeiro, chamou a aten\u00e7\u00e3o.<\/p>\n<p>Ela o procurou no camarim e disse o por qu\u00ea:<\/p>\n<p>&#8220;Olha, meu filho, eu tenho uma coisa pra te dizer. Eu sou a pessoa que prendeu essa m\u00fasica durante 8 meses na censura federal. Eu era a censora federal aqui no Rio de Janeiro. Eu vi, agora, que essa m\u00fasica \u00e9 bela.&#8221;<\/p>\n<p>Ednardo falou assim: &#8220;pois olha, amanh\u00e3 se a senhora vier, vou oferecer a m\u00fasica pra voc\u00ea. <\/p>\n<p>E assim foi.<\/p>\n<p>&#8220;Essa senhora que est\u00e1 aqui maravilhosa curtindo a m\u00fasica; eu ofere\u00e7o pra ela; ela foi a pessoa que prendeu essa m\u00fasica durante 8 meses na censura federal, porque ela achava que era coisa de maconha e sabe, agora ela tem filhos e sabe que isso foi um besteira&#8221;.<\/p>\n<p>&#8220;De verde amarelo maduro fruto<br \/>\nQue pro nosso gozo vem, am\u00e9m<br \/>\nMamem, am\u00e9m&#8221;<\/p>\n<p>*Ednardo, 2003, p. 18<\/p>\n","protected":false},"excerpt":{"rendered":"<p>Foi ent\u00e3o que os censores implicaram com a m\u00fasica &#8220;Manga Rosa&#8221;, do Ednardo. Diziam que ele se referia a um tipo especial de maconha. Ednardo tentou explicar que era uma homenagem \u00e0 m\u00e3e (Maria), \u00e0 filha (Joana) e \u00e0 esposa (Rosane) e que lembrava a amamenta\u00e7\u00e3o, o sugar gostoso de um seio.<\/p>\n","protected":false},"author":1,"featured_media":0,"comment_status":"closed","ping_status":"open","sticky":false,"template":"","format":"standard","meta":{"_exactmetrics_skip_tracking":false,"_exactmetrics_sitenote_active":false,"_exactmetrics_sitenote_note":"","_exactmetrics_sitenote_category":0,"jetpack_post_was_ever_published":false,"_jetpack_newsletter_access":"","_jetpack_dont_email_post_to_subs":false,"_jetpack_newsletter_tier_id":0,"_jetpack_memberships_contains_paywalled_content":false,"_jetpack_memberships_contains_paid_content":false,"footnotes":"","jetpack_publicize_message":"","jetpack_publicize_feature_enabled":true,"jetpack_social_post_already_shared":true,"jetpack_social_options":{"image_generator_settings":{"template":"highway","enabled":false},"version":2}},"categories":[1],"tags":[],"class_list":["post-21069","post","type-post","status-publish","format-standard","hentry","category-notas"],"jetpack_publicize_connections":[],"jetpack_sharing_enabled":true,"jetpack_featured_media_url":"","jetpack_shortlink":"https:\/\/wp.me\/p7wKYW-5tP","jetpack-related-posts":[],"_links":{"self":[{"href":"http:\/\/blogdalucianaoliveira.com.br\/blog\/wp-json\/wp\/v2\/posts\/21069","targetHints":{"allow":["GET"]}}],"collection":[{"href":"http:\/\/blogdalucianaoliveira.com.br\/blog\/wp-json\/wp\/v2\/posts"}],"about":[{"href":"http:\/\/blogdalucianaoliveira.com.br\/blog\/wp-json\/wp\/v2\/types\/post"}],"author":[{"embeddable":true,"href":"http:\/\/blogdalucianaoliveira.com.br\/blog\/wp-json\/wp\/v2\/users\/1"}],"replies":[{"embeddable":true,"href":"http:\/\/blogdalucianaoliveira.com.br\/blog\/wp-json\/wp\/v2\/comments?post=21069"}],"version-history":[{"count":1,"href":"http:\/\/blogdalucianaoliveira.com.br\/blog\/wp-json\/wp\/v2\/posts\/21069\/revisions"}],"predecessor-version":[{"id":21071,"href":"http:\/\/blogdalucianaoliveira.com.br\/blog\/wp-json\/wp\/v2\/posts\/21069\/revisions\/21071"}],"wp:attachment":[{"href":"http:\/\/blogdalucianaoliveira.com.br\/blog\/wp-json\/wp\/v2\/media?parent=21069"}],"wp:term":[{"taxonomy":"category","embeddable":true,"href":"http:\/\/blogdalucianaoliveira.com.br\/blog\/wp-json\/wp\/v2\/categories?post=21069"},{"taxonomy":"post_tag","embeddable":true,"href":"http:\/\/blogdalucianaoliveira.com.br\/blog\/wp-json\/wp\/v2\/tags?post=21069"}],"curies":[{"name":"wp","href":"https:\/\/api.w.org\/{rel}","templated":true}]}}