{"id":21075,"date":"2019-03-30T20:22:22","date_gmt":"2019-03-31T00:22:22","guid":{"rendered":"http:\/\/blogdalucianaoliveira.com.br\/blog\/?p=21075"},"modified":"2019-03-30T20:22:22","modified_gmt":"2019-03-31T00:22:22","slug":"dr-renato-medeiros-lideranca-popular-do-territorio-de-rondonia","status":"publish","type":"post","link":"http:\/\/blogdalucianaoliveira.com.br\/blog\/2019\/03\/30\/dr-renato-medeiros-lideranca-popular-do-territorio-de-rondonia\/","title":{"rendered":"DR. RENATO MEDEIROS &#8211; LIDERAN\u00c7A POPULAR DO TERRIT\u00d3RIO DE ROND\u00d4NIA"},"content":{"rendered":"<p><img data-recalc-dims=\"1\" loading=\"lazy\" decoding=\"async\" data-attachment-id=\"21076\" data-permalink=\"http:\/\/blogdalucianaoliveira.com.br\/blog\/2019\/03\/30\/dr-renato-medeiros-lideranca-popular-do-territorio-de-rondonia\/f2d559f6-fd12-4814-9fa0-779c1e63e515\/\" data-orig-file=\"https:\/\/i0.wp.com\/blogdalucianaoliveira.com.br\/blog\/wp-content\/uploads\/2019\/03\/F2D559F6-FD12-4814-9FA0-779C1E63E515.jpeg?fit=209%2C400\" data-orig-size=\"209,400\" data-comments-opened=\"0\" data-image-meta=\"{&quot;aperture&quot;:&quot;0&quot;,&quot;credit&quot;:&quot;&quot;,&quot;camera&quot;:&quot;&quot;,&quot;caption&quot;:&quot;&quot;,&quot;created_timestamp&quot;:&quot;0&quot;,&quot;copyright&quot;:&quot;&quot;,&quot;focal_length&quot;:&quot;0&quot;,&quot;iso&quot;:&quot;0&quot;,&quot;shutter_speed&quot;:&quot;0&quot;,&quot;title&quot;:&quot;&quot;,&quot;orientation&quot;:&quot;0&quot;}\" data-image-title=\"F2D559F6-FD12-4814-9FA0-779C1E63E515\" data-image-description=\"\" data-image-caption=\"\" data-medium-file=\"https:\/\/i0.wp.com\/blogdalucianaoliveira.com.br\/blog\/wp-content\/uploads\/2019\/03\/F2D559F6-FD12-4814-9FA0-779C1E63E515.jpeg?fit=157%2C300\" data-large-file=\"https:\/\/i0.wp.com\/blogdalucianaoliveira.com.br\/blog\/wp-content\/uploads\/2019\/03\/F2D559F6-FD12-4814-9FA0-779C1E63E515.jpeg?fit=209%2C400\" src=\"https:\/\/i0.wp.com\/blogdalucianaoliveira.com.br\/blog\/wp-content\/uploads\/2019\/03\/F2D559F6-FD12-4814-9FA0-779C1E63E515.jpeg?resize=209%2C400\" alt=\"F2D559F6-FD12-4814-9FA0-779C1E63E515\" width=\"209\" height=\"400\" class=\"alignnone size-full wp-image-21076\" srcset=\"https:\/\/i0.wp.com\/blogdalucianaoliveira.com.br\/blog\/wp-content\/uploads\/2019\/03\/F2D559F6-FD12-4814-9FA0-779C1E63E515.jpeg?w=209 209w, https:\/\/i0.wp.com\/blogdalucianaoliveira.com.br\/blog\/wp-content\/uploads\/2019\/03\/F2D559F6-FD12-4814-9FA0-779C1E63E515.jpeg?resize=157%2C300 157w\" sizes=\"auto, (max-width: 209px) 100vw, 209px\" \/><\/p>\n<p>Palavras r\u00e1pidas, por ocasi\u00e3o do cent\u00e9simo s\u00e9timo anivers\u00e1rio da pessoa que foi o Dr. Renato Cl\u00edmaco Borralho de Medeiros.<!--more--><\/p>\n<p>Por Zola Xavier <\/p>\n<p>Negro, m\u00e9dico, m\u00fasico, amante do futebol e socialista. Nascido em 30 de mar\u00e7o de 1912 na cidade de Bel\u00e9m do Par\u00e1. Dr. Renato Medeiros formou-se na Faculdade Federal do Par\u00e1; teve uma juventude ativa, envolvida com a sociedade de sua \u00e9poca, preenchida pelos estudos, o violino e o futebol. Chegou a participar dos quadros do extinto Clube Julio Cesar, da segunda divis\u00e3o do futebol paraense. Com seu violino percorreu a vida bo\u00eamia e cultural de Bel\u00e9m, tocando nos cabar\u00e9s, nas festas de amigos e nas salas de proje\u00e7\u00e3o no tempo do cinema mudo.<\/p>\n<p>A convite de seu colega de medicina e de m\u00fasica, Dr. Rubens Brito, chegou a Porto Velho em 13 de junho de 1942, a bordo de um Catalina, com sua esposa dona Lygia Medeiros e seu filho Raimundo.  Logo vai trabalhar na Estrada de Ferro Madeira Mamor\u00e9;  em janeiro de 2008, Dona Lygia  em entrevista concedida a esse escriba, que teve o prazer de contar com a participa\u00e7\u00e3o  de An\u00edsio Gorayeb Filho e Ant\u00f4nio Serpa do Amaral Filho, recordou esse tempo: \u201cO Rubens Brito que era cunhado do Alu\u00edzio Ferreira, convidou a gente e a\u00ed viemos. Chegando aqui, Renato foi trabalhar na Madeira Mamor\u00e9, percorrendo a ferrovia de litorina, medicando os trabalhadores. Cada m\u00eas ia um m\u00e9dico. Gostozinho andar de litorina, ia sempre com ele, mas para passear e ficava em Guajar\u00e1 &#8211; Mirim na casa de uma amiga\u201d.<br \/>\nSua atividade se estendeu tamb\u00e9m para o Hospital S\u00e3o Jos\u00e9 e seu consult\u00f3rio particular. Atendia a todos os que batiam a sua porta, na grande maioria das vezes sem cobrar, como afirmou dona Lygia: \u201cAtendia e de gra\u00e7a. Ele andava num JEEP velho pelos bairros visitando as pessoas\u201d.<\/p>\n<p>O Soldado da Borracha, Sr. Anast\u00e1cio Gomes, nos revelou, em depoimento rar\u00edssimo, suas andan\u00e7as com o m\u00e9dico:  \u201cEu conheci o Dr. Renato, andando com ele a p\u00e9 na primeira col\u00f4nia que foi aberta aqui em Porto Velho, ele receitando gente e eu aplicando inje\u00e7\u00e3o, n\u00e3o tenho uma forma\u00e7\u00e3o de enfermagem, mas tinha a curiosidade. Ele ia de casa em casa, de barraco em barraco, passando por cima de pau pelo varadouro, cruzando os igarap\u00e9s por dentro d\u2019\u00e1gua, eu com a caixa de medicamentos nas costas e ele com os aparelhos de press\u00e3o, aquela coisa toda. Era um grande amigo meu, eu gostava do Dr. Renato. Um grande m\u00e9dico\u201d.<br \/>\nDr. Renato Medeiros entrou na pol\u00edtica para presidir no Territ\u00f3rio Federal do Guapor\u00e9, o Partido Social Progressista \u2013 PSP, sigla que abrigou a Frente Popular. Na sua primeira disputa eleitoral, veio como suplente de Joaquim Vicente Rondon, na chapa do PSP para o pleito de 03 de outubro de 1950. <\/p>\n<p>Na \u00e9poca, o Territ\u00f3rio do Guapor\u00e9 tinha direito a apenas uma cadeira na C\u00e2mara do Deputados;  a elei\u00e7\u00e3o  era composta de dois pleitos independentes, entre titulares e suplentes.  Em Porto Velho, Renato Medeiros conquistou sua primeira vit\u00f3ria em pleitos eleitorais. Como suplente, venceu seu advers\u00e1rio do PTB, o agr\u00f4nomo Edgar Cordeiro, por uma margem de 252 votos. Com esse resultado hist\u00f3rico Renato consagrou-se como a lideran\u00e7a popular no seio da oposi\u00e7\u00e3o.  Nessa mesma elei\u00e7\u00e3o, Aluizio Ferreira foi eleito Deputado federal por uma diferen\u00e7a de 108 votos em todo o Territ\u00f3rio.<br \/>\nNa elei\u00e7\u00e3o seguinte, em outubro de 1954, a Frente Popular conquistou a sua primeira vit\u00f3ria no Territ\u00f3rio. O pleito foi precedido por in\u00fameras viol\u00eancias, arbitrariedades e farsas engendradas  no Pal\u00e1cio Get\u00falio Vargas, sede do governo do Territ\u00f3rio do Guapor\u00e9.  <\/p>\n<p>Numa manobra que visava afast\u00e1-lo da disputa eleitoral, Renato Medeiros foi preso sob a alega\u00e7\u00e3o de ser o principal articulador da cria\u00e7\u00e3o da Rep\u00fablica Socialista do Guapor\u00e9.   Levado sob varas \u00e0 Bel\u00e9m do Par\u00e1, pelo Delegado de Pol\u00edcia de Porto Velho Dr. Franco Martyres, sendo entregue ao comandante da 8\u00aa RM. Absolvido, Renato Medeiros voltou ao Guapor\u00e9 para, novamente, ser o destaque no resultado eleitoral, obtendo como suplente, a mesma quantidade de votos que o vencedor Joaquim Vicente Rondon.<br \/>\nCom a vit\u00f3ria do PSP seu nome \u00e9 cogitado pelos seus correligion\u00e1rios, para ocupar a Secretaria Geral do Territ\u00f3rio, cargo que correspondia \u00e0 vice &#8211; governador. <\/p>\n<p>A rea\u00e7\u00e3o de seus advers\u00e1rios  alcan\u00e7ou  proje\u00e7\u00e3o nacional. O jornal O Globo,  de 22 de mar\u00e7o de 1955, em seu editorial, o qualificou como uma temeridade para o Brasil: \u201cIndiscutivelmente, nomear Secret\u00e1rio Geral do Guapor\u00e9 um comunista seria o mesmo que p\u00f4r a disposi\u00e7\u00e3o dos vermelhos um grande peda\u00e7o do Brasil e, sobretudo, facilitar a infiltra\u00e7\u00e3o no pa\u00eds dos elementos Bolchevistas que ora se acham na Bol\u00edvia. O trabalho para que aquele secret\u00e1rio de imprensa e propaganda do extinto Partido Comunista chegue a ocupar o importante cargo, vem sendo desenvolvido, ao que se afirma, pelo atual deputado Joaquim Vicente Rondon, o qual ali\u00e1s deve a sua elei\u00e7\u00e3o para a C\u00e2mara ao Sr. Medeiros, que empregou na propaganda da sua candidatura a t\u00e9cnica comunista de ilaquear a boa f\u00e9 das classes mais modestas\u201d. Por  tudo isso, seu nome n\u00e3o emplacou.<\/p>\n<p>Em abril de 55, Renato Medeiros foi indicado para prefeito de Porto Velho,  permanecendo no cargo at\u00e9 14 de outubro de 56, quando foi substitu\u00eddo e, ent\u00e3o, retomou as suas atividades como m\u00e9dico.<br \/>\nCom o pedido de licen\u00e7a de Joaquim Rondon, em agosto de 57, Renato Medeiros  assume, pela primeira vez,  a vaga de representante do Territ\u00f3rio do Guapor\u00e9 na C\u00e2mara dos Deputados.<br \/>\nEm 1958 s\u00e3o quatro os postulantes a uma \u00fanica cadeira na C\u00e2mara dos Deputados: Eduardo Colares, pelo Partido Libertador, Ara\u00fajo Lima, pela Coliga\u00e7\u00e3o UDN\/PTN,  Aluizio Ferreira, pela Coliga\u00e7\u00e3o PSD\/PTB e Renato Medeiros, pelo PSP tendo como seu suplente, o socialista Thom\u00e1z Chaquian. Com o fracionamento dos oposicionistas, Aluizio Ferreira, venceu as elei\u00e7\u00f5es por uma margem de pouco mais de  400 votos.<\/p>\n<p>Em outubro de 62, Renato Medeiros saiu para sua \u00faltima disputa eleitoral. Foi uma candidatura alicer\u00e7ada no movimento popular, contando com o apoio de todos os sindicatos de trabalhadores, muitos dos quais foram fundados com a sua participa\u00e7\u00e3o. A Uni\u00e3o Rondoniense dos Estudantes Secundaristas \u2013 URES, que tinha Carm\u00eanio Barroso na presid\u00eancia, apoiava ativamente a  candidatura da Frente Popular. <\/p>\n<p>Pela primeira vez, Renato Medeiros recebeu o apoio dos Castiel. A professora Marise Castiel, que exercia forte lideran\u00e7a no professorado,  esteve na organiza\u00e7\u00e3o da campanha, junto com figuras de proa da Frente Popular,  entre elas Wadih Darwich,  diretor propriet\u00e1rio do jornal A Folha de Rond\u00f4nia, ve\u00edculo de fundamental import\u00e2ncia na campanha,  localizado na rua Bar\u00e3o do Rio Branco, onde Renato mantinha seu quartel general.<br \/>\nVit\u00f3ria anunciada a cada esquina, gerou um ar temer\u00e1rio para a seguran\u00e7a individual dos principais membros da campanha. <\/p>\n<p>Na noite de 26 de setembro de 1962, o com\u00edcio de encerramento da campanha  terminou em trag\u00e9dia, com dezenas de feridos e alguns mortos. A vit\u00f3ria da Frente Popular  veio com sangue nas ruas.<br \/>\nUm ano e seis meses depois,  o golpe civil militar de 1\u00ba de abril de 1964, encerrou sua carreira pol\u00edtica, iniciada na juventude  quando ainda tocava  violino nas salas de cinema mudo de Bel\u00e9m.  <\/p>\n<p>Dr. Renato Medeiros, ao longo de sua trajet\u00f3ria pol\u00edtica no Territ\u00f3rio de Rond\u00f4nia, al\u00e9m das in\u00fameras inf\u00e2mias, arbitrariedades e injusti\u00e7as, sofreu com as manifesta\u00e7\u00f5es racistas, veiculadas pelo jornal O Guapor\u00e9, porta voz do pensamento aluizista que,   sistematicamente, o chamava de   \u201c Louro \u201c.  <\/p>\n","protected":false},"excerpt":{"rendered":"<p>Palavras r\u00e1pidas, por ocasi\u00e3o do cent\u00e9simo s\u00e9timo anivers\u00e1rio da pessoa que foi o Dr. Renato Cl\u00edmaco Borralho de Medeiros.<\/p>\n","protected":false},"author":1,"featured_media":0,"comment_status":"closed","ping_status":"open","sticky":false,"template":"","format":"standard","meta":{"_exactmetrics_skip_tracking":false,"_exactmetrics_sitenote_active":false,"_exactmetrics_sitenote_note":"","_exactmetrics_sitenote_category":0,"jetpack_post_was_ever_published":false,"_jetpack_newsletter_access":"","_jetpack_dont_email_post_to_subs":false,"_jetpack_newsletter_tier_id":0,"_jetpack_memberships_contains_paywalled_content":false,"_jetpack_memberships_contains_paid_content":false,"footnotes":"","jetpack_publicize_message":"","jetpack_publicize_feature_enabled":true,"jetpack_social_post_already_shared":true,"jetpack_social_options":{"image_generator_settings":{"template":"highway","enabled":false},"version":2}},"categories":[1],"tags":[],"class_list":["post-21075","post","type-post","status-publish","format-standard","hentry","category-notas"],"jetpack_publicize_connections":[],"jetpack_sharing_enabled":true,"jetpack_featured_media_url":"","jetpack_shortlink":"https:\/\/wp.me\/p7wKYW-5tV","jetpack-related-posts":[],"_links":{"self":[{"href":"http:\/\/blogdalucianaoliveira.com.br\/blog\/wp-json\/wp\/v2\/posts\/21075","targetHints":{"allow":["GET"]}}],"collection":[{"href":"http:\/\/blogdalucianaoliveira.com.br\/blog\/wp-json\/wp\/v2\/posts"}],"about":[{"href":"http:\/\/blogdalucianaoliveira.com.br\/blog\/wp-json\/wp\/v2\/types\/post"}],"author":[{"embeddable":true,"href":"http:\/\/blogdalucianaoliveira.com.br\/blog\/wp-json\/wp\/v2\/users\/1"}],"replies":[{"embeddable":true,"href":"http:\/\/blogdalucianaoliveira.com.br\/blog\/wp-json\/wp\/v2\/comments?post=21075"}],"version-history":[{"count":1,"href":"http:\/\/blogdalucianaoliveira.com.br\/blog\/wp-json\/wp\/v2\/posts\/21075\/revisions"}],"predecessor-version":[{"id":21077,"href":"http:\/\/blogdalucianaoliveira.com.br\/blog\/wp-json\/wp\/v2\/posts\/21075\/revisions\/21077"}],"wp:attachment":[{"href":"http:\/\/blogdalucianaoliveira.com.br\/blog\/wp-json\/wp\/v2\/media?parent=21075"}],"wp:term":[{"taxonomy":"category","embeddable":true,"href":"http:\/\/blogdalucianaoliveira.com.br\/blog\/wp-json\/wp\/v2\/categories?post=21075"},{"taxonomy":"post_tag","embeddable":true,"href":"http:\/\/blogdalucianaoliveira.com.br\/blog\/wp-json\/wp\/v2\/tags?post=21075"}],"curies":[{"name":"wp","href":"https:\/\/api.w.org\/{rel}","templated":true}]}}